{"id":286535,"date":"2025-11-26T12:00:00","date_gmt":"2025-11-26T11:00:00","guid":{"rendered":"https:\/\/www.tucomarca.com\/wordpress\/segunda\/?p=286535"},"modified":"2025-11-26T19:52:13","modified_gmt":"2025-11-26T18:52:13","slug":"el-consell-autoritza-la-prorroga-del-conveni-amb-lajuntament-de-riba-roja-de-turia-per-a-finalitzar-el-centre-polivalent-cultural-del-municipi","status":"publish","type":"post","link":"https:\/\/www.tucomarca.com\/wordpress\/segunda\/ca\/el-consell-autoritza-la-prorroga-del-conveni-amb-lajuntament-de-riba-roja-de-turia-per-a-finalitzar-el-centre-polivalent-cultural-del-municipi\/","title":{"rendered":"El Consell autoritza la pr\u00f2rroga del conveni amb l&#8217;Ajuntament de Riba-roja de T\u00faria per a finalitzar el centre polivalent cultural del municipi"},"content":{"rendered":"\n<h3 class=\"wp-block-heading\">L&#8217;acord, que suposa un import de quasi tres milions d&#8217;euros, es prorroga fins al 31 de desembre de 2027.<\/h3>\n\n\n\n<h3 class=\"wp-block-heading\">L&#8217;objectiu del conveni \u00e9s concloure una infraestructura municipal distribu\u00efda en quatre plantes, en la qual est\u00e0 previst habilitar 14 aules de dansa i sales d&#8217;\u00fas polivalent, entre altres instal\u00b7lacions.<\/h3>\n\n\n\n<p>El Consell ha autoritzat la pr\u00f2rroga i modificaci\u00f3 del conveni subscrit entre la Generalitat i l&#8217;Ajuntament de Riba-roja de T\u00faria, per a la finalitzaci\u00f3 del centre polivalent cultural del municipi, que compta amb una aportaci\u00f3 de 2.956.000 euros.<\/p>\n\n\n\n<p>Es tracta d&#8217;una infraestructura municipal distribu\u00efda en quatre plantes amb una superf\u00edcie de 4.638 metres quadrats, en la qual est\u00e0 previst habilitar 14 aules de dansa, sales d&#8217;\u00fas polivalent, aules te\u00f2riques i altres serveis com una \u00e0rea d&#8217;administraci\u00f3, professorat i direcci\u00f3, vestuaris, a m\u00e9s d&#8217;altres instal\u00b7lacions.<\/p>\n\n\n\n<p>L&#8217;addenda del conveni, sol\u00b7licitada per la corporaci\u00f3 municipal, t\u00e9 per objecte prorrogar la vig\u00e8ncia del mateix per un termini de dos anys, \u00e9s a dir, fins al 31 de desembre de 2027, alhora que es modifica la distribuci\u00f3 de les anualitats.<\/p>\n\n\n\n<p>D&#8217;aquesta manera, el conveni subscrit contempla un import de quasi tres milions d&#8217;euros, que una vegada realitzat el reajustament de les anualitats es distribueix de la manera seg\u00fcent: 1.806.983,59 euros per a l&#8217;exercici 2026 i 1.149.016,41 euros per a 2027.<\/p>\n\n\n\n<p>Cal recordar que el 29 d&#8217;octubre de 2024, com altres municipis de la prov\u00edncia de Val\u00e8ncia, aquest municipi de la comarca de Camp de T\u00faria va patir greus inundacions a conseq\u00fc\u00e8ncia de la dana, situaci\u00f3 sobrevinguda que li va impedir destinar els recursos necessaris per a impulsar l&#8217;obra prevista i, per tant, complir l&#8217;objecte de l&#8217;acord.<\/p>\n\n\n\n<p>\u00c9s per aix\u00f2 que, sense que es produ\u00efsca cap modificaci\u00f3 en l&#8217;import total del conveni, se signa la pr\u00f2rroga i modificaci\u00f3 d&#8217;aquest.<\/p>\n\n\n\n<p>La inversi\u00f3 total d&#8217;aquest centre polivalent cultural ascendeix a 5,3 milions d&#8217;euros, dels quals la Generalitat aporta el 56% i la resta l&#8217;Ajuntament de Riba-roja de T\u00faria.<\/p>\n","protected":false},"excerpt":{"rendered":"<div class=\"mh-excerpt\">L&#8217;acord, que suposa un import de quasi tres milions d&#8217;euros, es prorroga fins al 31 de desembre de 2027. L&#8217;objectiu del conveni \u00e9s concloure una infraestructura municipal distribu\u00efda en quatre plantes, en la qual est\u00e0 <a class=\"mh-excerpt-more\" href=\"https:\/\/www.tucomarca.com\/wordpress\/segunda\/ca\/el-consell-autoritza-la-prorroga-del-conveni-amb-lajuntament-de-riba-roja-de-turia-per-a-finalitzar-el-centre-polivalent-cultural-del-municipi\/\" title=\"El Consell autoritza la pr\u00f2rroga del conveni amb l&#8217;Ajuntament de Riba-roja de T\u00faria per a finalitzar el centre polivalent cultural del municipi\">[+] <\/a><\/div>\n","protected":false},"author":12,"featured_media":136741,"comment_status":"open","ping_status":"open","sticky":false,"template":"","format":"standard","meta":{"footnotes":""},"categories":[10892,21466,10898,10948,10894,10904,10903,10947,10906,10896,10897],"tags":[23458,11498,15024],"class_list":{"0":"post-286535","1":"post","2":"type-post","3":"status-publish","4":"format-standard","5":"has-post-thumbnail","7":"category-camp-de-turia-ca","8":"category-dana-ca","9":"category-ventana-ca","10":"category-infraestructuras-ca","11":"category-la-comarca-ca","12":"category-sin-categorizar-ca","13":"category-medio-ambiente-la-comarca-ca","14":"category-politica","15":"category-riba-roja-ca","16":"category-seccion-ca","17":"category-sucesos-la-comarca-ca","18":"tag-centro-polivalente-municipal-ca","19":"tag-generalitat-valenciana-ca","20":"tag-riba-roja-de-turia-ca"},"_links":{"self":[{"href":"https:\/\/www.tucomarca.com\/wordpress\/segunda\/ca\/wp-json\/wp\/v2\/posts\/286535","targetHints":{"allow":["GET"]}}],"collection":[{"href":"https:\/\/www.tucomarca.com\/wordpress\/segunda\/ca\/wp-json\/wp\/v2\/posts"}],"about":[{"href":"https:\/\/www.tucomarca.com\/wordpress\/segunda\/ca\/wp-json\/wp\/v2\/types\/post"}],"author":[{"embeddable":true,"href":"https:\/\/www.tucomarca.com\/wordpress\/segunda\/ca\/wp-json\/wp\/v2\/users\/12"}],"replies":[{"embeddable":true,"href":"https:\/\/www.tucomarca.com\/wordpress\/segunda\/ca\/wp-json\/wp\/v2\/comments?post=286535"}],"version-history":[{"count":0,"href":"https:\/\/www.tucomarca.com\/wordpress\/segunda\/ca\/wp-json\/wp\/v2\/posts\/286535\/revisions"}],"wp:featuredmedia":[{"embeddable":true,"href":"https:\/\/www.tucomarca.com\/wordpress\/segunda\/ca\/wp-json\/wp\/v2\/media\/136741"}],"wp:attachment":[{"href":"https:\/\/www.tucomarca.com\/wordpress\/segunda\/ca\/wp-json\/wp\/v2\/media?parent=286535"}],"wp:term":[{"taxonomy":"category","embeddable":true,"href":"https:\/\/www.tucomarca.com\/wordpress\/segunda\/ca\/wp-json\/wp\/v2\/categories?post=286535"},{"taxonomy":"post_tag","embeddable":true,"href":"https:\/\/www.tucomarca.com\/wordpress\/segunda\/ca\/wp-json\/wp\/v2\/tags?post=286535"}],"curies":[{"name":"wp","href":"https:\/\/api.w.org\/{rel}","templated":true}]}}