{"id":286561,"date":"2025-11-26T09:05:00","date_gmt":"2025-11-26T08:05:00","guid":{"rendered":"https:\/\/www.tucomarca.com\/wordpress\/segunda\/?p=286561"},"modified":"2025-11-26T21:50:01","modified_gmt":"2025-11-26T20:50:01","slug":"la-diputacio-aprova-19-nous-projectes-del-pla-obert-a-la-ribera-amb-una-inversio-de-13-milions-deuros","status":"publish","type":"post","link":"https:\/\/www.tucomarca.com\/wordpress\/segunda\/ca\/la-diputacio-aprova-19-nous-projectes-del-pla-obert-a-la-ribera-amb-una-inversio-de-13-milions-deuros\/","title":{"rendered":"La Diputaci\u00f3 aprova 19 nous projectes del Pla Obert a la Ribera amb una inversi\u00f3 de 1,3 milions d&#8217;euros"},"content":{"rendered":"\n<h3 class=\"wp-block-heading\">La corporaci\u00f3 dona llum verda a 13 nous projectes en la mancomunitat i en huit municipis de la Ribera Alta, i a altres sis projectes sol\u00b7licitats per cinc localitats de la Ribera Baixa.<\/h3>\n\n\n\n<h3 class=\"wp-block-heading\">El pla quadriennal que coordina la vicepresidenta primera, Nat\u00e0lia Enguix, ja t\u00e9 en marxa o executades 732 iniciatives proposades pels ajuntaments de tota la prov\u00edncia.<\/h3>\n\n\n\n<p>La Diputaci\u00f3 de Val\u00e8ncia ha aprovat 19 nous projectes del Pla Obert a les comarques de la Ribera Alta i la Ribera Baixa en els seus dos \u00faltims decrets validats a mitjan novembre. La inversi\u00f3 que realitza la corporaci\u00f3 provincial per a finan\u00e7ar estos projectes ascendix a 1,3 milions d&#8217;euros.<\/p>\n\n\n\n<p>L&#8217;\u00e0rea de Cooperaci\u00f3 Municipal que dirigix la vicepresidenta primera Nat\u00e1lia Enguix, coordinadora del Pla Obert, ha donat llum verda a 11 noves actuacions corresponents a huit municipis de la Ribera Alta, a m\u00e9s d&#8217;altres dos per a la Mancomunitat, amb una inversi\u00f3 total de 970.000 euros. A la Ribera Baixa, s\u00f3n sis els projectes que es desenvoluparan en quatre localitats i en l&#8217;entitat local menor del Mareny de Barraquetes, el cost del qual est\u00e0 estimat en 320.000 euros.<\/p>\n\n\n\n<p>Entre els projectes aprovats a la comarca de la Ribera Alta, destaca la rehabilitaci\u00f3 integral del trinquet de Carlet, que ser\u00e0 finan\u00e7at amb 255.000 euros procedents de la Diputaci\u00f3. Per part seua, l&#8217;Ajuntament d&#8217;Alzira podr\u00e0 dur a terme la repavimentaci\u00f3 de diversos vials si \u00e9s el cas urb\u00e0, uns treballs que suposen una inversi\u00f3 de 200.000 euros. L&#8217;altre gran projecte \u00e9s el de les obres de millora i modernitzaci\u00f3 del centre de dia de Montserrat, amb un pressupost de 286.000 euros. Montserrat tamb\u00e9 adquirir\u00e0 unes canastres de b\u00e0squet per al seu poliesportiu dels Valletes.<\/p>\n\n\n\n<p>A m\u00e9s d&#8217;estes quatre actuacions, l&#8217;Ajuntament de Real ha vist aprovats tres projectes relacionats amb l&#8217;adquisici\u00f3 de mobiliari per a instal\u00b7lacions culturals i la compra d&#8217;un vehicle per a emerg\u00e8ncies. Finalment, Alberic escometr\u00e0 la reparaci\u00f3 de la carretera que connecta amb Massalav\u00e9s; Benimodo renovar\u00e0 la xarxa d&#8217;aigua potable en diverses dels seus carrers; Sumac\u00e1rcer implementar\u00e0 millores en el seu teatre auditori; i Carcaixent ampliar\u00e0 les dotacions del centre de servicis socials municipal. Les dos sol\u00b7licituds de la Mancomunitat de la Ribera Alta que han rebut llum verda estan relacionades amb el refor\u00e7 del servici de recollida d&#8217;animals.<\/p>\n\n\n\n<p>Quant a la Ribera Baixa, l&#8217;ajuntament d&#8217;Albalat de la Ribera adquirir\u00e0 un immoble per a destinar-lo a l&#8217;arxiu i altres servicis municipals. A m\u00e9s, s&#8217;han aprovat dos projectes per al Mareny de Barraquetes, que executar\u00e0 millores en el poliesportiu municipal i a la casa de la m\u00fasica. Per part seua, Poliny\u00e0 de X\u00faquer actuar\u00e0 sobre la zona de rec\u00e0rrega per a cotxes el\u00e8ctrics, mentres que Fortaleny renovar\u00e0 el pou i els dep\u00f2sits d&#8217;aigua municipals. Finalment, Riola escometr\u00e0 reformes en la llar del jubilat.<\/p>\n\n\n\n<p><strong>Nous decrets del Pla Obert&nbsp;<\/strong><\/p>\n\n\n\n<p>La Diputaci\u00f3 de Val\u00e8ncia ha aprovat 57 nous projectes del Pla Obert en dos decrets validats a mitjan novembre i que sumen una inversi\u00f3 de 7.680.507 euros en 12 comarques de la prov\u00edncia de Val\u00e8ncia. En total, el pla quadriennal ja t\u00e9 en marxa o executades 732 iniciatives proposades pels ajuntaments 22 i acumula una inversi\u00f3 de quasi la tercera part dels 350 milions dels quals consta.&nbsp;<\/p>\n\n\n\n<p>La vicepresidenta primera, Nat\u00e0lia Enguix, ha destacat en bon ritme del Pla Obert: \u201cEstem donant el vistiplau a moltes obres de renovaci\u00f3 del cicle de l&#8217;aigua, espais verds, instal\u00b7lacions esportives\u2026que estan transformant els nostres municipis\u201d. \u201cAnimem als alcaldes i alcaldesses a continuar presentant projectes perqu\u00e8 les obres han d&#8217;estar executades abans d&#8217;acabar 2027 per a poder ser finan\u00e7ades\u201d, ha explicat Enguix, qui ha insistit que \u201cl&#8217;objectiu de l&#8217;equip de govern \u00e9s executar \u00edntegrament el major programa inversor en la hist\u00f2ria de la Diputaci\u00f3, amb 350 milions d&#8217;euros\u201d.<\/p>\n\n\n\n<p>En la mateixa l\u00ednia, el president de la Diputaci\u00f3, Vicent Momp\u00f3, ha recalcat \u201cla flexibilitat d&#8217;este pla, que respecta l&#8217;autonomia dels municipis perqu\u00e8 puguen millorar la vida dels seus ve\u00efns i ve\u00efnes\u201d. \u201cEls pobles saben millor que ning\u00fa el que necessiten i aix\u00ed s&#8217;est\u00e0 evidenciant amb l&#8217;evoluci\u00f3 del pla, obert i sense terminis, que est\u00e0 demostrant que si es deixa treballar als municipis, al mateix temps que se&#8217;ls ajuda, es poden aconseguir moltes millores en diferents \u00e0mbits municipals\u201d, ha concl\u00f2s.<\/p>\n","protected":false},"excerpt":{"rendered":"<div class=\"mh-excerpt\">La corporaci\u00f3 dona llum verda a 13 nous projectes en la mancomunitat i en huit municipis de la Ribera Alta, i a altres sis projectes sol\u00b7licitats per cinc localitats de la Ribera Baixa. El pla <a class=\"mh-excerpt-more\" href=\"https:\/\/www.tucomarca.com\/wordpress\/segunda\/ca\/la-diputacio-aprova-19-nous-projectes-del-pla-obert-a-la-ribera-amb-una-inversio-de-13-milions-deuros\/\" title=\"La Diputaci\u00f3 aprova 19 nous projectes del Pla Obert a la Ribera amb una inversi\u00f3 de 1,3 milions d&#8217;euros\">[+] <\/a><\/div>\n","protected":false},"author":12,"featured_media":283824,"comment_status":"open","ping_status":"open","sticky":false,"template":"","format":"standard","meta":{"footnotes":""},"categories":[10889,10988,10990,10948,10894,10902,10999,11000,10947,11051,10896,11049],"tags":[11246,19988,11356],"class_list":{"0":"post-286561","1":"post","2":"type-post","3":"status-publish","4":"format-standard","5":"has-post-thumbnail","7":"category-alzira-cat","8":"category-benimodo-ca","9":"category-carlet-ca","10":"category-infraestructuras-ca","11":"category-la-comarca-ca","12":"category-la-ribera-ca","13":"category-masalaves-ca","14":"category-monserrat-ca","15":"category-politica","16":"category-real-de-montroi-ca","17":"category-seccion-ca","18":"category-sumacarcer-ca","19":"tag-diputacio-de-valencia-ca","20":"tag-pla-obert-dinversions-ca","21":"tag-ribera-alta-ca"},"_links":{"self":[{"href":"https:\/\/www.tucomarca.com\/wordpress\/segunda\/ca\/wp-json\/wp\/v2\/posts\/286561","targetHints":{"allow":["GET"]}}],"collection":[{"href":"https:\/\/www.tucomarca.com\/wordpress\/segunda\/ca\/wp-json\/wp\/v2\/posts"}],"about":[{"href":"https:\/\/www.tucomarca.com\/wordpress\/segunda\/ca\/wp-json\/wp\/v2\/types\/post"}],"author":[{"embeddable":true,"href":"https:\/\/www.tucomarca.com\/wordpress\/segunda\/ca\/wp-json\/wp\/v2\/users\/12"}],"replies":[{"embeddable":true,"href":"https:\/\/www.tucomarca.com\/wordpress\/segunda\/ca\/wp-json\/wp\/v2\/comments?post=286561"}],"version-history":[{"count":0,"href":"https:\/\/www.tucomarca.com\/wordpress\/segunda\/ca\/wp-json\/wp\/v2\/posts\/286561\/revisions"}],"wp:featuredmedia":[{"embeddable":true,"href":"https:\/\/www.tucomarca.com\/wordpress\/segunda\/ca\/wp-json\/wp\/v2\/media\/283824"}],"wp:attachment":[{"href":"https:\/\/www.tucomarca.com\/wordpress\/segunda\/ca\/wp-json\/wp\/v2\/media?parent=286561"}],"wp:term":[{"taxonomy":"category","embeddable":true,"href":"https:\/\/www.tucomarca.com\/wordpress\/segunda\/ca\/wp-json\/wp\/v2\/categories?post=286561"},{"taxonomy":"post_tag","embeddable":true,"href":"https:\/\/www.tucomarca.com\/wordpress\/segunda\/ca\/wp-json\/wp\/v2\/tags?post=286561"}],"curies":[{"name":"wp","href":"https:\/\/api.w.org\/{rel}","templated":true}]}}