{"id":286923,"date":"2025-12-02T10:15:00","date_gmt":"2025-12-02T09:15:00","guid":{"rendered":"https:\/\/www.tucomarca.com\/wordpress\/segunda\/?p=286923"},"modified":"2025-12-02T20:19:28","modified_gmt":"2025-12-02T19:19:28","slug":"el-cim-la-armonica-de-bunyol-celebra-un-emotiu-concert-de-santa-cecilia-y-dona-la-benvinguda-als-nous-musics","status":"publish","type":"post","link":"https:\/\/www.tucomarca.com\/wordpress\/segunda\/ca\/el-cim-la-armonica-de-bunyol-celebra-un-emotiu-concert-de-santa-cecilia-y-dona-la-benvinguda-als-nous-musics\/","title":{"rendered":"El CIM &#8220;La Arm\u00f3nica&#8221; de Bunyol celebra un emotiu Concert de Santa Cecilia y dona la benvinguda als nous m\u00fasics"},"content":{"rendered":"\n<p>El Centre Instructiu Musical &#8220;La Arm\u00f3nica&#8221; de Bu\u00f1ol va celebrar este dissabte el seu tradicional Concert de Santa Cec\u00edlia, una de les cites m\u00e9s destacades de l\u2019any per a la societat musical, que en esta edici\u00f3 va presentar el programa <em>Ra\u00edces y Mito<\/em>. L\u2019acte va estar marcat per l\u2019emoci\u00f3, especialment per la incorporaci\u00f3 dels nous m\u00fasics a la Banda Simf\u00f2nica, que des d\u2019este moment passen a formar part de la hist\u00f2ria de la instituci\u00f3.<\/p>\n\n\n\n<p>L\u2019entrada dels nous int\u00e8rprets, fruit d\u2019anys d\u2019esfor\u00e7, const\u00e0ncia i dedicaci\u00f3, va omplir d\u2019orgull el p\u00fablic i va emocionar les seues fam\u00edlies, que a partir d\u2019ara viuran cada assaig, cada concert i cada aplaudiment d\u2019una manera especial.<\/p>\n\n\n\n<p>La presentaci\u00f3 va comptar amb la pres\u00e8ncia de les Misses de &#8220;La Arm\u00f3nica&#8221;, Amparo Criado Villanueva, Miss Arm\u00f3nica, i Audrey Robledo Mart\u00ednez, Miss Arm\u00f3nica Infantil, acompanyades per Elena Villar Plaza, presidenta de m\u00fasics de la Banda Simf\u00f2nica; Jos\u00e9 Carrascosa Navarro, director de l\u2019escola; i Sa\u00fcl G\u00f3mez Soler, director titular de la banda.<\/p>\n\n\n\n<p>El concert va oferir un recorregut musical evocador i ple de car\u00e0cter, que va combinar tradici\u00f3, identitat i hist\u00f2ries universals. El p\u00fablic va gaudir de les obres: <em>Centenario de \u201cEl Litro\u201d<\/em> de Manuel Carrascosa; <em>Amorosa (Diez Melod\u00edas Vascas)<\/em> de Jes\u00fas Guridi i <em>Symphonie Ib\u00e9rique<\/em> de Serge Lancen.<\/p>\n\n\n\n<p>Segons va explicar el director, Sa\u00fcl G\u00f3mez Soler, \u201ces tracta d\u2019un programa cuidat, evocador i ple de car\u00e0cter, que uneix la tradici\u00f3 amb grans hist\u00f2ries universals\u201d.<br>La segona part va portar els assistents a l\u2019univers mitol\u00f2gic de <em>Gilgamesh \u2013 Symphony n\u00ba1<\/em>, del compositor Bert Appermont, una obra de gran for\u00e7a narrativa i pot\u00e8ncia sonora.<\/p>\n\n\n\n<p>La vetlada va concloure amb la interpretaci\u00f3 de l\u2019Himne Litrero, posant el fermall final a un concert carregat de tradici\u00f3, sensibilitat i excel\u00b7l\u00e8ncia musical.<\/p>\n\n\n\n<p><strong>Fotos: Jos\u00e9 L. Mont\u00f3n<\/strong><\/p>\n\n\n\n<figure class=\"wp-block-gallery has-nested-images columns-2 is-cropped wp-block-gallery-1 is-layout-flex wp-block-gallery-is-layout-flex\">\n<figure class=\"wp-block-image size-large\"><img loading=\"lazy\" decoding=\"async\" width=\"1024\" height=\"691\" data-id=\"286910\" src=\"https:\/\/www.tucomarca.com\/wordpress\/segunda\/wp-content\/uploads\/2025\/12\/LitroStaCeci14-1024x691.jpg\" alt=\"\" class=\"wp-image-286910\" srcset=\"https:\/\/www.tucomarca.com\/wordpress\/segunda\/wp-content\/uploads\/2025\/12\/LitroStaCeci14-1024x691.jpg 1024w, https:\/\/www.tucomarca.com\/wordpress\/segunda\/wp-content\/uploads\/2025\/12\/LitroStaCeci14-300x202.jpg 300w, https:\/\/www.tucomarca.com\/wordpress\/segunda\/wp-content\/uploads\/2025\/12\/LitroStaCeci14-768x518.jpg 768w, https:\/\/www.tucomarca.com\/wordpress\/segunda\/wp-content\/uploads\/2025\/12\/LitroStaCeci14.jpg 1181w\" sizes=\"auto, (max-width: 1024px) 100vw, 1024px\" \/><\/figure>\n\n\n\n<figure class=\"wp-block-image size-large\"><img loading=\"lazy\" decoding=\"async\" width=\"886\" height=\"590\" data-id=\"286904\" src=\"https:\/\/www.tucomarca.com\/wordpress\/segunda\/wp-content\/uploads\/2025\/12\/LitroStaCeci06.jpg\" alt=\"\" class=\"wp-image-286904\" srcset=\"https:\/\/www.tucomarca.com\/wordpress\/segunda\/wp-content\/uploads\/2025\/12\/LitroStaCeci06.jpg 886w, https:\/\/www.tucomarca.com\/wordpress\/segunda\/wp-content\/uploads\/2025\/12\/LitroStaCeci06-300x200.jpg 300w, https:\/\/www.tucomarca.com\/wordpress\/segunda\/wp-content\/uploads\/2025\/12\/LitroStaCeci06-768x511.jpg 768w\" sizes=\"auto, (max-width: 886px) 100vw, 886px\" \/><\/figure>\n\n\n\n<figure class=\"wp-block-image size-large\"><img loading=\"lazy\" decoding=\"async\" width=\"1024\" height=\"691\" data-id=\"286916\" src=\"https:\/\/www.tucomarca.com\/wordpress\/segunda\/wp-content\/uploads\/2025\/12\/LitroStaCeci13-1024x691.jpg\" alt=\"\" class=\"wp-image-286916\" srcset=\"https:\/\/www.tucomarca.com\/wordpress\/segunda\/wp-content\/uploads\/2025\/12\/LitroStaCeci13-1024x691.jpg 1024w, https:\/\/www.tucomarca.com\/wordpress\/segunda\/wp-content\/uploads\/2025\/12\/LitroStaCeci13-300x202.jpg 300w, https:\/\/www.tucomarca.com\/wordpress\/segunda\/wp-content\/uploads\/2025\/12\/LitroStaCeci13-768x518.jpg 768w, https:\/\/www.tucomarca.com\/wordpress\/segunda\/wp-content\/uploads\/2025\/12\/LitroStaCeci13.jpg 1181w\" sizes=\"auto, (max-width: 1024px) 100vw, 1024px\" \/><\/figure>\n\n\n\n<figure class=\"wp-block-image size-large\"><img loading=\"lazy\" decoding=\"async\" width=\"1024\" height=\"691\" data-id=\"286908\" src=\"https:\/\/www.tucomarca.com\/wordpress\/segunda\/wp-content\/uploads\/2025\/12\/LitroStaCeci12-1024x691.jpg\" alt=\"\" class=\"wp-image-286908\" srcset=\"https:\/\/www.tucomarca.com\/wordpress\/segunda\/wp-content\/uploads\/2025\/12\/LitroStaCeci12-1024x691.jpg 1024w, https:\/\/www.tucomarca.com\/wordpress\/segunda\/wp-content\/uploads\/2025\/12\/LitroStaCeci12-300x202.jpg 300w, https:\/\/www.tucomarca.com\/wordpress\/segunda\/wp-content\/uploads\/2025\/12\/LitroStaCeci12-768x518.jpg 768w, https:\/\/www.tucomarca.com\/wordpress\/segunda\/wp-content\/uploads\/2025\/12\/LitroStaCeci12.jpg 1181w\" sizes=\"auto, (max-width: 1024px) 100vw, 1024px\" \/><\/figure>\n\n\n\n<figure class=\"wp-block-image size-large\"><img loading=\"lazy\" decoding=\"async\" width=\"1024\" height=\"691\" data-id=\"286906\" src=\"https:\/\/www.tucomarca.com\/wordpress\/segunda\/wp-content\/uploads\/2025\/12\/LitroStaCeci10-1024x691.jpg\" alt=\"\" class=\"wp-image-286906\" srcset=\"https:\/\/www.tucomarca.com\/wordpress\/segunda\/wp-content\/uploads\/2025\/12\/LitroStaCeci10-1024x691.jpg 1024w, https:\/\/www.tucomarca.com\/wordpress\/segunda\/wp-content\/uploads\/2025\/12\/LitroStaCeci10-300x202.jpg 300w, https:\/\/www.tucomarca.com\/wordpress\/segunda\/wp-content\/uploads\/2025\/12\/LitroStaCeci10-768x518.jpg 768w, https:\/\/www.tucomarca.com\/wordpress\/segunda\/wp-content\/uploads\/2025\/12\/LitroStaCeci10.jpg 1181w\" sizes=\"auto, (max-width: 1024px) 100vw, 1024px\" \/><\/figure>\n\n\n\n<figure class=\"wp-block-image size-large\"><img loading=\"lazy\" decoding=\"async\" width=\"1024\" height=\"691\" data-id=\"286895\" src=\"https:\/\/www.tucomarca.com\/wordpress\/segunda\/wp-content\/uploads\/2025\/12\/LitroStaCeci09-1024x691.jpg\" alt=\"\" class=\"wp-image-286895\" srcset=\"https:\/\/www.tucomarca.com\/wordpress\/segunda\/wp-content\/uploads\/2025\/12\/LitroStaCeci09-1024x691.jpg 1024w, https:\/\/www.tucomarca.com\/wordpress\/segunda\/wp-content\/uploads\/2025\/12\/LitroStaCeci09-300x202.jpg 300w, https:\/\/www.tucomarca.com\/wordpress\/segunda\/wp-content\/uploads\/2025\/12\/LitroStaCeci09-768x518.jpg 768w, https:\/\/www.tucomarca.com\/wordpress\/segunda\/wp-content\/uploads\/2025\/12\/LitroStaCeci09.jpg 1181w\" sizes=\"auto, (max-width: 1024px) 100vw, 1024px\" \/><\/figure>\n\n\n\n<figure class=\"wp-block-image size-large\"><img loading=\"lazy\" decoding=\"async\" width=\"682\" height=\"1024\" data-id=\"286902\" src=\"https:\/\/www.tucomarca.com\/wordpress\/segunda\/wp-content\/uploads\/2025\/12\/LitroStaCeci05-682x1024.jpg\" alt=\"\" class=\"wp-image-286902\" srcset=\"https:\/\/www.tucomarca.com\/wordpress\/segunda\/wp-content\/uploads\/2025\/12\/LitroStaCeci05-682x1024.jpg 682w, https:\/\/www.tucomarca.com\/wordpress\/segunda\/wp-content\/uploads\/2025\/12\/LitroStaCeci05-200x300.jpg 200w, https:\/\/www.tucomarca.com\/wordpress\/segunda\/wp-content\/uploads\/2025\/12\/LitroStaCeci05-768x1153.jpg 768w, https:\/\/www.tucomarca.com\/wordpress\/segunda\/wp-content\/uploads\/2025\/12\/LitroStaCeci05.jpg 886w\" sizes=\"auto, (max-width: 682px) 100vw, 682px\" \/><\/figure>\n\n\n\n<figure class=\"wp-block-image size-large\"><img loading=\"lazy\" decoding=\"async\" width=\"682\" height=\"1024\" data-id=\"286900\" src=\"https:\/\/www.tucomarca.com\/wordpress\/segunda\/wp-content\/uploads\/2025\/12\/LitroStaCeci04-682x1024.jpg\" alt=\"\" class=\"wp-image-286900\" srcset=\"https:\/\/www.tucomarca.com\/wordpress\/segunda\/wp-content\/uploads\/2025\/12\/LitroStaCeci04-682x1024.jpg 682w, https:\/\/www.tucomarca.com\/wordpress\/segunda\/wp-content\/uploads\/2025\/12\/LitroStaCeci04-200x300.jpg 200w, https:\/\/www.tucomarca.com\/wordpress\/segunda\/wp-content\/uploads\/2025\/12\/LitroStaCeci04-768x1153.jpg 768w, https:\/\/www.tucomarca.com\/wordpress\/segunda\/wp-content\/uploads\/2025\/12\/LitroStaCeci04.jpg 886w\" sizes=\"auto, (max-width: 682px) 100vw, 682px\" \/><\/figure>\n\n\n\n<figure class=\"wp-block-image size-large\"><img loading=\"lazy\" decoding=\"async\" width=\"1024\" height=\"691\" data-id=\"286913\" src=\"https:\/\/www.tucomarca.com\/wordpress\/segunda\/wp-content\/uploads\/2025\/12\/LitroStaCeci02-1024x691.jpg\" alt=\"\" class=\"wp-image-286913\" srcset=\"https:\/\/www.tucomarca.com\/wordpress\/segunda\/wp-content\/uploads\/2025\/12\/LitroStaCeci02-1024x691.jpg 1024w, https:\/\/www.tucomarca.com\/wordpress\/segunda\/wp-content\/uploads\/2025\/12\/LitroStaCeci02-300x202.jpg 300w, https:\/\/www.tucomarca.com\/wordpress\/segunda\/wp-content\/uploads\/2025\/12\/LitroStaCeci02-768x518.jpg 768w, https:\/\/www.tucomarca.com\/wordpress\/segunda\/wp-content\/uploads\/2025\/12\/LitroStaCeci02.jpg 1181w\" sizes=\"auto, (max-width: 1024px) 100vw, 1024px\" \/><\/figure>\n<\/figure>\n","protected":false},"excerpt":{"rendered":"<div class=\"mh-excerpt\">El Centre Instructiu Musical &#8220;La Arm\u00f3nica&#8221; de Bu\u00f1ol va celebrar este dissabte el seu tradicional Concert de Santa Cec\u00edlia, una de les cites m\u00e9s destacades de l\u2019any per a la societat musical, que en esta <a class=\"mh-excerpt-more\" href=\"https:\/\/www.tucomarca.com\/wordpress\/segunda\/ca\/el-cim-la-armonica-de-bunyol-celebra-un-emotiu-concert-de-santa-cecilia-y-dona-la-benvinguda-als-nous-musics\/\" title=\"El CIM &#8220;La Arm\u00f3nica&#8221; de Bunyol celebra un emotiu Concert de Santa Cecilia y dona la benvinguda als nous m\u00fasics\">[+] <\/a><\/div>\n","protected":false},"author":12,"featured_media":286921,"comment_status":"open","ping_status":"open","sticky":false,"template":"","format":"gallery","meta":{"footnotes":""},"categories":[10911,11005,10894,10912,11004,11007,10896],"tags":[10913,11209,10914,13054],"class_list":{"0":"post-286923","1":"post","2":"type-post","3":"status-publish","4":"format-gallery","5":"has-post-thumbnail","7":"category-bunol-ca","8":"category-canal-musica","9":"category-la-comarca-ca","10":"category-la-hoya-ca","11":"category-la-semana-en-imagenes-ca","12":"category-ocio-y-cultura-ca","13":"category-seccion-ca","14":"tag-bunol-ca","15":"tag-cim-la-armonica-de-bunol-ca","16":"tag-la-hoya-de-bunol-chiva-ca","17":"tag-santa-cecilia-ca","18":"post_format-post-format-gallery"},"_links":{"self":[{"href":"https:\/\/www.tucomarca.com\/wordpress\/segunda\/ca\/wp-json\/wp\/v2\/posts\/286923","targetHints":{"allow":["GET"]}}],"collection":[{"href":"https:\/\/www.tucomarca.com\/wordpress\/segunda\/ca\/wp-json\/wp\/v2\/posts"}],"about":[{"href":"https:\/\/www.tucomarca.com\/wordpress\/segunda\/ca\/wp-json\/wp\/v2\/types\/post"}],"author":[{"embeddable":true,"href":"https:\/\/www.tucomarca.com\/wordpress\/segunda\/ca\/wp-json\/wp\/v2\/users\/12"}],"replies":[{"embeddable":true,"href":"https:\/\/www.tucomarca.com\/wordpress\/segunda\/ca\/wp-json\/wp\/v2\/comments?post=286923"}],"version-history":[{"count":0,"href":"https:\/\/www.tucomarca.com\/wordpress\/segunda\/ca\/wp-json\/wp\/v2\/posts\/286923\/revisions"}],"wp:featuredmedia":[{"embeddable":true,"href":"https:\/\/www.tucomarca.com\/wordpress\/segunda\/ca\/wp-json\/wp\/v2\/media\/286921"}],"wp:attachment":[{"href":"https:\/\/www.tucomarca.com\/wordpress\/segunda\/ca\/wp-json\/wp\/v2\/media?parent=286923"}],"wp:term":[{"taxonomy":"category","embeddable":true,"href":"https:\/\/www.tucomarca.com\/wordpress\/segunda\/ca\/wp-json\/wp\/v2\/categories?post=286923"},{"taxonomy":"post_tag","embeddable":true,"href":"https:\/\/www.tucomarca.com\/wordpress\/segunda\/ca\/wp-json\/wp\/v2\/tags?post=286923"}],"curies":[{"name":"wp","href":"https:\/\/api.w.org\/{rel}","templated":true}]}}