{"id":287007,"date":"2025-12-02T10:00:00","date_gmt":"2025-12-02T09:00:00","guid":{"rendered":"https:\/\/www.tucomarca.com\/wordpress\/segunda\/?p=287007"},"modified":"2025-12-02T20:13:44","modified_gmt":"2025-12-02T19:13:44","slug":"la-fsmcv-reconeix-la-trajectoria-musical-del-sieteaguense-demetrio-sanchez-garcia-amb-el-premi-euterpe-angel-asuncion-2025","status":"publish","type":"post","link":"https:\/\/www.tucomarca.com\/wordpress\/segunda\/ca\/la-fsmcv-reconeix-la-trajectoria-musical-del-sieteaguense-demetrio-sanchez-garcia-amb-el-premi-euterpe-angel-asuncion-2025\/","title":{"rendered":"La FSMCV reconeix la traject\u00f2ria musical del sieteag\u00fcense Demetrio S\u00e1nchez Garc\u00eda amb el Premi Euterpe-\u00c1ngel Asunci\u00f3n 2025"},"content":{"rendered":"\n<p>La Federaci\u00f3 de Societats Musicals de la Comunitat Valenciana (FSMCV) ha atorgat el prestigi\u00f3s <strong>Premi Euterpe \u2013 \u00c1ngel Asunci\u00f3n 2025<\/strong> a <strong>Demetrio S\u00e1nchez Garc\u00eda<\/strong>, m\u00fasic de la <strong>Societat Musical \u201cLa Paz\u201d de Siete Aguas<\/strong>, en reconeixement a la seua llarga i destacada traject\u00f2ria dins del m\u00f3n band\u00edstic valenci\u00e0.<\/p>\n\n\n\n<p>El guard\u00f3 va ser lliurat dijous passat en un acte celebrat al <strong>Palau de la M\u00fasica de Val\u00e8ncia<\/strong>, on es va posar en valor la dedicaci\u00f3, const\u00e0ncia i comprom\u00eds que S\u00e1nchez Garc\u00eda ha demostrat durant d\u00e8cades com a integrant de l\u2019hist\u00f2rica formaci\u00f3 musical de la seua localitat.<\/p>\n\n\n\n<p>Des de l\u2019<strong>Ajuntament de Siete Aguas<\/strong> han volgut felicitar p\u00fablicament l\u2019homenatjat i destacar l\u2019orgull que suposa este reconeixement per al municipi. En un missatge institucional, el consistori va subratllar:<\/p>\n\n\n\n<blockquote class=\"wp-block-quote is-layout-flow wp-block-quote-is-layout-flow\">\n<p><em>\u201cDemetrio, el teu cor batega al ritme de la m\u00fasica i la teua dedicaci\u00f3 \u00e9s un regal per a la Societat Musical La Paz de Siete Aguas. Este Premi Euterpe \u2013 \u00c1ngel Asunci\u00f3n \u00e9s un merescut reconeixement a la teua incansable labor i passi\u00f3 per la m\u00fasica valenciana. Eres un exemple de comprom\u00eds i entrega! Que la teua m\u00fasica continue inspirant generacions futures.\u201d<\/em><\/p>\n<\/blockquote>\n\n\n\n<p>El Premi Euterpe \u2013 \u00c1ngel Asunci\u00f3n es concedeix cada any a persones que han dedicat la seua vida a la m\u00fasica i a l\u2019activitat band\u00edstica, sent un dels reconeixements m\u00e9s importants dins del panorama musical valenci\u00e0.<\/p>\n\n\n\n<p>Amb este guard\u00f3, la FSMCV posa en valor la figura de Demetrio S\u00e1nchez Garc\u00eda, un m\u00fasic la dedicaci\u00f3 del qual ha deixat petjada tant en la seua societat musical com en la vida cultural de Siete Aguas.<\/p>\n\n\n\n<figure class=\"wp-block-gallery has-nested-images columns-default is-cropped wp-block-gallery-1 is-layout-flex wp-block-gallery-is-layout-flex\">\n<figure class=\"wp-block-image size-large\"><img loading=\"lazy\" decoding=\"async\" width=\"1024\" height=\"1024\" data-id=\"287002\" src=\"https:\/\/www.tucomarca.com\/wordpress\/segunda\/wp-content\/uploads\/2025\/12\/DemetrioLaPazEuterpe2-1024x1024.jpg\" alt=\"\" class=\"wp-image-287002\" srcset=\"https:\/\/www.tucomarca.com\/wordpress\/segunda\/wp-content\/uploads\/2025\/12\/DemetrioLaPazEuterpe2-1024x1024.jpg 1024w, https:\/\/www.tucomarca.com\/wordpress\/segunda\/wp-content\/uploads\/2025\/12\/DemetrioLaPazEuterpe2-300x300.jpg 300w, https:\/\/www.tucomarca.com\/wordpress\/segunda\/wp-content\/uploads\/2025\/12\/DemetrioLaPazEuterpe2-290x290.jpg 290w, https:\/\/www.tucomarca.com\/wordpress\/segunda\/wp-content\/uploads\/2025\/12\/DemetrioLaPazEuterpe2-768x768.jpg 768w, https:\/\/www.tucomarca.com\/wordpress\/segunda\/wp-content\/uploads\/2025\/12\/DemetrioLaPazEuterpe2.jpg 1500w\" sizes=\"auto, (max-width: 1024px) 100vw, 1024px\" \/><\/figure>\n\n\n\n<figure class=\"wp-block-image size-large\"><img loading=\"lazy\" decoding=\"async\" width=\"1024\" height=\"1024\" data-id=\"287004\" src=\"https:\/\/www.tucomarca.com\/wordpress\/segunda\/wp-content\/uploads\/2025\/12\/DemetrioLaPazEuterpe3-1024x1024.jpg\" alt=\"\" class=\"wp-image-287004\" srcset=\"https:\/\/www.tucomarca.com\/wordpress\/segunda\/wp-content\/uploads\/2025\/12\/DemetrioLaPazEuterpe3-1024x1024.jpg 1024w, https:\/\/www.tucomarca.com\/wordpress\/segunda\/wp-content\/uploads\/2025\/12\/DemetrioLaPazEuterpe3-300x300.jpg 300w, https:\/\/www.tucomarca.com\/wordpress\/segunda\/wp-content\/uploads\/2025\/12\/DemetrioLaPazEuterpe3-290x290.jpg 290w, https:\/\/www.tucomarca.com\/wordpress\/segunda\/wp-content\/uploads\/2025\/12\/DemetrioLaPazEuterpe3-768x768.jpg 768w, https:\/\/www.tucomarca.com\/wordpress\/segunda\/wp-content\/uploads\/2025\/12\/DemetrioLaPazEuterpe3.jpg 1500w\" sizes=\"auto, (max-width: 1024px) 100vw, 1024px\" \/><\/figure>\n<\/figure>\n","protected":false},"excerpt":{"rendered":"<div class=\"mh-excerpt\">La Federaci\u00f3 de Societats Musicals de la Comunitat Valenciana (FSMCV) ha atorgat el prestigi\u00f3s Premi Euterpe \u2013 \u00c1ngel Asunci\u00f3n 2025 a Demetrio S\u00e1nchez Garc\u00eda, m\u00fasic de la Societat Musical \u201cLa Paz\u201d de Siete Aguas, en <a class=\"mh-excerpt-more\" href=\"https:\/\/www.tucomarca.com\/wordpress\/segunda\/ca\/la-fsmcv-reconeix-la-trajectoria-musical-del-sieteaguense-demetrio-sanchez-garcia-amb-el-premi-euterpe-angel-asuncion-2025\/\" title=\"La FSMCV reconeix la traject\u00f2ria musical del sieteag\u00fcense Demetrio S\u00e1nchez Garc\u00eda amb el Premi Euterpe-\u00c1ngel Asunci\u00f3n 2025\">[+] <\/a><\/div>\n","protected":false},"author":12,"featured_media":287001,"comment_status":"open","ping_status":"open","sticky":false,"template":"","format":"gallery","meta":{"footnotes":""},"categories":[11005,10894,10912,11007,10896,10979],"tags":[23495,10914,11157,20470],"class_list":{"0":"post-287007","1":"post","2":"type-post","3":"status-publish","4":"format-gallery","5":"has-post-thumbnail","7":"category-canal-musica","8":"category-la-comarca-ca","9":"category-la-hoya-ca","10":"category-ocio-y-cultura-ca","11":"category-seccion-ca","12":"category-siete-aguas-ca","13":"tag-demetrio-sanchez-garcia-ca","14":"tag-la-hoya-de-bunol-chiva-ca","15":"tag-siete-aguas-ca","16":"tag-sm-la-paz-de-siete-aguas-ca","17":"post_format-post-format-gallery"},"_links":{"self":[{"href":"https:\/\/www.tucomarca.com\/wordpress\/segunda\/ca\/wp-json\/wp\/v2\/posts\/287007","targetHints":{"allow":["GET"]}}],"collection":[{"href":"https:\/\/www.tucomarca.com\/wordpress\/segunda\/ca\/wp-json\/wp\/v2\/posts"}],"about":[{"href":"https:\/\/www.tucomarca.com\/wordpress\/segunda\/ca\/wp-json\/wp\/v2\/types\/post"}],"author":[{"embeddable":true,"href":"https:\/\/www.tucomarca.com\/wordpress\/segunda\/ca\/wp-json\/wp\/v2\/users\/12"}],"replies":[{"embeddable":true,"href":"https:\/\/www.tucomarca.com\/wordpress\/segunda\/ca\/wp-json\/wp\/v2\/comments?post=287007"}],"version-history":[{"count":0,"href":"https:\/\/www.tucomarca.com\/wordpress\/segunda\/ca\/wp-json\/wp\/v2\/posts\/287007\/revisions"}],"wp:featuredmedia":[{"embeddable":true,"href":"https:\/\/www.tucomarca.com\/wordpress\/segunda\/ca\/wp-json\/wp\/v2\/media\/287001"}],"wp:attachment":[{"href":"https:\/\/www.tucomarca.com\/wordpress\/segunda\/ca\/wp-json\/wp\/v2\/media?parent=287007"}],"wp:term":[{"taxonomy":"category","embeddable":true,"href":"https:\/\/www.tucomarca.com\/wordpress\/segunda\/ca\/wp-json\/wp\/v2\/categories?post=287007"},{"taxonomy":"post_tag","embeddable":true,"href":"https:\/\/www.tucomarca.com\/wordpress\/segunda\/ca\/wp-json\/wp\/v2\/tags?post=287007"}],"curies":[{"name":"wp","href":"https:\/\/api.w.org\/{rel}","templated":true}]}}