{"id":287112,"date":"2025-12-03T10:00:00","date_gmt":"2025-12-03T09:00:00","guid":{"rendered":"https:\/\/www.tucomarca.com\/wordpress\/segunda\/?p=287112"},"modified":"2025-12-03T19:35:36","modified_gmt":"2025-12-03T18:35:36","slug":"sanitat-incorpora-atencio-pediatrica-en-el-consultori-auxiliar-de-loriguilla","status":"publish","type":"post","link":"https:\/\/www.tucomarca.com\/wordpress\/segunda\/ca\/sanitat-incorpora-atencio-pediatrica-en-el-consultori-auxiliar-de-loriguilla\/","title":{"rendered":"Sanitat incorpora atenci\u00f3 pedi\u00e0trica en el Consultori Auxiliar de Loriguilla"},"content":{"rendered":"\n<h3 class=\"wp-block-heading\">La mesura, que dona resposta a una reivindicaci\u00f3 hist\u00f2rica del municipi, refor\u00e7a l&#8217;accessibilitat i la continu\u00eftat assistencial de tots els xiquets i xiquetes de la localitat.<\/h3>\n\n\n\n<p>El Consultori Auxiliar de Loriguilla comptar\u00e0 amb un pediatre de manera estable a partir del pr\u00f2xim mes de gener, una incorporaci\u00f3 que dona resposta a una reivindicaci\u00f3 hist\u00f2rica del municipi i les fam\u00edlies durant m\u00e9s de huit anys sense aquest servei. La mesura \u00e9s un avan\u00e7 significatiu que refor\u00e7a l&#8217;atenci\u00f3 pedi\u00e0trica i contribueix a garantir l&#8217;accessibilitat i la continu\u00eftat assistencial en la localitat.<\/p>\n\n\n\n<p>L&#8217;arribada del nou especialista en Pediatria ampliar\u00e0 la cartera assistencial del consultori, reduint despla\u00e7aments innecessaris i refor\u00e7ant el seguiment cl\u00ednic dels menors.<\/p>\n\n\n\n<p>Aquest avan\u00e7 s&#8217;emmarca en el comprom\u00eds de Sanitat per enfortir l&#8217;atenci\u00f3 prim\u00e0ria i ajustar els recursos a les necessitats reals de cada poblaci\u00f3.<\/p>\n\n\n\n<p>Referent a aix\u00f2, la direcci\u00f3 d&#8217;Atenci\u00f3 Prim\u00e0ria del Departament de Salut de Manises, M\u00aa Carmen Valdivieso destaca que la mesura &#8220;respon a una necessitat sostinguda durant anys; a m\u00e9s de ser un pas decisiu per a oferir una atenci\u00f3 m\u00e9s equitativa i pr\u00f2xima a les fam\u00edlies del municipi&#8221;.<br>Amb aquesta actuaci\u00f3, el Departament de Salut de Manises reafirma la seua voluntat de mantindre un model assistencial pr\u00f2xim, participatiu i ajustat a la realitat de cada territori, en l\u00ednia amb els valors del pla estrat\u00e8gic departamental.<\/p>\n\n\n\n<p>Actualment, l&#8217;Hospital Universitari de Manises \u00e9s part del Departament de Salut de Manises que dona cobertura i assist\u00e8ncia sanit\u00e0ria, tant ambulat\u00f2ria com domicili\u00e0ria a m\u00e9s de 216.000 persones de 14 localitats a trav\u00e9s del propi hospital de Manises, 9 centres de salut, 11 consultoris auxiliars, 2 centres d&#8217;especialitats, 1 centre de salut integrat, l&#8217;Hospital d&#8217;Aguts de Manises i l&#8217;Hospital de Cr\u00f2nics de Mislata.<\/p>\n","protected":false},"excerpt":{"rendered":"<div class=\"mh-excerpt\">La mesura, que dona resposta a una reivindicaci\u00f3 hist\u00f2rica del municipi, refor\u00e7a l&#8217;accessibilitat i la continu\u00eftat assistencial de tots els xiquets i xiquetes de la localitat. El Consultori Auxiliar de Loriguilla comptar\u00e0 amb un pediatre <a class=\"mh-excerpt-more\" href=\"https:\/\/www.tucomarca.com\/wordpress\/segunda\/ca\/sanitat-incorpora-atencio-pediatrica-en-el-consultori-auxiliar-de-loriguilla\/\" title=\"Sanitat incorpora atenci\u00f3 pedi\u00e0trica en el Consultori Auxiliar de Loriguilla\">[+] <\/a><\/div>\n","protected":false},"author":12,"featured_media":287111,"comment_status":"open","ping_status":"open","sticky":false,"template":"","format":"standard","meta":{"footnotes":""},"categories":[10892,11010,10898,10948,10894,10931,10947,10896],"tags":[10899,12221,11431],"class_list":{"0":"post-287112","1":"post","2":"type-post","3":"status-publish","4":"format-standard","5":"has-post-thumbnail","7":"category-camp-de-turia-ca","8":"category-canal-salud","9":"category-ventana-ca","10":"category-infraestructuras-ca","11":"category-la-comarca-ca","12":"category-loriguilla-ca","13":"category-politica","14":"category-seccion-ca","15":"tag-camp-de-turia-ca","16":"tag-departamento-de-salud-de-manises-ca","17":"tag-loriguilla-ca"},"_links":{"self":[{"href":"https:\/\/www.tucomarca.com\/wordpress\/segunda\/ca\/wp-json\/wp\/v2\/posts\/287112","targetHints":{"allow":["GET"]}}],"collection":[{"href":"https:\/\/www.tucomarca.com\/wordpress\/segunda\/ca\/wp-json\/wp\/v2\/posts"}],"about":[{"href":"https:\/\/www.tucomarca.com\/wordpress\/segunda\/ca\/wp-json\/wp\/v2\/types\/post"}],"author":[{"embeddable":true,"href":"https:\/\/www.tucomarca.com\/wordpress\/segunda\/ca\/wp-json\/wp\/v2\/users\/12"}],"replies":[{"embeddable":true,"href":"https:\/\/www.tucomarca.com\/wordpress\/segunda\/ca\/wp-json\/wp\/v2\/comments?post=287112"}],"version-history":[{"count":0,"href":"https:\/\/www.tucomarca.com\/wordpress\/segunda\/ca\/wp-json\/wp\/v2\/posts\/287112\/revisions"}],"wp:featuredmedia":[{"embeddable":true,"href":"https:\/\/www.tucomarca.com\/wordpress\/segunda\/ca\/wp-json\/wp\/v2\/media\/287111"}],"wp:attachment":[{"href":"https:\/\/www.tucomarca.com\/wordpress\/segunda\/ca\/wp-json\/wp\/v2\/media?parent=287112"}],"wp:term":[{"taxonomy":"category","embeddable":true,"href":"https:\/\/www.tucomarca.com\/wordpress\/segunda\/ca\/wp-json\/wp\/v2\/categories?post=287112"},{"taxonomy":"post_tag","embeddable":true,"href":"https:\/\/www.tucomarca.com\/wordpress\/segunda\/ca\/wp-json\/wp\/v2\/tags?post=287112"}],"curies":[{"name":"wp","href":"https:\/\/api.w.org\/{rel}","templated":true}]}}