{"id":287151,"date":"2025-12-04T12:00:00","date_gmt":"2025-12-04T11:00:00","guid":{"rendered":"https:\/\/www.tucomarca.com\/wordpress\/segunda\/?p=287151"},"modified":"2025-12-04T22:24:40","modified_gmt":"2025-12-04T21:24:40","slug":"benaguasil-es-prepara-per-a-viure-la-magia-de-nadal","status":"publish","type":"post","link":"https:\/\/www.tucomarca.com\/wordpress\/segunda\/ca\/benaguasil-es-prepara-per-a-viure-la-magia-de-nadal\/","title":{"rendered":"Benaguasil es prepara per a viure la m\u00e0gia de Nadal"},"content":{"rendered":"\n<h3 class=\"wp-block-heading\">Aquesta vesprada arrancar\u00e0 la programaci\u00f3 nadalenca amb l&#8217;encesa de l&#8217;arbre del Santuari de Montiel.<\/h3>\n\n\n\n<p>Benaguasil ultima els detalls per a submergir-se en l&#8217;ambient nadalenc amb una \u00e0mplia programaci\u00f3 organitzada per l&#8217;Ajuntament, pensada per a totes les edats i que combinar\u00e0 tradici\u00f3, m\u00fasica, esport i activitats a l&#8217;aire lliure.<br>Ser\u00e0 aquesta vesprada quan de comen\u00e7ament oficialment Nadal en el municipi amb l&#8217;encesa de l&#8217;arbre del Santuari de Montiel, un acte que marcar\u00e0 l&#8217;inici de diverses setmanes de propostes festives i l&#8217;encesa de les quals ser\u00e0 a c\u00e0rrec de les persones amb discapacitat.<br>El 5 de desembre l&#8217;Avinguda s&#8217;il\u00b7luminar\u00e0 amb l&#8217;esperat enc\u00e9s de les llums de Nadal, un esdeveniment que comptar\u00e0 amb la participaci\u00f3 dels J\u00faniors, els qui amenitzaran la vesprada cantant nadales. La celebraci\u00f3 inclour\u00e0 a m\u00e9s l&#8217;actuaci\u00f3 de la cantant Mariam Escrich, que posar\u00e0 el toc musical a una de les nits m\u00e9s especials del municipi.<br>Entre altres activitats destaquen la jornada eq\u00fcestre nadalenca el dia 13 de desembre, el contacontes especial de Nadal a la Biblioteca Municipal el dia 17, i els tallers nadalencs els dies 18 i 22 tamb\u00e9 a la Biblioteca.<br>La programaci\u00f3 continuar\u00e0 els dies 20 i 21 de desembre amb Nadal al carrer, un mercat nadalenc amb diferents llocs locals que animar\u00e0 l&#8217;Avinguda de Montiel. El dia 23 de desembre, els m\u00e9s xicotets podran entregar les seues cartes a Pap\u00e0 Noel tamb\u00e9 en l&#8217;Avinguda, un dels moments m\u00e9s entranyables per a les fam\u00edlies.<br>L&#8217;esperit solidari arribar\u00e0 el 28 de desembre amb la tradicional carrera Sant Silvestre, que unir\u00e0 esport i solidaritat en una jornada festiva per a tots els ve\u00efns.<br>A m\u00e9s, els dies 23, 24, 26, 29 i 30 de desembre, aix\u00ed com el 2 de gener, se celebrar\u00e0 el Campus de Nadal, pensat per a oferir activitats educatives i d&#8217;oci als m\u00e9s joves durant les vacances.<br>La diversi\u00f3 es completar\u00e0 amb la fira d&#8217;atraccions nadalenques, que estar\u00e0 instal\u00b7lada en l&#8217;Avinguda del 24 al 28 de desembre, convertint-se en un punt de trobada per a fam\u00edlies i visitants.<br>El dia 31 de desembre tindr\u00e0 lloc en la Pla\u00e7a la festa per a acomiadar l&#8217;any, Tardevieja, a partir de les 18h per als xiquets i Nit de cap d&#8217;any a partir de les 00h per als adults.<br>El lliurament de cartes als patges de Ses Majestats d&#8217;Orient els dies 3 i 4 de gener i l&#8217;esperada Cavalcada el dia 5 de gener posaran el punt final a les celebracions festives.<br>Amb aquesta programaci\u00f3, Benaguasil es prepara per a viure unes festes plenes de llum, il\u00b7lusi\u00f3 i conviv\u00e8ncia.<\/p>\n\n\n<div class=\"wp-block-image\">\n<figure class=\"alignleft size-large is-resized\"><img loading=\"lazy\" decoding=\"async\" width=\"732\" height=\"1024\" src=\"http:\/\/www.tucomarca.com\/wordpress\/segunda\/wp-content\/uploads\/2025\/12\/BenaguasilNavidad-732x1024.jpg\" alt=\"\" class=\"wp-image-287145\" style=\"width:668px;height:auto\" srcset=\"https:\/\/www.tucomarca.com\/wordpress\/segunda\/wp-content\/uploads\/2025\/12\/BenaguasilNavidad-732x1024.jpg 732w, https:\/\/www.tucomarca.com\/wordpress\/segunda\/wp-content\/uploads\/2025\/12\/BenaguasilNavidad-214x300.jpg 214w, https:\/\/www.tucomarca.com\/wordpress\/segunda\/wp-content\/uploads\/2025\/12\/BenaguasilNavidad-768x1074.jpg 768w, https:\/\/www.tucomarca.com\/wordpress\/segunda\/wp-content\/uploads\/2025\/12\/BenaguasilNavidad.jpg 1018w\" sizes=\"auto, (max-width: 732px) 100vw, 732px\" \/><\/figure>\n<\/div>","protected":false},"excerpt":{"rendered":"<div class=\"mh-excerpt\">Aquesta vesprada arrancar\u00e0 la programaci\u00f3 nadalenca amb l&#8217;encesa de l&#8217;arbre del Santuari de Montiel. Benaguasil ultima els detalls per a submergir-se en l&#8217;ambient nadalenc amb una \u00e0mplia programaci\u00f3 organitzada per l&#8217;Ajuntament, pensada per a totes <a class=\"mh-excerpt-more\" href=\"https:\/\/www.tucomarca.com\/wordpress\/segunda\/ca\/benaguasil-es-prepara-per-a-viure-la-magia-de-nadal\/\" title=\"Benaguasil es prepara per a viure la m\u00e0gia de Nadal\">[+] <\/a><\/div>\n","protected":false},"author":12,"featured_media":287149,"comment_status":"open","ping_status":"open","sticky":false,"template":"","format":"standard","meta":{"footnotes":""},"categories":[11019,10952,10892,10894,11007,10896],"tags":[11136,10899,23410],"class_list":{"0":"post-287151","1":"post","2":"type-post","3":"status-publish","4":"format-standard","5":"has-post-thumbnail","7":"category-agenda-ca","8":"category-benaguasil-ca","9":"category-camp-de-turia-ca","10":"category-la-comarca-ca","11":"category-ocio-y-cultura-ca","12":"category-seccion-ca","13":"tag-benaguasil-ca","14":"tag-camp-de-turia-ca","15":"tag-navidad-2025-ca"},"_links":{"self":[{"href":"https:\/\/www.tucomarca.com\/wordpress\/segunda\/ca\/wp-json\/wp\/v2\/posts\/287151","targetHints":{"allow":["GET"]}}],"collection":[{"href":"https:\/\/www.tucomarca.com\/wordpress\/segunda\/ca\/wp-json\/wp\/v2\/posts"}],"about":[{"href":"https:\/\/www.tucomarca.com\/wordpress\/segunda\/ca\/wp-json\/wp\/v2\/types\/post"}],"author":[{"embeddable":true,"href":"https:\/\/www.tucomarca.com\/wordpress\/segunda\/ca\/wp-json\/wp\/v2\/users\/12"}],"replies":[{"embeddable":true,"href":"https:\/\/www.tucomarca.com\/wordpress\/segunda\/ca\/wp-json\/wp\/v2\/comments?post=287151"}],"version-history":[{"count":0,"href":"https:\/\/www.tucomarca.com\/wordpress\/segunda\/ca\/wp-json\/wp\/v2\/posts\/287151\/revisions"}],"wp:featuredmedia":[{"embeddable":true,"href":"https:\/\/www.tucomarca.com\/wordpress\/segunda\/ca\/wp-json\/wp\/v2\/media\/287149"}],"wp:attachment":[{"href":"https:\/\/www.tucomarca.com\/wordpress\/segunda\/ca\/wp-json\/wp\/v2\/media?parent=287151"}],"wp:term":[{"taxonomy":"category","embeddable":true,"href":"https:\/\/www.tucomarca.com\/wordpress\/segunda\/ca\/wp-json\/wp\/v2\/categories?post=287151"},{"taxonomy":"post_tag","embeddable":true,"href":"https:\/\/www.tucomarca.com\/wordpress\/segunda\/ca\/wp-json\/wp\/v2\/tags?post=287151"}],"curies":[{"name":"wp","href":"https:\/\/api.w.org\/{rel}","templated":true}]}}