{"id":287196,"date":"2025-12-04T13:30:00","date_gmt":"2025-12-04T12:30:00","guid":{"rendered":"https:\/\/www.tucomarca.com\/wordpress\/segunda\/?p=287196"},"modified":"2025-12-04T22:44:25","modified_gmt":"2025-12-04T21:44:25","slug":"les-comissions-falleres-de-turis-presenten-els-esbossos-de-les-falles-2026","status":"publish","type":"post","link":"https:\/\/www.tucomarca.com\/wordpress\/segunda\/ca\/les-comissions-falleres-de-turis-presenten-els-esbossos-de-les-falles-2026\/","title":{"rendered":"Les comissions falleres de Tur\u00eds presenten els esbossos de les Falles 2026"},"content":{"rendered":"\n<p>Tur\u00eds va viure este cap de setmana una vesprada plenament fallera, marcada per l\u2019emoci\u00f3, la il\u00b7lusi\u00f3 i l\u2019ambient festiu propi de les dates pr\u00e8vies al Nadal. El Teatre Ideal va ser l\u2019escenari triat per a la presentaci\u00f3 oficial dels esbossos de les falles que es plantaran al municipi en 2026, un acte que va reunir comissions, representants i ve\u00efns en una cita ja consolidada al calendari local.<\/p>\n\n\n\n<p>Durant l\u2019esdeveniment, les comissions falleres van desvelar els dissenys dels monuments grans i infantils que ompliran d\u2019art, s\u00e0tira i creativitat els carrers de Tur\u00eds en les pr\u00f2ximes Falles. Cada esb\u00f3s, acompanyat d\u2019explicacions i detalls dels seus artistes fallers, va despertar l\u2019entusiasme del p\u00fablic, amb ganes de con\u00e9ixer com seran les obres que competiran pels premis el pr\u00f2xim mes de mar\u00e7.<\/p>\n\n\n\n<figure class=\"wp-block-image size-large\"><img loading=\"lazy\" decoding=\"async\" width=\"1024\" height=\"691\" src=\"http:\/\/www.tucomarca.com\/wordpress\/segunda\/wp-content\/uploads\/2025\/12\/TurisBocetosFallas2-1024x691.jpg\" alt=\"\" class=\"wp-image-287193\" srcset=\"https:\/\/www.tucomarca.com\/wordpress\/segunda\/wp-content\/uploads\/2025\/12\/TurisBocetosFallas2-1024x691.jpg 1024w, https:\/\/www.tucomarca.com\/wordpress\/segunda\/wp-content\/uploads\/2025\/12\/TurisBocetosFallas2-300x202.jpg 300w, https:\/\/www.tucomarca.com\/wordpress\/segunda\/wp-content\/uploads\/2025\/12\/TurisBocetosFallas2-768x518.jpg 768w, https:\/\/www.tucomarca.com\/wordpress\/segunda\/wp-content\/uploads\/2025\/12\/TurisBocetosFallas2.jpg 1181w\" sizes=\"auto, (max-width: 1024px) 100vw, 1024px\" \/><\/figure>\n\n\n\n<p>A m\u00e9s, Tur\u00eds torna a apostar pel talent amb grans artistes i lemes que no deixaran indiferent a ning\u00fa, reafirmant el nivell art\u00edstic que caracteritza les Falles del municipi.<\/p>\n\n\n\n<p>La presentaci\u00f3 tamb\u00e9 va donar un espai destacat als quadres d\u2019honor de 2026. Les falleres majors, presidents i m\u00e0xims representants de cada comissi\u00f3 van pujar a l\u2019escenari per a rebre el reconeixement del m\u00f3n faller local, entre aplaudiments i emocions compartides.<\/p>\n\n\n\n<p>L\u2019acte, carregat de tradici\u00f3 i simbolisme, va servir com a tret d\u2019eixida d\u2019un nou exercici faller que ja mira cap a la primavera. Tur\u00eds va tornar a demostrar que la passi\u00f3 per les Falles est\u00e0 m\u00e9s viva que mai i que 2026 ser\u00e0, sens dubte, un any ple d\u2019art, festa i sentiment faller.<\/p>\n\n\n\n<p>En el seg\u00fcent enlla\u00e7 podeu veure les falles que es gaudiran a Tur\u00eds en 2026:<br><a href=\"https:\/\/acortar.link\/CTOkeh\">https:\/\/acortar.link\/CTOkeh<\/a><\/p>\n","protected":false},"excerpt":{"rendered":"<div class=\"mh-excerpt\">Tur\u00eds va viure este cap de setmana una vesprada plenament fallera, marcada per l\u2019emoci\u00f3, la il\u00b7lusi\u00f3 i l\u2019ambient festiu propi de les dates pr\u00e8vies al Nadal. El Teatre Ideal va ser l\u2019escenari triat per a <a class=\"mh-excerpt-more\" href=\"https:\/\/www.tucomarca.com\/wordpress\/segunda\/ca\/les-comissions-falleres-de-turis-presenten-els-esbossos-de-les-falles-2026\/\" title=\"Les comissions falleres de Tur\u00eds presenten els esbossos de les Falles 2026\">[+] <\/a><\/div>\n","protected":false},"author":12,"featured_media":287192,"comment_status":"open","ping_status":"open","sticky":false,"template":"","format":"standard","meta":{"footnotes":""},"categories":[10894,10902,11004,11007,10896,11047],"tags":[23199,11356,11093],"class_list":{"0":"post-287196","1":"post","2":"type-post","3":"status-publish","4":"format-standard","5":"has-post-thumbnail","7":"category-la-comarca-ca","8":"category-la-ribera-ca","9":"category-la-semana-en-imagenes-ca","10":"category-ocio-y-cultura-ca","11":"category-seccion-ca","12":"category-turis-ca","13":"tag-fallas-2026-ca","14":"tag-ribera-alta-ca","15":"tag-turis-ca"},"_links":{"self":[{"href":"https:\/\/www.tucomarca.com\/wordpress\/segunda\/ca\/wp-json\/wp\/v2\/posts\/287196","targetHints":{"allow":["GET"]}}],"collection":[{"href":"https:\/\/www.tucomarca.com\/wordpress\/segunda\/ca\/wp-json\/wp\/v2\/posts"}],"about":[{"href":"https:\/\/www.tucomarca.com\/wordpress\/segunda\/ca\/wp-json\/wp\/v2\/types\/post"}],"author":[{"embeddable":true,"href":"https:\/\/www.tucomarca.com\/wordpress\/segunda\/ca\/wp-json\/wp\/v2\/users\/12"}],"replies":[{"embeddable":true,"href":"https:\/\/www.tucomarca.com\/wordpress\/segunda\/ca\/wp-json\/wp\/v2\/comments?post=287196"}],"version-history":[{"count":0,"href":"https:\/\/www.tucomarca.com\/wordpress\/segunda\/ca\/wp-json\/wp\/v2\/posts\/287196\/revisions"}],"wp:featuredmedia":[{"embeddable":true,"href":"https:\/\/www.tucomarca.com\/wordpress\/segunda\/ca\/wp-json\/wp\/v2\/media\/287192"}],"wp:attachment":[{"href":"https:\/\/www.tucomarca.com\/wordpress\/segunda\/ca\/wp-json\/wp\/v2\/media?parent=287196"}],"wp:term":[{"taxonomy":"category","embeddable":true,"href":"https:\/\/www.tucomarca.com\/wordpress\/segunda\/ca\/wp-json\/wp\/v2\/categories?post=287196"},{"taxonomy":"post_tag","embeddable":true,"href":"https:\/\/www.tucomarca.com\/wordpress\/segunda\/ca\/wp-json\/wp\/v2\/tags?post=287196"}],"curies":[{"name":"wp","href":"https:\/\/api.w.org\/{rel}","templated":true}]}}