{"id":287266,"date":"2025-12-04T13:45:00","date_gmt":"2025-12-04T12:45:00","guid":{"rendered":"https:\/\/www.tucomarca.com\/wordpress\/segunda\/?p=287266"},"modified":"2025-12-04T22:39:22","modified_gmt":"2025-12-04T21:39:22","slug":"els-membres-del-consell-assumeixen-les-noves-competencies-en-el-govern-valencia","status":"publish","type":"post","link":"https:\/\/www.tucomarca.com\/wordpress\/segunda\/ca\/els-membres-del-consell-assumeixen-les-noves-competencies-en-el-govern-valencia\/","title":{"rendered":"Els membres del Consell assumeixen les noves compet\u00e8ncies en el Govern valenci\u00e0"},"content":{"rendered":"\n<h3 class=\"wp-block-heading\">Jos\u00e9 D\u00edez brinda la seua col\u00b7laboraci\u00f3 per a facilitar el treball i coordinar a la resta de components del Consell.<\/h3>\n\n\n\n<h3 class=\"wp-block-heading\">Susana Camarero \u00a0assenyala que la seua nova \u00e0rea que arreplega el gran repte d&#8217;integrar i donar coher\u00e8ncia les pol\u00edtiques essencials d&#8217;habitatge, ocupaci\u00f3, joventut i igualtat.<\/h3>\n\n\n\n<h3 class=\"wp-block-heading\">Jos\u00e9 Antonio Rovira treballar\u00e0 per la renovaci\u00f3 del sistema de finan\u00e7ament auton\u00f2mic, Elena Abalat centrar\u00e0 les seues actuacions en el suport a les fam\u00edlies i per les persones majors, i Carmen Ort\u00ed gestionar\u00e0 que alumnat tinga l&#8217;acc\u00e9s a l&#8217;educaci\u00f3 en les millors garanties possibles.<\/h3>\n\n\n\n<p>Els membres del Consell, que aquest mat\u00ed han assumit noves compet\u00e8ncies en el Govern valenci\u00e0, han realitzat del trasp\u00e0s de carteres en un acte conjunt en el Centre Administratiu 9 d\u2019Octubre.&nbsp;<\/p>\n\n\n\n<p>El conseller d&#8217;Economia, Hisenda i Administraci\u00f3 P\u00fablica, Jos\u00e9 Antonio Rovira ha rebut la cartera de la exconsellera Ruth Merino; la vicepresidenta Susana Camarero ha entregat les compet\u00e8ncies de Serveis Socials a Elena Albalat i les conselleres d&#8217;Educaci\u00f3, Carmen Ort\u00ed i la vicepresidenta Susana Camarero, han rebut del conseller Rovira les \u00e0rees d&#8217;Educaci\u00f3, Cultura i Universitats i d&#8217;Ocupaci\u00f3, respectivament.&nbsp;<\/p>\n\n\n\n<p>El vicepresident segon i conseller de Presid\u00e8ncia, Jos\u00e9 D\u00edez, que ha dirigit l&#8217;acte de trasp\u00e0s de compet\u00e8ncies, ha assegurat que l&#8217;experi\u00e8ncia adquirida durant aquests dos anys com a director general de Projectes Estrat\u00e8gics \u00e9s la base del futur treball que exercir\u00e0 en les seues noves responsabilitats. En aquest sentit, ha mostrat la seua disposici\u00f3 a tots els membres del Consell als quals ha brindat la seua col\u00b7laboraci\u00f3 per a facilitar el treball i que les gestions que es desenvolupen \u201csiguen m\u00e9s f\u00e0cils i tinguen sentit\u201d.&nbsp;<\/p>\n\n\n\n<p>La vicepresidenta primera, Susana Camarero, &nbsp;ha destacat el treball que s&#8217;est\u00e0 realitzant est\u00e0 permetent \u201cpassar de les paraules als fets, amb m\u00e9s habitatge protegit, m\u00e9s ajudes i m\u00e9s solucions reals per a les fam\u00edlies.\u201d. Una labor que continua ara -ha ressaltat- des de \u201cuna nova \u00e0rea que arreplega alguns dels majors reptes de la societat, unint habitatge, ocupaci\u00f3, joventut i igualtat per a integrar i donar coher\u00e8ncia a pol\u00edtiques essencials i connectades: una ocupaci\u00f3 digna que permeta accedir a un habitatge, l&#8217;habitatge com a base d&#8217;un projecte vital i la igualtat com deure moral en tota l&#8217;acci\u00f3 de govern\u201d, ha puntualitzat.&nbsp;<\/p>\n\n\n\n<p>Tamb\u00e9 &nbsp;ha subratllat que \u201cl&#8217;habitatge continuar\u00e0 sent la prioritat absoluta i la joventut estar\u00e0 en el centre de totes les pol\u00edtiques\u201d, perqu\u00e8 \u201cel primer pas de qualsevol projecte vital \u00e9s tindre una llar\u201d i \u201cvolem que els nostres joves puguen construir el seu futur ac\u00ed\u201d.<\/p>\n\n\n\n<p>El nou conseller d&#8217;Economia, Hisenda i Administraci\u00f3 P\u00fablica, Jos\u00e9 Antonio Rovira, ha afirmat que un dels seus principals objectius \u201cser\u00e0 treballar en defensa de la renovaci\u00f3 del sistema de finan\u00e7ament auton\u00f2mic, que d&#8217;una vegada ha de recon\u00e9ixer el dret de tots els valencians a percebre els mateixos recursos en igualtat de condicions\u201d. \u201c\u00c9s de just\u00edcia per a aquesta terra i des del Govern valenci\u00e0 l&#8217;exigirem i a reclamar com correspon\u201d, ha assenyalat.<\/p>\n\n\n\n<p>En eixe sentit, ha anunciat que traslladar\u00e0 a la ministra M\u00aa Jes\u00fas Montero \u201cla necessitat de mantindre una reuni\u00f3 per a tractar aquests assumptes i altres d&#8217;urgent necessitat, com el Fons de Liquiditat Auton\u00f2mic o el Finan\u00e7ament del Pressupost DANA per a l&#8217;any vinent 2026\u201d.<\/p>\n\n\n\n<p>A m\u00e9s, Rovira ha destacat que es mant\u00e9 i refor\u00e7a l&#8217;\u00e0rea d&#8217;economia i fons europeus amb una nova cartera de simplificaci\u00f3 administrativa i ha assenyalat que continuar\u00e0 \u201camb la labor d&#8217;efici\u00e8ncia en la despesa p\u00fablica, aix\u00ed com amb la rebaixa d&#8217;impostos i les deduccions fiscals\u201d.<\/p>\n\n\n\n<p>Per part seua, la nova consellera d&#8217;Educaci\u00f3, Cultura i Universitats, Carmen Ort\u00ed, ha assenyalat que assumeix la cartera \u201camb il\u00b7lusi\u00f3 i ganes de fer una bona faena\u201d i ha tingut unes paraules d&#8217;agra\u00efment per a \u201cels professionals que tots els dies obrin els centres educatius i les universitats i treballen per a aconseguir que l&#8217;alumnat tinga acc\u00e9s a l&#8217;educaci\u00f3 en les millors garanties possibles\u201d. Ort\u00ed ha assenyalat que la cultura, l&#8217;educaci\u00f3 i la universitat &#8220;s\u00f3n els pilars fonamentals en una societat basada en la llibertat i els valors democr\u00e0tics&#8221;.<\/p>\n\n\n\n<p>La nova consellera de Serveis Socials, Fam\u00edlia i Inf\u00e0ncia, Elena Albalat, ha assumit la responsabilitat de dirigir el departament amb \u201corgull i una profunda responsabilitat\u201d, durant el trasp\u00e0s de cartera de mans de l&#8217;anterior titular, Susana Camarero, a qui ha agra\u00eft la seua labor i els avan\u00e7os consolidats en aquests dos \u00faltims anys.<\/p>\n\n\n\n<p>En la seua intervenci\u00f3, Albalat ha subratllat que inicia aquesta etapa sota la premissa de \u201cservir per a millorar la vida de les persones perqu\u00e8 eixa \u00e9s l&#8217;ess\u00e8ncia d&#8217;aquesta Conselleria: escoltar i actuar sempre pensant en la ciutadania\u201d.<\/p>\n\n\n\n<p>Aix\u00ed mateix, ha defensat que les pol\u00edtiques socials \u201cnom\u00e9s tenen sentit quan transformen realitats\u201d, i ha marcat com a eixos prioritaris el suport a les fam\u00edlies, la protecci\u00f3 a la inf\u00e0ncia, l&#8217;atenci\u00f3 a les persones majors, l&#8217;impuls dels drets i oportunitats de les persones amb discapacitat i el refor\u00e7 del voluntariat.<\/p>\n\n\n\n<p>En l&#8217;acte han estat acompanyats del vicepresident tercer i conseller de Medi Ambient, Infraestructures, Territori i de la Recuperaci\u00f3, Vicente Mart\u00ednez Mus; el conseller de Sanitat, Marciano G\u00f3mez; la consellera de Just\u00edcia, Transpar\u00e8ncia i Participaci\u00f3, Nuria Mart\u00ednez; el conseller d&#8217;Emerg\u00e8ncies i Interior; \u00a0Juan Carlos Valderrama i la consellera d&#8217;Ind\u00fastria, Turisme, Innovaci\u00f3 i Comer\u00e7, Marian Cano.<\/p>\n","protected":false},"excerpt":{"rendered":"<div class=\"mh-excerpt\">Jos\u00e9 D\u00edez brinda la seua col\u00b7laboraci\u00f3 per a facilitar el treball i coordinar a la resta de components del Consell. Susana Camarero \u00a0assenyala que la seua nova \u00e0rea que arreplega el gran repte d&#8217;integrar i <a class=\"mh-excerpt-more\" href=\"https:\/\/www.tucomarca.com\/wordpress\/segunda\/ca\/els-membres-del-consell-assumeixen-les-noves-competencies-en-el-govern-valencia\/\" title=\"Els membres del Consell assumeixen les noves compet\u00e8ncies en el Govern valenci\u00e0\">[+] <\/a><\/div>\n","protected":false},"author":1,"featured_media":287263,"comment_status":"open","ping_status":"open","sticky":false,"template":"","format":"standard","meta":{"footnotes":""},"categories":[10898,10948,10894,10904,10903,10947,10896,10897],"tags":[12683,11498,11199],"class_list":{"0":"post-287266","1":"post","2":"type-post","3":"status-publish","4":"format-standard","5":"has-post-thumbnail","7":"category-ventana-ca","8":"category-infraestructuras-ca","9":"category-la-comarca-ca","10":"category-sin-categorizar-ca","11":"category-medio-ambiente-la-comarca-ca","12":"category-politica","13":"category-seccion-ca","14":"category-sucesos-la-comarca-ca","15":"tag-consell-ca","16":"tag-generalitat-valenciana-ca","17":"tag-la-comunitat-ca"},"_links":{"self":[{"href":"https:\/\/www.tucomarca.com\/wordpress\/segunda\/ca\/wp-json\/wp\/v2\/posts\/287266","targetHints":{"allow":["GET"]}}],"collection":[{"href":"https:\/\/www.tucomarca.com\/wordpress\/segunda\/ca\/wp-json\/wp\/v2\/posts"}],"about":[{"href":"https:\/\/www.tucomarca.com\/wordpress\/segunda\/ca\/wp-json\/wp\/v2\/types\/post"}],"author":[{"embeddable":true,"href":"https:\/\/www.tucomarca.com\/wordpress\/segunda\/ca\/wp-json\/wp\/v2\/users\/1"}],"replies":[{"embeddable":true,"href":"https:\/\/www.tucomarca.com\/wordpress\/segunda\/ca\/wp-json\/wp\/v2\/comments?post=287266"}],"version-history":[{"count":0,"href":"https:\/\/www.tucomarca.com\/wordpress\/segunda\/ca\/wp-json\/wp\/v2\/posts\/287266\/revisions"}],"wp:featuredmedia":[{"embeddable":true,"href":"https:\/\/www.tucomarca.com\/wordpress\/segunda\/ca\/wp-json\/wp\/v2\/media\/287263"}],"wp:attachment":[{"href":"https:\/\/www.tucomarca.com\/wordpress\/segunda\/ca\/wp-json\/wp\/v2\/media?parent=287266"}],"wp:term":[{"taxonomy":"category","embeddable":true,"href":"https:\/\/www.tucomarca.com\/wordpress\/segunda\/ca\/wp-json\/wp\/v2\/categories?post=287266"},{"taxonomy":"post_tag","embeddable":true,"href":"https:\/\/www.tucomarca.com\/wordpress\/segunda\/ca\/wp-json\/wp\/v2\/tags?post=287266"}],"curies":[{"name":"wp","href":"https:\/\/api.w.org\/{rel}","templated":true}]}}