{"id":287267,"date":"2025-12-05T16:55:00","date_gmt":"2025-12-05T15:55:00","guid":{"rendered":"https:\/\/www.tucomarca.com\/wordpress\/segunda\/?p=287267"},"modified":"2025-12-04T23:23:04","modified_gmt":"2025-12-04T22:23:04","slug":"musica-a-la-llum-dedica-el-seu-concert-anual-a-compositors-de-localitats-afectades-per-la-dana","status":"publish","type":"post","link":"https:\/\/www.tucomarca.com\/wordpress\/segunda\/ca\/musica-a-la-llum-dedica-el-seu-concert-anual-a-compositors-de-localitats-afectades-per-la-dana\/","title":{"rendered":"M\u00fasica a la Llum dedica el seu concert anual a compositors de localitats afectades per la DANA"},"content":{"rendered":"\n<h3 class=\"wp-block-heading\">El concert, a c\u00e0rrec de la Jove Banda Simf\u00f2nica de la FSMCV, tindr\u00e0 lloc el dilluns 8 de desembre a les 18.00 hores en el Teatre Astoria de Xiva.<\/h3>\n\n\n\n<h3 class=\"wp-block-heading\">El repertori del concert se centra en recuperar obres de compositors de localitats afectades per la DANA.<\/h3>\n\n\n\n<h3 class=\"wp-block-heading\">El programa M\u00fasica a la Llum est\u00e0 organitzat pel Institut Valenci\u00e0 de Cultura i la Federaci\u00f3 de Societats Musicals de la Comunitat Valenciana, dins del programa de patrocini CaixaBank escorta Val\u00e8ncia.<\/h3>\n\n\n\n<p>El programa M\u00fasica a la Llum, organitzat pel Institut Valenci\u00e0 de Cultura i la Federaci\u00f3 de Societats Musicals de la Comunitat Valenciana, dins del patrocini CaixaBank escorta Val\u00e8ncia, oferir\u00e0 el dilluns 8 de desembre el seu concert anual a les 18.00 hores en el Teatre Astoria de Xiva, a c\u00e0rrec de la Jove Banda Simf\u00f2nica de la Federaci\u00f3 de Societats Musicals de la Comunitat Valenciana, sota la direcci\u00f3 de Jer\u00f3nimo Castell\u00f3.<br>El projecte de M\u00fasica a la Llum per a 2025 s&#8217;ha orientat com una acci\u00f3 de solidaritat i comprom\u00eds despr\u00e9s de la dana d&#8217;octubre de 2024. Aquest concert arreplega una selecci\u00f3 d&#8217;obres recuperades amb rigor musicol\u00f2gic i respecte patrimonial, amb les quals es ret homenatge a totes les societats musicals, als seus m\u00fasics i compositors i als pobles que, despr\u00e9s de la cat\u00e0strofe, continuen creient que la m\u00fasica \u00e9s una forma de reconstrucci\u00f3 i de mem\u00f2ria.<br>Les obres que es proposen en aquest programa han sigut totes compostes per m\u00fasics nascuts en alguns dels municipis castigats per la dana (Albalat de la Ribera, Alboraig, Algemes\u00ed, Catarroja, Guadassuar, Requena i Utiel) i estretament vinculats a les seues societats musicals: Ethelvina-Ofelia Raga Selma (1911-2005), Pedro Sosa L\u00f3pez (1887-1953), Jos\u00e9 Moreno Gans (1897-1976), Bernardo Adam Ferrero (1942-2022), Eduard Felip (1884-1966), Jos\u00e9 P\u00e9rez Ballester (1905-1988), Jos\u00e9 Cler\u00edes Oliver (1915) i Jos\u00e9 Mar\u00eda Cervera Lloret (1910-2002). D&#8217;acord amb l&#8217;esperit de M\u00fasica a la Llum, es tracta sempre d&#8217;obres de compositors ja morts i molt poc interpretades, quan no directament oblidades. Cal assenyalar la pres\u00e8ncia per primera vegada d&#8217;una dona compositora, Ofelia Raga.<br>La Jove Banda Simf\u00f2nica de la Federaci\u00f3 de Societats Musicals de la Comunitat Valenciana est\u00e0 integrada per una selecci\u00f3 de m\u00e9s de 80 m\u00fasics de 18 a 28 anys provinents de totes les comarques d&#8217;Alacant, Castell\u00f3 i Val\u00e8ncia. El lloc de director de la Jove Banda Simf\u00f2nica es renova anualment i en 2025 aquesta responsabilitat correspon a Jer\u00f3nimo Castell\u00f3.<\/p>\n\n\n\n<p><strong>Jer\u00f3nimo Castell\u00f3<\/strong><\/p>\n\n\n\n<p>Format a Val\u00e8ncia, Madrid i Viena, Castell\u00f3 ha treballat amb figures de prestigi com Crist\u00f3bal Soler, Mark Laycock, Johannes Wildner, Arturo Tamayo, Sergio Alapont, \u00c1lvaro Albiach, John Carewe, Enrique Garc\u00eda Asensio o Luis Sanjaime. La seua versatilitat com a director li ha perm\u00e9s abordar repertoris de m\u00fasica simf\u00f2nica, sarsuela, \u00f2pera, ballet i m\u00fasica de cambra, a m\u00e9s de col\u00b7laborar com a director assistent en diverses orquestres nacionals i internacionals.<br>Entre els seus assoliments m\u00e9s destacats, Castell\u00f3 ha sigut guanyador de la XXVII Edici\u00f3 de la World Music Competition en la categoria de direcci\u00f3 d&#8217;orquestra en 2019, aix\u00ed com Primer Premi i Medalla d&#8217;Or en el XVI Concurs Internacional de Direcci\u00f3 Jos\u00e9 Ferriz a Montroi (2010). Tamb\u00e9 ha obtingut el Primer Premi en la primera secci\u00f3 del Certamen Provincial de Bandes de M\u00fasica de la Diputaci\u00f3 de Val\u00e8ncia en 2024.<br>En l&#8217;\u00e0mbit l\u00edric, ha dirigit t\u00edtols com La Cort de Fara\u00f3, Bohemis, Els Clavells o La Generala, i ha destacat en la producci\u00f3 de L&#8217;Alegria de l&#8217;Horta en el Teatre Principal de Castell\u00f3. La seua activitat professional ho ha portat a dirigir en escenaris de gran rellev\u00e0ncia, com el Palau de les Arts Reina Sofia, on en 2020 va estar al capdavant del ballet \u00c2tman, el Comiat juntament amb l&#8217;Orquestra de la Comunitat Valenciana i la companyia Ananda Dansa.<br>A nivell internacional, ha dirigit en pa\u00efsos com R\u00fassia, la Rep\u00fablica Txeca i l&#8217;Argentina, treballant amb formacions com la PKF Prague Philharmonia, l&#8217;Orquestra Filharm\u00f2nica de l&#8217;Estat de Daguestan o la Banda Simf\u00f2nica Municipal de Mar del Plata. Actualment, \u00e9s director titular de l&#8217;Orquestra Vivaldi de La Vall d&#8217;Uix\u00f3, on desenvolupa un projecte social, art\u00edstic i pedag\u00f2gic, i director art\u00edstic de la Va unir Art\u00edstica Musical de Montroi.<\/p>\n\n\n\n<p><strong>M\u00fasica a la Llum<\/strong><\/p>\n\n\n\n<p>El programa M\u00fasica a la Llum, patrocinat per CaixaBank i organitzat pel Institut Valenci\u00e0 de Cultura i la Federaci\u00f3 de Societats Musicals de la Comunitat Valenciana (FSMCV), forma part del projecte CaixaBank escorta Val\u00e8ncia i sorgeix per a col\u00b7laborar amb les societats musicals en la recuperaci\u00f3, conservaci\u00f3, posada en valor i difusi\u00f3 del patrimoni cultural custodiat en els seus arxius.<br>Des de principis de 2017 un equip de t\u00e8cnics, amb el suport dels responsables de cada societat musical, ha anat arreplegant informaci\u00f3 detallada sobre els arxius musicals i administratius de les bandes, aix\u00ed com qualsevol altre patrimoni d&#8217;inter\u00e9s.<br>M\u00fasica a la Llum realitza gravacions sonores en col\u00b7laboraci\u00f3 amb la Jove Banda Simf\u00f2nica de la FSMCV, ha organitzat un congr\u00e9s sobre el patrimoni custodiat per les societats musicals i prepara altres iniciatives per a convertir-se en un dels referents documentals sobre la m\u00fasica de banda a nivell nacional.<\/p>\n","protected":false},"excerpt":{"rendered":"<div class=\"mh-excerpt\">El concert, a c\u00e0rrec de la Jove Banda Simf\u00f2nica de la FSMCV, tindr\u00e0 lloc el dilluns 8 de desembre a les 18.00 hores en el Teatre Astoria de Xiva. El repertori del concert se centra <a class=\"mh-excerpt-more\" href=\"https:\/\/www.tucomarca.com\/wordpress\/segunda\/ca\/musica-a-la-llum-dedica-el-seu-concert-anual-a-compositors-de-localitats-afectades-per-la-dana\/\" title=\"M\u00fasica a la Llum dedica el seu concert anual a compositors de localitats afectades per la DANA\">[+] <\/a><\/div>\n","protected":false},"author":12,"featured_media":287260,"comment_status":"open","ping_status":"open","sticky":false,"template":"","format":"standard","meta":{"footnotes":""},"categories":[11019,11005,21466,10948,10894,10904,10912,11007,10896,10975],"tags":[11195,11210,10914],"class_list":{"0":"post-287267","1":"post","2":"type-post","3":"status-publish","4":"format-standard","5":"has-post-thumbnail","7":"category-agenda-ca","8":"category-canal-musica","9":"category-dana-ca","10":"category-infraestructuras-ca","11":"category-la-comarca-ca","12":"category-sin-categorizar-ca","13":"category-la-hoya-ca","14":"category-ocio-y-cultura-ca","15":"category-seccion-ca","16":"category-chiva-ca","17":"tag-chiva-ca","18":"tag-fsmcv-ca","19":"tag-la-hoya-de-bunol-chiva-ca"},"_links":{"self":[{"href":"https:\/\/www.tucomarca.com\/wordpress\/segunda\/ca\/wp-json\/wp\/v2\/posts\/287267","targetHints":{"allow":["GET"]}}],"collection":[{"href":"https:\/\/www.tucomarca.com\/wordpress\/segunda\/ca\/wp-json\/wp\/v2\/posts"}],"about":[{"href":"https:\/\/www.tucomarca.com\/wordpress\/segunda\/ca\/wp-json\/wp\/v2\/types\/post"}],"author":[{"embeddable":true,"href":"https:\/\/www.tucomarca.com\/wordpress\/segunda\/ca\/wp-json\/wp\/v2\/users\/12"}],"replies":[{"embeddable":true,"href":"https:\/\/www.tucomarca.com\/wordpress\/segunda\/ca\/wp-json\/wp\/v2\/comments?post=287267"}],"version-history":[{"count":0,"href":"https:\/\/www.tucomarca.com\/wordpress\/segunda\/ca\/wp-json\/wp\/v2\/posts\/287267\/revisions"}],"wp:featuredmedia":[{"embeddable":true,"href":"https:\/\/www.tucomarca.com\/wordpress\/segunda\/ca\/wp-json\/wp\/v2\/media\/287260"}],"wp:attachment":[{"href":"https:\/\/www.tucomarca.com\/wordpress\/segunda\/ca\/wp-json\/wp\/v2\/media?parent=287267"}],"wp:term":[{"taxonomy":"category","embeddable":true,"href":"https:\/\/www.tucomarca.com\/wordpress\/segunda\/ca\/wp-json\/wp\/v2\/categories?post=287267"},{"taxonomy":"post_tag","embeddable":true,"href":"https:\/\/www.tucomarca.com\/wordpress\/segunda\/ca\/wp-json\/wp\/v2\/tags?post=287267"}],"curies":[{"name":"wp","href":"https:\/\/api.w.org\/{rel}","templated":true}]}}