{"id":287318,"date":"2025-12-05T17:55:00","date_gmt":"2025-12-05T16:55:00","guid":{"rendered":"https:\/\/www.tucomarca.com\/wordpress\/segunda\/?p=287318"},"modified":"2025-12-05T23:00:59","modified_gmt":"2025-12-05T22:00:59","slug":"la-diputacio-de-valencia-presenta-la-seua-campanya-de-nadal-baix-el-lema-tu-fas-gran-el-nostre-nadal","status":"publish","type":"post","link":"https:\/\/www.tucomarca.com\/wordpress\/segunda\/ca\/la-diputacio-de-valencia-presenta-la-seua-campanya-de-nadal-baix-el-lema-tu-fas-gran-el-nostre-nadal\/","title":{"rendered":"La Diputaci\u00f3 de Val\u00e8ncia presenta la seua campanya de Nadal baix el lema \u201cTu fas gran el nostre Nadal\u201d"},"content":{"rendered":"\n<h3 class=\"wp-block-heading\">El president Vicent Momp\u00f3 destaca els &#8220;valors de proximitat, tradici\u00f3 i il\u00b7lusi\u00f3&#8221; en un acte on s&#8217;ha avan\u00e7at la programaci\u00f3 nadalenca organitzada per la instituci\u00f3 provincial<\/h3>\n\n\n\n<h3 class=\"wp-block-heading\">Esta vesprada es produir\u00e0 l&#8217;inici oficial de la campanya amb l&#8217;encesa de les llums a la porta del Palau de Batlia, seu central de la Diputaci\u00f3<\/h3>\n\n\n<div class=\"wp-block-image\">\n<figure class=\"alignleft size-large is-resized\"><img loading=\"lazy\" decoding=\"async\" width=\"1024\" height=\"683\" src=\"http:\/\/www.tucomarca.com\/wordpress\/segunda\/wp-content\/uploads\/2025\/12\/Mompo_campanya_Nadal-1024x683.jpg\" alt=\"\" class=\"wp-image-287313\" style=\"width:418px;height:auto\" srcset=\"https:\/\/www.tucomarca.com\/wordpress\/segunda\/wp-content\/uploads\/2025\/12\/Mompo_campanya_Nadal-1024x683.jpg 1024w, https:\/\/www.tucomarca.com\/wordpress\/segunda\/wp-content\/uploads\/2025\/12\/Mompo_campanya_Nadal-300x200.jpg 300w, https:\/\/www.tucomarca.com\/wordpress\/segunda\/wp-content\/uploads\/2025\/12\/Mompo_campanya_Nadal-768x512.jpg 768w, https:\/\/www.tucomarca.com\/wordpress\/segunda\/wp-content\/uploads\/2025\/12\/Mompo_campanya_Nadal-1536x1024.jpg 1536w, https:\/\/www.tucomarca.com\/wordpress\/segunda\/wp-content\/uploads\/2025\/12\/Mompo_campanya_Nadal-2048x1365.jpg 2048w\" sizes=\"auto, (max-width: 1024px) 100vw, 1024px\" \/><\/figure>\n<\/div>\n\n\n<p>La Diputaci\u00f3 de Val\u00e8ncia ha donat oficialment la benvinguda al Nadal amb la presentaci\u00f3 de la seua campanya \u201cTu fas gran el el nostre Nadal\u201d, en un acte celebrat este mat\u00ed en la seu de la corporaci\u00f3 provincial en la pla\u00e7a Manises, com a preludi de l&#8217;encesa de llums que tindr\u00e0 lloc esta vesprada, a les 18:30h, a la porta de la seu provincial.&nbsp;<\/p>\n\n\n\n<p>El president Vicent Momp\u00f3 ha subratllat que &#8220;es tracta d&#8217;una campanya que posa en valor all\u00f2 que ens unix com a poble: la capacitat d&#8217;acompanyar, de compartir i de fer que cada Nadal siga \u00fanic\u201d i ha recordat que &#8220;l&#8217;esperit nadalenc valenci\u00e0 no es conserva: se celebra, es compartix i es transmet de generaci\u00f3 en generaci\u00f3\u201d.&nbsp;<\/p>\n\n\n\n<p>En este sentit, Momp\u00f3 ha apel\u00b7lat al paper de les persones en estes dates: \u201csom les valencianes i els valencians els qui encenem cada llum, els qui donem sentit a cada activitat i els qui omplim estes festes de la mescla de tendresa, alegria i tradici\u00f3 que forma part del nostre ADN\u201d.<\/p>\n\n\n\n<p><strong>Activitats previstes<\/strong><\/p>\n\n\n\n<p>Encara que el programa definitiu d&#8217;activitats es far\u00e0 p\u00fablic en els pr\u00f2xims dies, el president de la Diputaci\u00f3 ha avan\u00e7at alguna de les claus d&#8217;una campanya en la qual adquirixen especial rellev\u00e0ncia les accions dissenyades des de l&#8217;\u00e0rea de Cultura i la marca provincial Val\u00e8ncia Turisme.<\/p>\n\n\n\n<p>L&#8217;epicentre de les activitats se situar\u00e0 un any mes en la pr\u00f2pia pla\u00e7a Manises que, un any m\u00e9s, es convertir\u00e0 en la Vila del Nadal entre el 19 de desembre i el 5 de gener per a oferir activitats di\u00e0ries dirigides especialment al p\u00fablic familiar.&nbsp;<\/p>\n\n\n\n<p>All\u00ed, Val\u00e8ncia Turisme coordinar\u00e0 un ampli ventall d&#8217;activitats pensades perqu\u00e8 xiquets, j\u00f3vens i adults puguen disfrutar del Nadal en un entorn pr\u00f2xim. La Vila del Nadal reunir\u00e0, durant totes les festes, tallers participatius, jocs per a tota la fam\u00edlia, propostes creatives, espais d&#8217;animaci\u00f3 i diferents accions tem\u00e0tiques inspirades en la tradici\u00f3 nadalenca valenciana, convertint la pla\u00e7a Manises en un referent l\u00fadic i festiu durant estes setmanes.<\/p>\n\n\n\n<p>L&#8217;espai tamb\u00e9 comptar\u00e0 amb zones interactives i activitats cont\u00ednues que refor\u00e7aran la difusi\u00f3 del patrimoni i l&#8217;oferta tur\u00edstica de la prov\u00edncia, completant una programaci\u00f3 que busca fomentar la conviv\u00e8ncia, la participaci\u00f3 i l&#8217;esperit nadalenc.<\/p>\n\n\n\n<p>Quant a la programaci\u00f3 cultural, Momp\u00f3 ha destacat el rellevant paper que tindr\u00e0 el Centre Cultural La Benefic\u00e8ncia, on es desenvolupar\u00e0 un cicle de concerts que comen\u00e7a este mateix diumenge amb l&#8217;espectacle Definint l&#8217;amor, i que en posteriors dates acollir\u00e0 tamb\u00e9 una actuaci\u00f3 de gospel (11 de desembre), un quartet de cordes (18 de desembre) i un recital de piano a c\u00e0rrec d&#8217;Antonio Galera, el dia 19 d&#8217;este mes. Tot aix\u00f2 en el Sal\u00f3 Alfons el Magn\u00e0nim, amb acc\u00e9s gratu\u00eft mitjan\u00e7ant entrada pr\u00e8via que es podr\u00e0 adquirir en el punt d&#8217;informaci\u00f3 del centre.<\/p>\n\n\n\n<p>De manera paral\u00b7lela, el Museu de Prehist\u00f2ria de Val\u00e8ncia ha programat per a estes festes diferents tallers dissenyats per a xiquetes i xiquets a partir de 5 anys, amb tem\u00e0tica relacionada amb l&#8217;espai expositiu. Aix\u00ed, els m\u00e9s xicotets podran descobrir, entre moltes altres coses, com es menjava i com es vestia en temps remots.<\/p>\n\n\n\n<p>L&#8217;Escalante, que unir\u00e0 teatre i circ en el Teatre Principal de Val\u00e8ncia amb &#8216;Un Nadal de circ&#8217;, oferir\u00e0 este Nadal una proposta esc\u00e8nica pensada per a tota la fam\u00edlia. Amb m\u00fasica en directe, acrob\u00e0cies, malabars i n\u00fameros sorprenents, esta producci\u00f3 transformar\u00e0 el teatre en un \u201cmagatzem circense\u201d replet de fantasia, emoci\u00f3 i m\u00e0gia per a p\u00fablic de totes les edats.<\/p>\n\n\n\n<p>D&#8217;altra banda, la Diputaci\u00f3 tornar\u00e0 a estar present en ExpoJove amb un estand que combina esport i m\u00fasica a trav\u00e9s de propostes dirigides al p\u00fablic infantil i juvenil. L&#8217;espai inclour\u00e0 un popular roc\u00f2drom unflable, diferents zones esportives i una \u00e0rea infantil amb piscina de boles i pintacares. Tamb\u00e9 hi haur\u00e0 un karaoke baix el lema \u201cLa dipu sona\u201d, a m\u00e9s d&#8217;activitats pensades per a fomentar el treball en equip i l&#8217;afany de superaci\u00f3, amb obsequis per als qui completen diversos dels reptes proposats.<\/p>\n\n\n\n<p><strong>Exposici\u00f3 &#8216;Un xiquet ens ha nascut&#8217;<\/strong><\/p>\n\n\n\n<p>La campanya de Nadal inclou tamb\u00e9 l&#8217;exposici\u00f3 &#8216;Un xiquet ens ha nascut&#8217;, una mostra que reunix prop d&#8217;una vintena de diorames restaurats de l&#8217;Associaci\u00f3 de Betlemistes de Val\u00e8ncia. La proposta, instal\u00b7lada en el Sal\u00f3 de Reines, oferix un recorregut per escenes realitzades des de 1989 que formen part de la mem\u00f2ria de la ciutat i que podran visitar-se durant totes les festes.<\/p>\n\n\n\n<p>La mostra oferix un recorregut per d\u00edhuit peces restaurades despr\u00e9s de la dana, amb escenes creades des de finals dels anys huitanta fins a l&#8217;actualitat. La proposta combina treballs hist\u00f2rics, recreacions de la vida valenciana i passatges tradicionals del betlemisme, i incorpora fins i tot una recreaci\u00f3 que recorda el proc\u00e9s de recuperaci\u00f3 despr\u00e9s dels danys patits.&nbsp;<\/p>\n\n\n\n<p>L&#8217;exposici\u00f3, produ\u00efda per L\u2019ETNO, podr\u00e0 visitar-se en el Sal\u00f3 de Reines fins al 5 de gener.<\/p>\n","protected":false},"excerpt":{"rendered":"<div class=\"mh-excerpt\">El president Vicent Momp\u00f3 destaca els &#8220;valors de proximitat, tradici\u00f3 i il\u00b7lusi\u00f3&#8221; en un acte on s&#8217;ha avan\u00e7at la programaci\u00f3 nadalenca organitzada per la instituci\u00f3 provincial Esta vesprada es produir\u00e0 l&#8217;inici oficial de la campanya <a class=\"mh-excerpt-more\" href=\"https:\/\/www.tucomarca.com\/wordpress\/segunda\/ca\/la-diputacio-de-valencia-presenta-la-seua-campanya-de-nadal-baix-el-lema-tu-fas-gran-el-nostre-nadal\/\" title=\"La Diputaci\u00f3 de Val\u00e8ncia presenta la seua campanya de Nadal baix el lema \u201cTu fas gran el nostre Nadal\u201d\">[+] <\/a><\/div>\n","protected":false},"author":1,"featured_media":287316,"comment_status":"open","ping_status":"open","sticky":false,"template":"","format":"standard","meta":{"footnotes":""},"categories":[10898,10904,11007,10896],"tags":[11199,21009,11906,15856],"class_list":{"0":"post-287318","1":"post","2":"type-post","3":"status-publish","4":"format-standard","5":"has-post-thumbnail","7":"category-ventana-ca","8":"category-sin-categorizar-ca","9":"category-ocio-y-cultura-ca","10":"category-seccion-ca","11":"tag-la-comunitat-ca","12":"tag-la-diputacio-de-valencia-ca","13":"tag-navidad-ca","14":"tag-ocio-y-cultura-ca"},"_links":{"self":[{"href":"https:\/\/www.tucomarca.com\/wordpress\/segunda\/ca\/wp-json\/wp\/v2\/posts\/287318","targetHints":{"allow":["GET"]}}],"collection":[{"href":"https:\/\/www.tucomarca.com\/wordpress\/segunda\/ca\/wp-json\/wp\/v2\/posts"}],"about":[{"href":"https:\/\/www.tucomarca.com\/wordpress\/segunda\/ca\/wp-json\/wp\/v2\/types\/post"}],"author":[{"embeddable":true,"href":"https:\/\/www.tucomarca.com\/wordpress\/segunda\/ca\/wp-json\/wp\/v2\/users\/1"}],"replies":[{"embeddable":true,"href":"https:\/\/www.tucomarca.com\/wordpress\/segunda\/ca\/wp-json\/wp\/v2\/comments?post=287318"}],"version-history":[{"count":0,"href":"https:\/\/www.tucomarca.com\/wordpress\/segunda\/ca\/wp-json\/wp\/v2\/posts\/287318\/revisions"}],"wp:featuredmedia":[{"embeddable":true,"href":"https:\/\/www.tucomarca.com\/wordpress\/segunda\/ca\/wp-json\/wp\/v2\/media\/287316"}],"wp:attachment":[{"href":"https:\/\/www.tucomarca.com\/wordpress\/segunda\/ca\/wp-json\/wp\/v2\/media?parent=287318"}],"wp:term":[{"taxonomy":"category","embeddable":true,"href":"https:\/\/www.tucomarca.com\/wordpress\/segunda\/ca\/wp-json\/wp\/v2\/categories?post=287318"},{"taxonomy":"post_tag","embeddable":true,"href":"https:\/\/www.tucomarca.com\/wordpress\/segunda\/ca\/wp-json\/wp\/v2\/tags?post=287318"}],"curies":[{"name":"wp","href":"https:\/\/api.w.org\/{rel}","templated":true}]}}