{"id":287382,"date":"2025-12-09T12:00:00","date_gmt":"2025-12-09T11:00:00","guid":{"rendered":"https:\/\/www.tucomarca.com\/wordpress\/segunda\/?p=287382"},"modified":"2025-12-09T12:23:43","modified_gmt":"2025-12-09T11:23:43","slug":"remuntada-epica-i-victoria-del-cd-bunol-2-3-en-un-partidas-dalta-intensitat","status":"publish","type":"post","link":"https:\/\/www.tucomarca.com\/wordpress\/segunda\/ca\/remuntada-epica-i-victoria-del-cd-bunol-2-3-en-un-partidas-dalta-intensitat\/","title":{"rendered":"Remuntada \u00e8pica i vict\u00f2ria del CD Bu\u00f1ol (2-3) en un partid\u00e0s d\u2019alta intensitat"},"content":{"rendered":"\n<p>El CD Bu\u00f1ol va signar una de les vict\u00f2ries m\u00e9s emocionants de la temporada despr\u00e9s d\u2019imposar-se per <strong>2-3<\/strong> a l\u2019Athletic Club Torrellano en un encontre vibrant corresponent a la Jornada 13 de la <strong>Tercera Federaci\u00f3<\/strong>. El xoc, ple de ritme, tensi\u00f3 i grans accions individuals, va deixar una remuntada \u00e8pica que refor\u00e7a el conjunt bu\u00f1olense en la classificaci\u00f3.<\/p>\n\n\n\n<p>El partit va arrancar amb for\u00e7a per part del Torrellano, que va aconseguir avan\u00e7ar-se en el marcador. No obstant aix\u00f2, el Bu\u00f1ol no va tardar a demostrar car\u00e0cter i determinaci\u00f3. <strong>Mangel<\/strong> va obrir el compte visitant amb un aut\u00e8ntic gol\u00e0s de falta en el minut 46, un llan\u00e7ament imparable que retornava l\u2019esperan\u00e7a a l\u2019equip.<\/p>\n\n\n\n<p>En la segona part, el Bu\u00f1ol va augmentar la pressi\u00f3 i va trobar l\u2019empat gr\u00e0cies a <strong>Duco<\/strong>, que va anotar en el minut 70 el 2-2. El tant va donar ales al conjunt bu\u00f1olense, que es va llan\u00e7ar a per la vict\u00f2ria.<\/p>\n\n\n\n<p>Nom\u00e9s sis minuts despr\u00e9s, en el 76\u2019, <strong>Mangel<\/strong> va tornar a brillar amb una altra falta magistral, signant el seu segon gol i culminant la remuntada amb un 2-3 que ja seria definitiu.<\/p>\n\n\n\n<p>Amb estes tres punts, el CD Bu\u00f1ol aconsegueix una injecci\u00f3 de moral i continua escalant posicions en la taula, demostrant una vegada m\u00e9s la seua capacitat de lluita i la seua pegada en els moments decisius. Informa,<strong> P. Ferrer<\/strong>.<\/p>\n\n\n\n<p><strong>Fotos: Jos\u00e9 L. Mont\u00f3n<\/strong><\/p>\n\n\n\n<figure class=\"wp-block-gallery has-nested-images columns-2 is-cropped wp-block-gallery-1 is-layout-flex wp-block-gallery-is-layout-flex\">\n<figure class=\"wp-block-image size-large\"><img loading=\"lazy\" decoding=\"async\" width=\"1024\" height=\"682\" data-id=\"287363\" src=\"https:\/\/www.tucomarca.com\/wordpress\/segunda\/wp-content\/uploads\/2025\/12\/CDBunol-Torrellano_02-1024x682.jpg\" alt=\"\" class=\"wp-image-287363\" srcset=\"https:\/\/www.tucomarca.com\/wordpress\/segunda\/wp-content\/uploads\/2025\/12\/CDBunol-Torrellano_02-1024x682.jpg 1024w, https:\/\/www.tucomarca.com\/wordpress\/segunda\/wp-content\/uploads\/2025\/12\/CDBunol-Torrellano_02-300x200.jpg 300w, https:\/\/www.tucomarca.com\/wordpress\/segunda\/wp-content\/uploads\/2025\/12\/CDBunol-Torrellano_02-768x511.jpg 768w, https:\/\/www.tucomarca.com\/wordpress\/segunda\/wp-content\/uploads\/2025\/12\/CDBunol-Torrellano_02.jpg 1181w\" sizes=\"auto, (max-width: 1024px) 100vw, 1024px\" \/><\/figure>\n\n\n\n<figure class=\"wp-block-image size-large\"><img loading=\"lazy\" decoding=\"async\" width=\"886\" height=\"590\" data-id=\"287373\" src=\"https:\/\/www.tucomarca.com\/wordpress\/segunda\/wp-content\/uploads\/2025\/12\/CDBunol-Torrellano_07.jpg\" alt=\"\" class=\"wp-image-287373\" srcset=\"https:\/\/www.tucomarca.com\/wordpress\/segunda\/wp-content\/uploads\/2025\/12\/CDBunol-Torrellano_07.jpg 886w, https:\/\/www.tucomarca.com\/wordpress\/segunda\/wp-content\/uploads\/2025\/12\/CDBunol-Torrellano_07-300x200.jpg 300w, https:\/\/www.tucomarca.com\/wordpress\/segunda\/wp-content\/uploads\/2025\/12\/CDBunol-Torrellano_07-768x511.jpg 768w\" sizes=\"auto, (max-width: 886px) 100vw, 886px\" \/><\/figure>\n\n\n\n<figure class=\"wp-block-image size-large\"><img loading=\"lazy\" decoding=\"async\" width=\"886\" height=\"590\" data-id=\"287375\" src=\"https:\/\/www.tucomarca.com\/wordpress\/segunda\/wp-content\/uploads\/2025\/12\/CDBunol-Torrellano_08.jpg\" alt=\"\" class=\"wp-image-287375\" srcset=\"https:\/\/www.tucomarca.com\/wordpress\/segunda\/wp-content\/uploads\/2025\/12\/CDBunol-Torrellano_08.jpg 886w, https:\/\/www.tucomarca.com\/wordpress\/segunda\/wp-content\/uploads\/2025\/12\/CDBunol-Torrellano_08-300x200.jpg 300w, https:\/\/www.tucomarca.com\/wordpress\/segunda\/wp-content\/uploads\/2025\/12\/CDBunol-Torrellano_08-768x511.jpg 768w\" sizes=\"auto, (max-width: 886px) 100vw, 886px\" \/><\/figure>\n\n\n\n<figure class=\"wp-block-image size-large\"><img loading=\"lazy\" decoding=\"async\" width=\"1024\" height=\"682\" data-id=\"287379\" src=\"https:\/\/www.tucomarca.com\/wordpress\/segunda\/wp-content\/uploads\/2025\/12\/CDBunol-Torrellano_10-1024x682.jpg\" alt=\"\" class=\"wp-image-287379\" srcset=\"https:\/\/www.tucomarca.com\/wordpress\/segunda\/wp-content\/uploads\/2025\/12\/CDBunol-Torrellano_10-1024x682.jpg 1024w, https:\/\/www.tucomarca.com\/wordpress\/segunda\/wp-content\/uploads\/2025\/12\/CDBunol-Torrellano_10-300x200.jpg 300w, https:\/\/www.tucomarca.com\/wordpress\/segunda\/wp-content\/uploads\/2025\/12\/CDBunol-Torrellano_10-768x511.jpg 768w, https:\/\/www.tucomarca.com\/wordpress\/segunda\/wp-content\/uploads\/2025\/12\/CDBunol-Torrellano_10.jpg 1181w\" sizes=\"auto, (max-width: 1024px) 100vw, 1024px\" \/><\/figure>\n\n\n\n<figure class=\"wp-block-image size-large\"><img loading=\"lazy\" decoding=\"async\" width=\"682\" height=\"1024\" data-id=\"287377\" src=\"https:\/\/www.tucomarca.com\/wordpress\/segunda\/wp-content\/uploads\/2025\/12\/CDBunol-Torrellano_09-682x1024.jpg\" alt=\"\" class=\"wp-image-287377\" srcset=\"https:\/\/www.tucomarca.com\/wordpress\/segunda\/wp-content\/uploads\/2025\/12\/CDBunol-Torrellano_09-682x1024.jpg 682w, https:\/\/www.tucomarca.com\/wordpress\/segunda\/wp-content\/uploads\/2025\/12\/CDBunol-Torrellano_09-200x300.jpg 200w, https:\/\/www.tucomarca.com\/wordpress\/segunda\/wp-content\/uploads\/2025\/12\/CDBunol-Torrellano_09-768x1154.jpg 768w, https:\/\/www.tucomarca.com\/wordpress\/segunda\/wp-content\/uploads\/2025\/12\/CDBunol-Torrellano_09.jpg 886w\" sizes=\"auto, (max-width: 682px) 100vw, 682px\" \/><\/figure>\n\n\n\n<figure class=\"wp-block-image size-large\"><img loading=\"lazy\" decoding=\"async\" width=\"682\" height=\"1024\" data-id=\"287371\" src=\"https:\/\/www.tucomarca.com\/wordpress\/segunda\/wp-content\/uploads\/2025\/12\/CDBunol-Torrellano_06-682x1024.jpg\" alt=\"\" class=\"wp-image-287371\" srcset=\"https:\/\/www.tucomarca.com\/wordpress\/segunda\/wp-content\/uploads\/2025\/12\/CDBunol-Torrellano_06-682x1024.jpg 682w, https:\/\/www.tucomarca.com\/wordpress\/segunda\/wp-content\/uploads\/2025\/12\/CDBunol-Torrellano_06-200x300.jpg 200w, https:\/\/www.tucomarca.com\/wordpress\/segunda\/wp-content\/uploads\/2025\/12\/CDBunol-Torrellano_06-768x1154.jpg 768w, https:\/\/www.tucomarca.com\/wordpress\/segunda\/wp-content\/uploads\/2025\/12\/CDBunol-Torrellano_06.jpg 886w\" sizes=\"auto, (max-width: 682px) 100vw, 682px\" \/><\/figure>\n\n\n\n<figure class=\"wp-block-image size-large\"><img loading=\"lazy\" decoding=\"async\" width=\"682\" height=\"1024\" data-id=\"287367\" src=\"https:\/\/www.tucomarca.com\/wordpress\/segunda\/wp-content\/uploads\/2025\/12\/CDBunol-Torrellano_04-682x1024.jpg\" alt=\"\" class=\"wp-image-287367\" srcset=\"https:\/\/www.tucomarca.com\/wordpress\/segunda\/wp-content\/uploads\/2025\/12\/CDBunol-Torrellano_04-682x1024.jpg 682w, https:\/\/www.tucomarca.com\/wordpress\/segunda\/wp-content\/uploads\/2025\/12\/CDBunol-Torrellano_04-200x300.jpg 200w, https:\/\/www.tucomarca.com\/wordpress\/segunda\/wp-content\/uploads\/2025\/12\/CDBunol-Torrellano_04-768x1154.jpg 768w, https:\/\/www.tucomarca.com\/wordpress\/segunda\/wp-content\/uploads\/2025\/12\/CDBunol-Torrellano_04.jpg 886w\" sizes=\"auto, (max-width: 682px) 100vw, 682px\" \/><\/figure>\n\n\n\n<figure class=\"wp-block-image size-large\"><img loading=\"lazy\" decoding=\"async\" width=\"682\" height=\"1024\" data-id=\"287365\" src=\"https:\/\/www.tucomarca.com\/wordpress\/segunda\/wp-content\/uploads\/2025\/12\/CDBunol-Torrellano_03-682x1024.jpg\" alt=\"\" class=\"wp-image-287365\" srcset=\"https:\/\/www.tucomarca.com\/wordpress\/segunda\/wp-content\/uploads\/2025\/12\/CDBunol-Torrellano_03-682x1024.jpg 682w, https:\/\/www.tucomarca.com\/wordpress\/segunda\/wp-content\/uploads\/2025\/12\/CDBunol-Torrellano_03-200x300.jpg 200w, https:\/\/www.tucomarca.com\/wordpress\/segunda\/wp-content\/uploads\/2025\/12\/CDBunol-Torrellano_03-768x1154.jpg 768w, https:\/\/www.tucomarca.com\/wordpress\/segunda\/wp-content\/uploads\/2025\/12\/CDBunol-Torrellano_03.jpg 886w\" sizes=\"auto, (max-width: 682px) 100vw, 682px\" \/><\/figure>\n\n\n\n<figure class=\"wp-block-image size-large\"><img loading=\"lazy\" decoding=\"async\" width=\"1024\" height=\"682\" data-id=\"287370\" src=\"http:\/\/www.tucomarca.com\/wordpress\/segunda\/wp-content\/uploads\/2025\/12\/CDBunol-Torrellano_05-1024x682.jpg\" alt=\"\" class=\"wp-image-287370\" srcset=\"https:\/\/www.tucomarca.com\/wordpress\/segunda\/wp-content\/uploads\/2025\/12\/CDBunol-Torrellano_05-1024x682.jpg 1024w, https:\/\/www.tucomarca.com\/wordpress\/segunda\/wp-content\/uploads\/2025\/12\/CDBunol-Torrellano_05-300x200.jpg 300w, https:\/\/www.tucomarca.com\/wordpress\/segunda\/wp-content\/uploads\/2025\/12\/CDBunol-Torrellano_05-768x511.jpg 768w, https:\/\/www.tucomarca.com\/wordpress\/segunda\/wp-content\/uploads\/2025\/12\/CDBunol-Torrellano_05.jpg 1181w\" sizes=\"auto, (max-width: 1024px) 100vw, 1024px\" \/><\/figure>\n<\/figure>\n","protected":false},"excerpt":{"rendered":"<div class=\"mh-excerpt\">El CD Bu\u00f1ol va signar una de les vict\u00f2ries m\u00e9s emocionants de la temporada despr\u00e9s d\u2019imposar-se per 2-3 a l\u2019Athletic Club Torrellano en un encontre vibrant corresponent a la Jornada 13 de la Tercera Federaci\u00f3. <a class=\"mh-excerpt-more\" href=\"https:\/\/www.tucomarca.com\/wordpress\/segunda\/ca\/remuntada-epica-i-victoria-del-cd-bunol-2-3-en-un-partidas-dalta-intensitat\/\" title=\"Remuntada \u00e8pica i vict\u00f2ria del CD Bu\u00f1ol (2-3) en un partid\u00e0s d\u2019alta intensitat\">[+] <\/a><\/div>\n","protected":false},"author":12,"featured_media":287362,"comment_status":"open","ping_status":"open","sticky":false,"template":"","format":"gallery","meta":{"footnotes":""},"categories":[10911,11015,11003,10894,10912,10896],"tags":[10913,11126,10914],"class_list":{"0":"post-287382","1":"post","2":"type-post","3":"status-publish","4":"format-gallery","5":"has-post-thumbnail","7":"category-bunol-ca","8":"category-canal-futbol","9":"category-sports","10":"category-la-comarca-ca","11":"category-la-hoya-ca","12":"category-seccion-ca","13":"tag-bunol-ca","14":"tag-cd-bunol-ca","15":"tag-la-hoya-de-bunol-chiva-ca","16":"post_format-post-format-gallery"},"_links":{"self":[{"href":"https:\/\/www.tucomarca.com\/wordpress\/segunda\/ca\/wp-json\/wp\/v2\/posts\/287382","targetHints":{"allow":["GET"]}}],"collection":[{"href":"https:\/\/www.tucomarca.com\/wordpress\/segunda\/ca\/wp-json\/wp\/v2\/posts"}],"about":[{"href":"https:\/\/www.tucomarca.com\/wordpress\/segunda\/ca\/wp-json\/wp\/v2\/types\/post"}],"author":[{"embeddable":true,"href":"https:\/\/www.tucomarca.com\/wordpress\/segunda\/ca\/wp-json\/wp\/v2\/users\/12"}],"replies":[{"embeddable":true,"href":"https:\/\/www.tucomarca.com\/wordpress\/segunda\/ca\/wp-json\/wp\/v2\/comments?post=287382"}],"version-history":[{"count":0,"href":"https:\/\/www.tucomarca.com\/wordpress\/segunda\/ca\/wp-json\/wp\/v2\/posts\/287382\/revisions"}],"wp:featuredmedia":[{"embeddable":true,"href":"https:\/\/www.tucomarca.com\/wordpress\/segunda\/ca\/wp-json\/wp\/v2\/media\/287362"}],"wp:attachment":[{"href":"https:\/\/www.tucomarca.com\/wordpress\/segunda\/ca\/wp-json\/wp\/v2\/media?parent=287382"}],"wp:term":[{"taxonomy":"category","embeddable":true,"href":"https:\/\/www.tucomarca.com\/wordpress\/segunda\/ca\/wp-json\/wp\/v2\/categories?post=287382"},{"taxonomy":"post_tag","embeddable":true,"href":"https:\/\/www.tucomarca.com\/wordpress\/segunda\/ca\/wp-json\/wp\/v2\/tags?post=287382"}],"curies":[{"name":"wp","href":"https:\/\/api.w.org\/{rel}","templated":true}]}}