{"id":287427,"date":"2025-12-09T11:30:00","date_gmt":"2025-12-09T10:30:00","guid":{"rendered":"https:\/\/www.tucomarca.com\/wordpress\/segunda\/?p=287427"},"modified":"2025-12-09T20:52:07","modified_gmt":"2025-12-09T19:52:07","slug":"investiguen-a-un-cacador-furtiu-per-abatre-a-un-exemplar-de-mascle-muntes-a-navarres","status":"publish","type":"post","link":"https:\/\/www.tucomarca.com\/wordpress\/segunda\/ca\/investiguen-a-un-cacador-furtiu-per-abatre-a-un-exemplar-de-mascle-muntes-a-navarres\/","title":{"rendered":"Investiguen a un ca\u00e7ador furtiu per abatre a un exemplar de mascle munt\u00e9s a Navarr\u00e9s"},"content":{"rendered":"\n<h3 class=\"wp-block-heading\">L&#8217;autor dels fets mancava d&#8217;autoritzaci\u00f3 per a ca\u00e7ar.<\/h3>\n\n\n\n<p>La Gu\u00e0rdia Civil ha detingut a un home per haver habitat a un exemplar de Mascle Munt\u00e9s mancant d&#8217;autoritzaci\u00f3 i precinte.<\/p>\n\n\n\n<p>A primera hora del passat 1 de novembre es va rebre av\u00eds per part d&#8217;una societat de ca\u00e7adors, informant que s&#8217;havia abatut un exemplar de Mascle Munt\u00e9s mancant d&#8217;autoritzaci\u00f3 i precinte. Al lloc es va despla\u00e7ar la Patrulla de Protecci\u00f3 de la Naturalesa de Navarr\u00e9s.<\/p>\n\n\n\n<p>L&#8217;animal va ser localitzat en el terme municipal d&#8217;una localitat de la comarca del Canal de Navarr\u00e9s. Es tractava d&#8217;un exemplar de Mascle Munt\u00e9s (Capra Pyrenaica) d&#8217;uns 8 anys d&#8217;edat. Es va localitzar el projectil i es va extraure per al seu posterior estudi.<\/p>\n\n\n\n<p>Unes hores m\u00e9s tard, mentre la patrulla realitzava una batuda pel terme municipal de la localitat, va observar dos ca\u00e7adors amb dos gossos i va procedir a la seua identificaci\u00f3 i inspecci\u00f3 de la documentaci\u00f3 que posse\u00efen.<\/p>\n\n\n\n<p>Es van formular set den\u00fancies per infraccions administratives a la Llei 2\/2023 de Protecci\u00f3, Benestar i Tinen\u00e7a d&#8217;Animals de Companyia i altres mitjanes de Benestar Animal en la Comuniqueu Valenciana al propietari dels cans. Mancaven del preceptiu microxip d&#8217;identificaci\u00f3 i de les vacunes obligat\u00f2ries.<\/p>\n\n\n\n<p>Aix\u00ed mateix, es va revisar l&#8217;interior del vehicle trobant en el seu interior un rifle i una caixa amb munici\u00f3 on faltaven dos cartutxos. El calibre de la munici\u00f3 coincidia amb el del projectil trobat en l&#8217;animal abatut.<\/p>\n\n\n\n<p>Finalment, les perquisicions han concl\u00f2s amb la investigaci\u00f3 d&#8217;un home de 45 anys i nacionalitat espanyola per un delicte de ca\u00e7a i contra la fauna.<\/p>\n\n\n\n<p>La investigaci\u00f3 ha sigut duta a terme per agents de la Patrulla del Seprona de Navarr\u00e9s.<\/p>\n\n\n\n<p>Les dilig\u00e8ncies van ser entregades en el Jutjat de Primera Inst\u00e0ncia i Instrucci\u00f3 n\u00famero 3 de X\u00e0tiva i a la Fiscalia de Medi Ambient de Val\u00e8ncia.<\/p>\n","protected":false},"excerpt":{"rendered":"<div class=\"mh-excerpt\">L&#8217;autor dels fets mancava d&#8217;autoritzaci\u00f3 per a ca\u00e7ar. La Gu\u00e0rdia Civil ha detingut a un home per haver habitat a un exemplar de Mascle Munt\u00e9s mancant d&#8217;autoritzaci\u00f3 i precinte. A primera hora del passat 1 <a class=\"mh-excerpt-more\" href=\"https:\/\/www.tucomarca.com\/wordpress\/segunda\/ca\/investiguen-a-un-cacador-furtiu-per-abatre-a-un-exemplar-de-mascle-muntes-a-navarres\/\" title=\"Investiguen a un ca\u00e7ador furtiu per abatre a un exemplar de mascle munt\u00e9s a Navarr\u00e9s\">[+] <\/a><\/div>\n","protected":false},"author":12,"featured_media":287426,"comment_status":"open","ping_status":"open","sticky":false,"template":"","format":"standard","meta":{"footnotes":""},"categories":[10898,10963,10894,10971,10896,10897],"tags":[23522,11118,11094,23523,14072],"class_list":{"0":"post-287427","1":"post","2":"type-post","3":"status-publish","4":"format-standard","5":"has-post-thumbnail","7":"category-ventana-ca","8":"category-la-canal-de-navarres-ca","9":"category-la-comarca-ca","10":"category-navarres-ca","11":"category-seccion-ca","12":"category-sucesos-la-comarca-ca","13":"tag-caza-ilegal-ca","14":"tag-guardia-civil-ca","15":"tag-la-canal-de-navarres","16":"tag-ley-de-bienestar-animal-ca","17":"tag-navarres-ca"},"_links":{"self":[{"href":"https:\/\/www.tucomarca.com\/wordpress\/segunda\/ca\/wp-json\/wp\/v2\/posts\/287427","targetHints":{"allow":["GET"]}}],"collection":[{"href":"https:\/\/www.tucomarca.com\/wordpress\/segunda\/ca\/wp-json\/wp\/v2\/posts"}],"about":[{"href":"https:\/\/www.tucomarca.com\/wordpress\/segunda\/ca\/wp-json\/wp\/v2\/types\/post"}],"author":[{"embeddable":true,"href":"https:\/\/www.tucomarca.com\/wordpress\/segunda\/ca\/wp-json\/wp\/v2\/users\/12"}],"replies":[{"embeddable":true,"href":"https:\/\/www.tucomarca.com\/wordpress\/segunda\/ca\/wp-json\/wp\/v2\/comments?post=287427"}],"version-history":[{"count":0,"href":"https:\/\/www.tucomarca.com\/wordpress\/segunda\/ca\/wp-json\/wp\/v2\/posts\/287427\/revisions"}],"wp:featuredmedia":[{"embeddable":true,"href":"https:\/\/www.tucomarca.com\/wordpress\/segunda\/ca\/wp-json\/wp\/v2\/media\/287426"}],"wp:attachment":[{"href":"https:\/\/www.tucomarca.com\/wordpress\/segunda\/ca\/wp-json\/wp\/v2\/media?parent=287427"}],"wp:term":[{"taxonomy":"category","embeddable":true,"href":"https:\/\/www.tucomarca.com\/wordpress\/segunda\/ca\/wp-json\/wp\/v2\/categories?post=287427"},{"taxonomy":"post_tag","embeddable":true,"href":"https:\/\/www.tucomarca.com\/wordpress\/segunda\/ca\/wp-json\/wp\/v2\/tags?post=287427"}],"curies":[{"name":"wp","href":"https:\/\/api.w.org\/{rel}","templated":true}]}}