{"id":287563,"date":"2025-12-10T10:05:00","date_gmt":"2025-12-10T09:05:00","guid":{"rendered":"https:\/\/www.tucomarca.com\/wordpress\/segunda\/?p=287563"},"modified":"2025-12-10T21:54:46","modified_gmt":"2025-12-10T20:54:46","slug":"emotiva-acollida-del-public-al-concert-de-musica-a-la-llum-a-chiva","status":"publish","type":"post","link":"https:\/\/www.tucomarca.com\/wordpress\/segunda\/ca\/emotiva-acollida-del-public-al-concert-de-musica-a-la-llum-a-chiva\/","title":{"rendered":"Emotiva acollida del p\u00fablic al concert de M\u00fasica a la Llum a Chiva"},"content":{"rendered":"\n<p>El p\u00fablic del teatre Astoria de Chiva va respondre amb una c\u00e0lida ovaci\u00f3 al concert de <em>M\u00fasica a la Llum<\/em> que la Jove Banda Simf\u00f2nica de la FSMCV va oferir este passat dissabte sota la direcci\u00f3 de Jer\u00f3nimo Castell\u00f3. La cita es va convertir en una mostra col\u00b7lectiva de sensibilitat i de reconeixement cap al valor cultural i hum\u00e0 de les nostres societats musicals.<\/p>\n\n\n\n<p>El programa, seleccionat amb cura per a l\u2019ocasi\u00f3, va retre homenatge a m\u00fasics nascuts en alguns dels municipis recentment castigats per la DANA i estretament vinculats a les seues bandes: Jos\u00e9 Moreno Gans, Bernardo Adam Ferrero, Ethelvina-Olgq Raga Selma, Jos\u00e9 P\u00e9rez Ballester, Pedro Sosa L\u00f3pez, Jos\u00e9 Mar\u00eda Cervera Lloret, Jos\u00e9 Cler\u00edes Oliver i Domingo Vela Alcayna. Les seues composicions van ressonar amb una for\u00e7a especial, evocant mem\u00f2ria, arrelament i esperan\u00e7a en un moment especialment significatiu per a les localitats afectades.<\/p>\n\n\n\n<p>La interpretaci\u00f3 de la jove formaci\u00f3, carregada d\u2019emoci\u00f3 i sensibilitat, va refor\u00e7ar la dimensi\u00f3 social del projecte <em>M\u00fasica a la Llum<\/em> i va reafirmar el paper de la m\u00fasica com uni\u00f3, consol i celebraci\u00f3.<\/p>\n\n\n\n<figure class=\"wp-block-image size-large\"><img loading=\"lazy\" decoding=\"async\" width=\"1024\" height=\"684\" src=\"http:\/\/www.tucomarca.com\/wordpress\/segunda\/wp-content\/uploads\/2025\/12\/ConciertoDanaChiva25-1024x684.jpg\" alt=\"\" class=\"wp-image-287560\" srcset=\"https:\/\/www.tucomarca.com\/wordpress\/segunda\/wp-content\/uploads\/2025\/12\/ConciertoDanaChiva25-1024x684.jpg 1024w, https:\/\/www.tucomarca.com\/wordpress\/segunda\/wp-content\/uploads\/2025\/12\/ConciertoDanaChiva25-300x200.jpg 300w, https:\/\/www.tucomarca.com\/wordpress\/segunda\/wp-content\/uploads\/2025\/12\/ConciertoDanaChiva25-768x513.jpg 768w, https:\/\/www.tucomarca.com\/wordpress\/segunda\/wp-content\/uploads\/2025\/12\/ConciertoDanaChiva25.jpg 1438w\" sizes=\"auto, (max-width: 1024px) 100vw, 1024px\" \/><\/figure>\n","protected":false},"excerpt":{"rendered":"<div class=\"mh-excerpt\">El p\u00fablic del teatre Astoria de Chiva va respondre amb una c\u00e0lida ovaci\u00f3 al concert de M\u00fasica a la Llum que la Jove Banda Simf\u00f2nica de la FSMCV va oferir este passat dissabte sota la <a class=\"mh-excerpt-more\" href=\"https:\/\/www.tucomarca.com\/wordpress\/segunda\/ca\/emotiva-acollida-del-public-al-concert-de-musica-a-la-llum-a-chiva\/\" title=\"Emotiva acollida del p\u00fablic al concert de M\u00fasica a la Llum a Chiva\">[+] <\/a><\/div>\n","protected":false},"author":12,"featured_media":287559,"comment_status":"open","ping_status":"open","sticky":false,"template":"","format":"standard","meta":{"footnotes":""},"categories":[11005,21466,10894,10904,10912,11007,10896,10975],"tags":[11195,15409,11210,23529,10914,23530],"class_list":{"0":"post-287563","1":"post","2":"type-post","3":"status-publish","4":"format-standard","5":"has-post-thumbnail","7":"category-canal-musica","8":"category-dana-ca","9":"category-la-comarca-ca","10":"category-sin-categorizar-ca","11":"category-la-hoya-ca","12":"category-ocio-y-cultura-ca","13":"category-seccion-ca","14":"category-chiva-ca","15":"tag-chiva-ca","16":"tag-dana-2-ca","17":"tag-fsmcv-ca","18":"tag-joven-banda-sinfonica-fsmcv-ca","19":"tag-la-hoya-de-bunol-chiva-ca","20":"tag-musica-a-la-llum-ca"},"_links":{"self":[{"href":"https:\/\/www.tucomarca.com\/wordpress\/segunda\/ca\/wp-json\/wp\/v2\/posts\/287563","targetHints":{"allow":["GET"]}}],"collection":[{"href":"https:\/\/www.tucomarca.com\/wordpress\/segunda\/ca\/wp-json\/wp\/v2\/posts"}],"about":[{"href":"https:\/\/www.tucomarca.com\/wordpress\/segunda\/ca\/wp-json\/wp\/v2\/types\/post"}],"author":[{"embeddable":true,"href":"https:\/\/www.tucomarca.com\/wordpress\/segunda\/ca\/wp-json\/wp\/v2\/users\/12"}],"replies":[{"embeddable":true,"href":"https:\/\/www.tucomarca.com\/wordpress\/segunda\/ca\/wp-json\/wp\/v2\/comments?post=287563"}],"version-history":[{"count":0,"href":"https:\/\/www.tucomarca.com\/wordpress\/segunda\/ca\/wp-json\/wp\/v2\/posts\/287563\/revisions"}],"wp:featuredmedia":[{"embeddable":true,"href":"https:\/\/www.tucomarca.com\/wordpress\/segunda\/ca\/wp-json\/wp\/v2\/media\/287559"}],"wp:attachment":[{"href":"https:\/\/www.tucomarca.com\/wordpress\/segunda\/ca\/wp-json\/wp\/v2\/media?parent=287563"}],"wp:term":[{"taxonomy":"category","embeddable":true,"href":"https:\/\/www.tucomarca.com\/wordpress\/segunda\/ca\/wp-json\/wp\/v2\/categories?post=287563"},{"taxonomy":"post_tag","embeddable":true,"href":"https:\/\/www.tucomarca.com\/wordpress\/segunda\/ca\/wp-json\/wp\/v2\/tags?post=287563"}],"curies":[{"name":"wp","href":"https:\/\/api.w.org\/{rel}","templated":true}]}}