{"id":287643,"date":"2025-12-10T11:30:00","date_gmt":"2025-12-10T10:30:00","guid":{"rendered":"https:\/\/www.tucomarca.com\/wordpress\/segunda\/?p=287643"},"modified":"2025-12-10T21:15:33","modified_gmt":"2025-12-10T20:15:33","slug":"la-diputacio-y-camara-valencia-reunixen-mes-de-cent-empresaris-per-a-abordar-les-ajudes-publiques-per-a-enfortir-el-teixit-empresarial","status":"publish","type":"post","link":"https:\/\/www.tucomarca.com\/wordpress\/segunda\/ca\/la-diputacio-y-camara-valencia-reunixen-mes-de-cent-empresaris-per-a-abordar-les-ajudes-publiques-per-a-enfortir-el-teixit-empresarial\/","title":{"rendered":"La Diputaci\u00f3 y C\u00e1mara Valencia reunixen m\u00e9s de cent empresaris per a abordar les ajudes p\u00fabliques per a enfortir el teixit empresarial"},"content":{"rendered":"\n<h3 class=\"wp-block-heading\">L&#8217;\u00e0rea de Promoci\u00f3 Econ\u00f2mica que dirigix Nat\u00e0lia Enguix finan\u00e7a, en el marc de l&#8217;Oficina de Sostenibilitat, una jornada per a con\u00e9ixer les convocat\u00f2ries de subvencions per a projectes i inversions de pimes.<\/h3>\n\n\n\n<p>M\u00e9s d&#8217;un centenar de persones s&#8217;han donat cita en una jornada impulsada per la Diputaci\u00f3 de Val\u00e8ncia i en col\u00b7laboraci\u00f3 amb C\u00e1mara Val\u00e8ncia per a acostar a les xicotetes i mitjanes empreses les claus per a planificar els seus projectes i inversions de cara al pr\u00f2xim any.<\/p>\n\n\n\n<p>Baix el t\u00edtol &#8220;II Jornada Marat\u00f3 Ajudes \u2013 Finances Competitivitat 2026&#8221;, l&#8217;encontre ha reunit experts de l&#8217;\u00e0mbit financer i regulador que oferit una visi\u00f3 pr\u00e0ctica sobre com planificar la busca de finan\u00e7ament en 2026, analitzant les principals ajudes, mecanismes d&#8217;inversi\u00f3 i criteris que condicionen l&#8217;acc\u00e9s a projectes d&#8217;innovaci\u00f3 i sostenibilitat.<\/p>\n\n\n\n<p>La vicepresidenta primera de la Diputaci\u00f3 i responsable de l&#8217;\u00e0rea de Promoci\u00f3 Econ\u00f2mica, Natalia Enguix, ha subratllat que l&#8217;objectiu \u00e9s assegurar que les oportunitats arriben a tot el territori: \u201cM\u00e9s enll\u00e0 de Val\u00e8ncia ciutat i la seua \u00e0rea metropolitana existix un teixit empresarial din\u00e0mic, amb emprenedors, pimes i projectes que necessiten acompanyament i recursos per a cr\u00e9ixer. La nostra obligaci\u00f3 \u00e9s estar prop d&#8217;ells i contribuir a consolidar noves iniciatives que generen ocupaci\u00f3, oportunitats i desenvolupament local\u201d.<\/p>\n\n\n\n<p>Enguix ha def\u00e9s tamb\u00e9 la import\u00e0ncia de vincular la innovaci\u00f3 al territori i a les persones: \u201cLes empreses no innoven: innoven les persones. Des de la Diputaci\u00f3 estem impulsant accions pilot i iniciatives que ajuden a gestionar el talent innovador i a accelerar la transformaci\u00f3 digital del teixit productiu. La col\u00b7laboraci\u00f3 p\u00fablic-privada \u00e9s clau perqu\u00e8 les solucions sorgisquen des del territori i responguen a les seues verdaderes necessitats\u201d.<\/p>\n\n\n\n<p><strong>Continguts de la jornada<\/strong><\/p>\n\n\n\n<p>En l&#8217;obertura de la sessi\u00f3 de treball ha participat, per part de la Diputaci\u00f3 de Val\u00e8ncia, Jos\u00e9 Domingo Mart\u00ednez, cap de secci\u00f3 de Servicis Innovadors i Sostenibles, qui s&#8217;ha dirigit als assistents per a posar el focus en &#8220;la necessitat de comptar amb una bona planificaci\u00f3 abans de llan\u00e7ar-se a la busca de finan\u00e7ament, de manera que existisca una estrat\u00e8gia global coherent i sostenible per a l&#8217;empresari&#8221;.<\/p>\n\n\n\n<p>Aix\u00ed mateix, Mart\u00ednez ha animat a &#8220;mirar a Europa com a opci\u00f3 real per a la captaci\u00f3 de fons, no sols de manera directa, sin\u00f3 tamb\u00e9 a trav\u00e9s de la creaci\u00f3 de consorcis territorials&#8221;.<\/p>\n\n\n\n<p>Durant les successives taules de treball, els experts han explicat com estructurar projectes s\u00f2lids que s&#8217;ajusten als requisits de cada organisme finan\u00e7ador, aix\u00ed com els aspectes clau que determinen l&#8217;elegibilitat i viabilitat de les propostes.<\/p>\n\n\n\n<p>La jornada tamb\u00e9 ha abordat les tend\u00e8ncies del mercat financer i regulador, destacant el pes creixent dels criteris ESG i de les finances sostenibles en l&#8217;avaluaci\u00f3 de projectes. Els ponents han analitzat com estos factors influ\u00efxen en la presa de decisions d&#8217;inversi\u00f3 i en la competitivitat de les empreses, i han oferit orientacions pr\u00e0ctiques per a adaptar els projectes a estes noves exig\u00e8ncies.<\/p>\n\n\n\n<p>Finalment, s&#8217;ha insistit en la necessitat que les empreses connecten la seua innovaci\u00f3 amb les necessitats reals del territori, generant solucions que contribu\u00efsquen al desenvolupament econ\u00f2mic i social de tota la prov\u00edncia.<\/p>\n","protected":false},"excerpt":{"rendered":"<div class=\"mh-excerpt\">L&#8217;\u00e0rea de Promoci\u00f3 Econ\u00f2mica que dirigix Nat\u00e0lia Enguix finan\u00e7a, en el marc de l&#8217;Oficina de Sostenibilitat, una jornada per a con\u00e9ixer les convocat\u00f2ries de subvencions per a projectes i inversions de pimes. M\u00e9s d&#8217;un centenar <a class=\"mh-excerpt-more\" href=\"https:\/\/www.tucomarca.com\/wordpress\/segunda\/ca\/la-diputacio-y-camara-valencia-reunixen-mes-de-cent-empresaris-per-a-abordar-les-ajudes-publiques-per-a-enfortir-el-teixit-empresarial\/\" title=\"La Diputaci\u00f3 y C\u00e1mara Valencia reunixen m\u00e9s de cent empresaris per a abordar les ajudes p\u00fabliques per a enfortir el teixit empresarial\">[+] <\/a><\/div>\n","protected":false},"author":12,"featured_media":287642,"comment_status":"open","ping_status":"open","sticky":false,"template":"","format":"standard","meta":{"footnotes":""},"categories":[10898,10948,10894,10904,10947,10896],"tags":[18752,23536,11246],"class_list":{"0":"post-287643","1":"post","2":"type-post","3":"status-publish","4":"format-standard","5":"has-post-thumbnail","7":"category-ventana-ca","8":"category-infraestructuras-ca","9":"category-la-comarca-ca","10":"category-sin-categorizar-ca","11":"category-politica","12":"category-seccion-ca","13":"tag-ayudas-publicas-ca","14":"tag-camara-valencia-ca","15":"tag-diputacio-de-valencia-ca"},"_links":{"self":[{"href":"https:\/\/www.tucomarca.com\/wordpress\/segunda\/ca\/wp-json\/wp\/v2\/posts\/287643","targetHints":{"allow":["GET"]}}],"collection":[{"href":"https:\/\/www.tucomarca.com\/wordpress\/segunda\/ca\/wp-json\/wp\/v2\/posts"}],"about":[{"href":"https:\/\/www.tucomarca.com\/wordpress\/segunda\/ca\/wp-json\/wp\/v2\/types\/post"}],"author":[{"embeddable":true,"href":"https:\/\/www.tucomarca.com\/wordpress\/segunda\/ca\/wp-json\/wp\/v2\/users\/12"}],"replies":[{"embeddable":true,"href":"https:\/\/www.tucomarca.com\/wordpress\/segunda\/ca\/wp-json\/wp\/v2\/comments?post=287643"}],"version-history":[{"count":0,"href":"https:\/\/www.tucomarca.com\/wordpress\/segunda\/ca\/wp-json\/wp\/v2\/posts\/287643\/revisions"}],"wp:featuredmedia":[{"embeddable":true,"href":"https:\/\/www.tucomarca.com\/wordpress\/segunda\/ca\/wp-json\/wp\/v2\/media\/287642"}],"wp:attachment":[{"href":"https:\/\/www.tucomarca.com\/wordpress\/segunda\/ca\/wp-json\/wp\/v2\/media?parent=287643"}],"wp:term":[{"taxonomy":"category","embeddable":true,"href":"https:\/\/www.tucomarca.com\/wordpress\/segunda\/ca\/wp-json\/wp\/v2\/categories?post=287643"},{"taxonomy":"post_tag","embeddable":true,"href":"https:\/\/www.tucomarca.com\/wordpress\/segunda\/ca\/wp-json\/wp\/v2\/tags?post=287643"}],"curies":[{"name":"wp","href":"https:\/\/api.w.org\/{rel}","templated":true}]}}