{"id":287700,"date":"2025-12-11T09:00:00","date_gmt":"2025-12-11T08:00:00","guid":{"rendered":"https:\/\/www.tucomarca.com\/wordpress\/segunda\/?p=287700"},"modified":"2025-12-11T19:39:25","modified_gmt":"2025-12-11T18:39:25","slug":"lorquesta-filarmonica-de-requena-abordara-obres-de-wagner-i-tchaikovsky-en-el-seu-concert-de-nadal","status":"publish","type":"post","link":"https:\/\/www.tucomarca.com\/wordpress\/segunda\/ca\/lorquesta-filarmonica-de-requena-abordara-obres-de-wagner-i-tchaikovsky-en-el-seu-concert-de-nadal\/","title":{"rendered":"L&#8217;Orquesta Filarm\u00f3nica de Requena abordar\u00e0 obres de Wagner i Tchaikovsky en el seu concert de Nadal"},"content":{"rendered":"\n<p>La Orquesta Filarm\u00f3nica Fundaci\u00f3n Ciudad de Requena, dirigida per Francisco Melero, protagonitzar\u00e0 el Concert de Nadal que organitza la formaci\u00f3 requenense amb el patrocini de la Fundaci\u00f3n Ciudad de Requena i la Bodega Ra\u00edces Ib\u00e9ricas. L&#8217;actuaci\u00f3 tindr\u00e0 lloc en el Teatre Principal de Requena, el dissabte 20 de desembre a les 19h, en el qual s&#8217;abordar\u00e0 un exigent programa, Wagner &amp; Tchaikovsky, titans del Romanticisme, que ret homenatge a dos gegants de la m\u00fasica simf\u00f2nica. Els organitzadors ultimen un esdeveniment que s&#8217;emmarca en el cicle Les quatre estacions.<\/p>\n\n\n\n<p>En la primera part, l&#8217;orquestra interpretar\u00e0 la Cavalcada de les Valquiries de Wagner i l&#8217;Obertura de Romeo i Julieta de Tchaikovsky; en la segona, l&#8217;Obertura de Tannha\u00fcser i una selecci\u00f3 de El llac dels cignes; i per a finalitzar el concert, la Suite Nadalenca amb el Cor del Conservatori Mari\u00e0 P\u00e9rez S\u00e1nchez de Requena. Aquesta proposta transportar\u00e0 al p\u00fablic a mons \u00e8pics i rom\u00e0ntics, amb obres de refer\u00e8ncia que han marcat la hist\u00f2ria de la m\u00fasica cl\u00e0ssica per la seua intensitat emocional, riquesa orquestral i bellesa mel\u00f2dica.<\/p>\n\n\n\n<p>Ernesto Monz\u00f3, president de l&#8217;Orquesta Filarm\u00f3nica Fundaci\u00f3n Ciudad de Requena, assegura que \u201cel Concert de Nadal \u00e9s, sens dubte, un dels moments m\u00e9s esperats de l&#8217;any per a la nostra orquestra i per a Requena; i assenyala que la formaci\u00f3 proposar\u00e0 \u201cun viatge musical extraordinari amb obres de Wagner i Txaikovski, dos grans compositors que han marcat la hist\u00f2ria de la m\u00fasica universal\u201d.<\/p>\n\n\n\n<p>El president subratlla que \u201cen aquestes dates tan especials, des de l&#8217;orquestra volem agrair profundament el comprom\u00eds dels nostres m\u00fasics, el suport del p\u00fablic i la col\u00b7laboraci\u00f3 dels nostres principals patrocinadors, la Fundaci\u00f3n Ciudad de Requena i Bodegas Ra\u00edces Ib\u00e9ricas. Monz\u00f3 convida al p\u00fablic a \u201ccompartir junts una nit m\u00e0gica, plena de m\u00fasica, harmonia, emoci\u00f3 i esperit nadalenc\u201d.<\/p>\n\n\n\n<p>Les entrades es poden aconseguir anticipadament en la mateixa p\u00e0gina web de l&#8217;orquestra www.orquestarequena.com i al carrer Norberto Pi\u00f1ango n\u00fam. 17 baix, de Requena, per 10 euros, a partir del dimecres 10 de desembre; el preu en taquilla el dia del concert seran 12 euros.<\/p>\n\n\n\n<p><strong>Festival FiMuVin<\/strong><\/p>\n\n\n\n<p>L&#8217;Orquesta Filarm\u00f3nica Fundaci\u00f3n Ciudad de Requena abordar\u00e0 el Concert de Nadal despr\u00e9s de l&#8217;\u00e8xit del Festival Internacional de M\u00fasica la Verema i el Vi (FiMuVin) que va acollir les actuacions del Trio Gald\u00f3s, el pianista albacete\u00f1o Jos\u00e9 Ram\u00f3n Garc\u00eda, el Quartet Sorolla, Quintet Tourbillon, Abraham Cupeiro i la formaci\u00f3 requenense a l&#8217;agost; i el Concert Extraordinari de Sant Nicol\u00e1s que va organitzar a l&#8217;octubre la Mayordom\u00eda de San Nicol\u00e1s de Bari, entitat fundada en 1478, que va incloure obres de Mozart i Bizet.<\/p>\n\n\n\n<p>El Concert de Nadal tamb\u00e9 compta amb la col\u00b7laboraci\u00f3 de la regidoria de Cultura de l&#8217;Ajuntament de Requena, Generalitat Valenciana, Institut Valenci\u00e0 de Cultura, Diputaci\u00f3 de Val\u00e8ncia, Finca Calder\u00f3n Enoresort de la Bodega Ra\u00edces Ib\u00e9ricas, Nexo Wines, Telfy TV, Fuente Primavera, Interior Valencia (IV) Revista Local, Onda Requena, Radio Requena, Radio Utiel i Monogr\u00e1fico comunicaci\u00f3n.<\/p>\n\n\n\n<p><strong>Orquesta Filarm\u00f3nica de Requena<\/strong><\/p>\n\n\n\n<p>L&#8217;Orquesta Filarm\u00f3nica Fundaci\u00f3n Ciudad de Requena, fundada en 2006, va debutar en el Temple de Santa Mar\u00eda de Requena interpretant la Simfonia n\u00famero 5 de Ludwig van Beethoven el 5 d&#8217;abril de 2007; ha oferit m\u00e9s de 100 concerts interpretant obres del gran repertori cl\u00e0ssic i contemporani de compositors espanyols i estrangers. Francisco Melero est\u00e0 des dels seus inicis al capdavant d&#8217;una formaci\u00f3 que actua amb 96 m\u00fasics i desenvolupa la seua activitat com a associaci\u00f3 sense \u00e0nim de lucre amb quasi 300 socis.<\/p>\n\n\n\n<p>L&#8217;orquestra i el seu director, que van ser proposats per Federico Mayor Saragossa, director general de la Unesco entre 1987 i 1999, per al nomenament de M\u00fasics per la Pau, tamb\u00e9 han col\u00b7laborat amb diversos grups corals. Entre els concerts realitzats, cal destacar els realitzats en el Palau de la M\u00fasica de Val\u00e8ncia, els Festivals de la verema i el vi, els realitzats durant la Setmana de M\u00fasica Sacra de Requena o aquells amb un inter\u00e9s social com els Concerts extraordinaris per la pau o els concerts solidaris a benefici de persones majors, de la Creu Roja, de familiars de malalts d&#8217;alzheimer i de la dana. Des de la seua fundaci\u00f3 t\u00e9 l&#8217;objectiu d&#8217;ampliar la formaci\u00f3 de joves m\u00fasics i estudiants de conservatoris en un entorn que ha atret a desenes d&#8217;int\u00e8rprets pel seu ambient acad\u00e8mic.<\/p>\n","protected":false},"excerpt":{"rendered":"<div class=\"mh-excerpt\">La Orquesta Filarm\u00f3nica Fundaci\u00f3n Ciudad de Requena, dirigida per Francisco Melero, protagonitzar\u00e0 el Concert de Nadal que organitza la formaci\u00f3 requenense amb el patrocini de la Fundaci\u00f3n Ciudad de Requena i la Bodega Ra\u00edces Ib\u00e9ricas. <a class=\"mh-excerpt-more\" href=\"https:\/\/www.tucomarca.com\/wordpress\/segunda\/ca\/lorquesta-filarmonica-de-requena-abordara-obres-de-wagner-i-tchaikovsky-en-el-seu-concert-de-nadal\/\" title=\"L&#8217;Orquesta Filarm\u00f3nica de Requena abordar\u00e0 obres de Wagner i Tchaikovsky en el seu concert de Nadal\">[+] <\/a><\/div>\n","protected":false},"author":12,"featured_media":287699,"comment_status":"open","ping_status":"open","sticky":false,"template":"","format":"standard","meta":{"footnotes":""},"categories":[11019,11005,10894,11007,10908,10909,10896],"tags":[23410,20901,10910],"class_list":{"0":"post-287700","1":"post","2":"type-post","3":"status-publish","4":"format-standard","5":"has-post-thumbnail","7":"category-agenda-ca","8":"category-canal-musica","9":"category-la-comarca-ca","10":"category-ocio-y-cultura-ca","11":"category-requena-ca","12":"category-requena-utiel-ca","13":"category-seccion-ca","14":"tag-navidad-2025-ca","15":"tag-orquesta-ciudad-de-requena-ca","16":"tag-requena-utiel-ca"},"_links":{"self":[{"href":"https:\/\/www.tucomarca.com\/wordpress\/segunda\/ca\/wp-json\/wp\/v2\/posts\/287700","targetHints":{"allow":["GET"]}}],"collection":[{"href":"https:\/\/www.tucomarca.com\/wordpress\/segunda\/ca\/wp-json\/wp\/v2\/posts"}],"about":[{"href":"https:\/\/www.tucomarca.com\/wordpress\/segunda\/ca\/wp-json\/wp\/v2\/types\/post"}],"author":[{"embeddable":true,"href":"https:\/\/www.tucomarca.com\/wordpress\/segunda\/ca\/wp-json\/wp\/v2\/users\/12"}],"replies":[{"embeddable":true,"href":"https:\/\/www.tucomarca.com\/wordpress\/segunda\/ca\/wp-json\/wp\/v2\/comments?post=287700"}],"version-history":[{"count":0,"href":"https:\/\/www.tucomarca.com\/wordpress\/segunda\/ca\/wp-json\/wp\/v2\/posts\/287700\/revisions"}],"wp:featuredmedia":[{"embeddable":true,"href":"https:\/\/www.tucomarca.com\/wordpress\/segunda\/ca\/wp-json\/wp\/v2\/media\/287699"}],"wp:attachment":[{"href":"https:\/\/www.tucomarca.com\/wordpress\/segunda\/ca\/wp-json\/wp\/v2\/media?parent=287700"}],"wp:term":[{"taxonomy":"category","embeddable":true,"href":"https:\/\/www.tucomarca.com\/wordpress\/segunda\/ca\/wp-json\/wp\/v2\/categories?post=287700"},{"taxonomy":"post_tag","embeddable":true,"href":"https:\/\/www.tucomarca.com\/wordpress\/segunda\/ca\/wp-json\/wp\/v2\/tags?post=287700"}],"curies":[{"name":"wp","href":"https:\/\/api.w.org\/{rel}","templated":true}]}}