{"id":287918,"date":"2025-12-15T11:00:00","date_gmt":"2025-12-15T10:00:00","guid":{"rendered":"https:\/\/www.tucomarca.com\/wordpress\/segunda\/?p=287918"},"modified":"2025-12-15T13:22:08","modified_gmt":"2025-12-15T12:22:08","slug":"emergencies-finalitza-lalerta-roja-a-valencia-i-la-rebaixa-a-avis-groc-davant-larribada-duna-nova-borrasca","status":"publish","type":"post","link":"https:\/\/www.tucomarca.com\/wordpress\/segunda\/ca\/emergencies-finalitza-lalerta-roja-a-valencia-i-la-rebaixa-a-avis-groc-davant-larribada-duna-nova-borrasca\/","title":{"rendered":"Emerg\u00e8ncies finalitza l&#8217;alerta roja a Val\u00e8ncia i la rebaixa a av\u00eds groc davant l&#8217;arribada d&#8217;una nova borrasca"},"content":{"rendered":"\n<p>L\u2019alerta roja activada a les prov\u00edncies de Val\u00e8ncia i Alacant ha sigut desactivada i rebaixada a <strong>av\u00eds groc<\/strong>, segons l\u2019\u00faltima actualitzaci\u00f3 meteorol\u00f2gica. A la prov\u00edncia de Castell\u00f3 es mant\u00e9 l\u2019<strong>av\u00eds groc<\/strong> almenys fins a la vesprada.<\/p>\n\n\n\n<p>No obstant aix\u00f2, la situaci\u00f3 meteorol\u00f2gica continuar\u00e0 sent inestable. Per a dem\u00e0 est\u00e0 prevista l\u2019arribada d\u2019una nova borrasca pel sud de la Pen\u00ednsula, acompanyada d\u2019un <strong>front molt actiu<\/strong> que provocar\u00e0 <strong>noves pluges i tempestes<\/strong>.<\/p>\n\n\n\n<p>Davant d\u2019esta previsi\u00f3, s\u2019ha tornat a <strong>activar l\u2019av\u00eds groc<\/strong>, per la qual cosa es recomana a la poblaci\u00f3 extremar la precauci\u00f3, especialment en despla\u00e7aments, zones inundables i activitats a l\u2019aire lliure, aix\u00ed com mantindre\u2019s informada a trav\u00e9s dels canals oficials.<\/p>\n\n\n\n<p>Les autoritats continuen realitzant un seguiment de l\u2019evoluci\u00f3 de l\u2019episodi meteorol\u00f2gic i no descarten noves actualitzacions en funci\u00f3 de la seua intensitat.<\/p>\n","protected":false},"excerpt":{"rendered":"<div class=\"mh-excerpt\">L\u2019alerta roja activada a les prov\u00edncies de Val\u00e8ncia i Alacant ha sigut desactivada i rebaixada a av\u00eds groc, segons l\u2019\u00faltima actualitzaci\u00f3 meteorol\u00f2gica. A la prov\u00edncia de Castell\u00f3 es mant\u00e9 l\u2019av\u00eds groc almenys fins a la <a class=\"mh-excerpt-more\" href=\"https:\/\/www.tucomarca.com\/wordpress\/segunda\/ca\/emergencies-finalitza-lalerta-roja-a-valencia-i-la-rebaixa-a-avis-groc-davant-larribada-duna-nova-borrasca\/\" title=\"Emerg\u00e8ncies finalitza l&#8217;alerta roja a Val\u00e8ncia i la rebaixa a av\u00eds groc davant l&#8217;arribada d&#8217;una nova borrasca\">[+] <\/a><\/div>\n","protected":false},"author":12,"featured_media":287923,"comment_status":"open","ping_status":"open","sticky":false,"template":"","format":"standard","meta":{"footnotes":""},"categories":[10898,10948,10894,10904,10903,10896,10897],"tags":[13456,11449,11746,11247],"class_list":{"0":"post-287918","1":"post","2":"type-post","3":"status-publish","4":"format-standard","5":"has-post-thumbnail","7":"category-ventana-ca","8":"category-infraestructuras-ca","9":"category-la-comarca-ca","10":"category-sin-categorizar-ca","11":"category-medio-ambiente-la-comarca-ca","12":"category-seccion-ca","13":"category-sucesos-la-comarca-ca","14":"tag-aemet-ca","15":"tag-agencia-estatal-de-meteorologia-aemet","16":"tag-alerta-amarilla-ca","17":"tag-emergencias-ca"},"_links":{"self":[{"href":"https:\/\/www.tucomarca.com\/wordpress\/segunda\/ca\/wp-json\/wp\/v2\/posts\/287918","targetHints":{"allow":["GET"]}}],"collection":[{"href":"https:\/\/www.tucomarca.com\/wordpress\/segunda\/ca\/wp-json\/wp\/v2\/posts"}],"about":[{"href":"https:\/\/www.tucomarca.com\/wordpress\/segunda\/ca\/wp-json\/wp\/v2\/types\/post"}],"author":[{"embeddable":true,"href":"https:\/\/www.tucomarca.com\/wordpress\/segunda\/ca\/wp-json\/wp\/v2\/users\/12"}],"replies":[{"embeddable":true,"href":"https:\/\/www.tucomarca.com\/wordpress\/segunda\/ca\/wp-json\/wp\/v2\/comments?post=287918"}],"version-history":[{"count":0,"href":"https:\/\/www.tucomarca.com\/wordpress\/segunda\/ca\/wp-json\/wp\/v2\/posts\/287918\/revisions"}],"wp:featuredmedia":[{"embeddable":true,"href":"https:\/\/www.tucomarca.com\/wordpress\/segunda\/ca\/wp-json\/wp\/v2\/media\/287923"}],"wp:attachment":[{"href":"https:\/\/www.tucomarca.com\/wordpress\/segunda\/ca\/wp-json\/wp\/v2\/media?parent=287918"}],"wp:term":[{"taxonomy":"category","embeddable":true,"href":"https:\/\/www.tucomarca.com\/wordpress\/segunda\/ca\/wp-json\/wp\/v2\/categories?post=287918"},{"taxonomy":"post_tag","embeddable":true,"href":"https:\/\/www.tucomarca.com\/wordpress\/segunda\/ca\/wp-json\/wp\/v2\/tags?post=287918"}],"curies":[{"name":"wp","href":"https:\/\/api.w.org\/{rel}","templated":true}]}}