{"id":287986,"date":"2025-12-15T10:00:00","date_gmt":"2025-12-15T09:00:00","guid":{"rendered":"https:\/\/www.tucomarca.com\/wordpress\/segunda\/?p=287986"},"modified":"2025-12-15T20:50:12","modified_gmt":"2025-12-15T19:50:12","slug":"lajuntament-de-turis-installa-noves-eixides-demergencia-en-el-conservatori-lola-lujan","status":"publish","type":"post","link":"https:\/\/www.tucomarca.com\/wordpress\/segunda\/ca\/lajuntament-de-turis-installa-noves-eixides-demergencia-en-el-conservatori-lola-lujan\/","title":{"rendered":"L&#8217;Ajuntament de Tur\u00eds instal\u00b7la noves eixides d&#8217;emerg\u00e8ncia en el Conservatori Lola Luj\u00e1n"},"content":{"rendered":"\n<p>L\u2019Ajuntament de Tur\u00eds ha executat recentment diverses obres de condicionament al <strong>Conservatori Lola Luj\u00e1n<\/strong> amb l\u2019objectiu de millorar les eixides d\u2019emerg\u00e8ncia d\u2019este edifici, constru\u00eft l\u2019any 2005.<\/p>\n\n\n\n<p>La intervenci\u00f3 ha consistit en la creaci\u00f3 de <strong>tres noves eixides d\u2019emerg\u00e8ncia<\/strong> per la part posterior de l\u2019edifici, oposada a l\u2019entrada principal. Una d\u2019estes eixides \u00e9s independent i ha sigut constru\u00efda espec\u00edficament per als usuaris del <strong>semisoterrani<\/strong>.<\/p>\n\n\n\n<p>Les altres dues eixides permeten l\u2019evacuaci\u00f3 de les persones que utilitzen la <strong>planta baixa i la primera planta<\/strong>, mitjan\u00e7ant una <strong>escala met\u00e0l\u00b7lica exterior<\/strong> que garanteix una eixida segura en cas d\u2019emerg\u00e8ncia.<\/p>\n\n\n\n<p>Les obres s\u2019han completat amb la <strong>instal\u00b7laci\u00f3 de portes tallafocs amb barres antip\u00e0nic<\/strong>, aix\u00ed com amb nova <strong>cartelleria de seguretat<\/strong> i un <strong>sistema d\u2019alarma antiincendis<\/strong>, refor\u00e7ant d\u2019esta manera les mesures de protecci\u00f3 i evacuaci\u00f3 del centre.<\/p>\n\n\n\n<p>Amb esta actuaci\u00f3, l\u2019Ajuntament reafirma el seu comprom\u00eds amb la <strong>seguretat dels usuaris<\/strong> i la millora de les instal\u00b7lacions municipals.<\/p>\n","protected":false},"excerpt":{"rendered":"<div class=\"mh-excerpt\">L\u2019Ajuntament de Tur\u00eds ha executat recentment diverses obres de condicionament al Conservatori Lola Luj\u00e1n amb l\u2019objectiu de millorar les eixides d\u2019emerg\u00e8ncia d\u2019este edifici, constru\u00eft l\u2019any 2005. La intervenci\u00f3 ha consistit en la creaci\u00f3 de tres <a class=\"mh-excerpt-more\" href=\"https:\/\/www.tucomarca.com\/wordpress\/segunda\/ca\/lajuntament-de-turis-installa-noves-eixides-demergencia-en-el-conservatori-lola-lujan\/\" title=\"L&#8217;Ajuntament de Tur\u00eds instal\u00b7la noves eixides d&#8217;emerg\u00e8ncia en el Conservatori Lola Luj\u00e1n\">[+] <\/a><\/div>\n","protected":false},"author":12,"featured_media":287985,"comment_status":"open","ping_status":"open","sticky":false,"template":"","format":"standard","meta":{"footnotes":""},"categories":[10948,10894,10902,10947,10896,11047],"tags":[11356,11093],"class_list":{"0":"post-287986","1":"post","2":"type-post","3":"status-publish","4":"format-standard","5":"has-post-thumbnail","7":"category-infraestructuras-ca","8":"category-la-comarca-ca","9":"category-la-ribera-ca","10":"category-politica","11":"category-seccion-ca","12":"category-turis-ca","13":"tag-ribera-alta-ca","14":"tag-turis-ca"},"_links":{"self":[{"href":"https:\/\/www.tucomarca.com\/wordpress\/segunda\/ca\/wp-json\/wp\/v2\/posts\/287986","targetHints":{"allow":["GET"]}}],"collection":[{"href":"https:\/\/www.tucomarca.com\/wordpress\/segunda\/ca\/wp-json\/wp\/v2\/posts"}],"about":[{"href":"https:\/\/www.tucomarca.com\/wordpress\/segunda\/ca\/wp-json\/wp\/v2\/types\/post"}],"author":[{"embeddable":true,"href":"https:\/\/www.tucomarca.com\/wordpress\/segunda\/ca\/wp-json\/wp\/v2\/users\/12"}],"replies":[{"embeddable":true,"href":"https:\/\/www.tucomarca.com\/wordpress\/segunda\/ca\/wp-json\/wp\/v2\/comments?post=287986"}],"version-history":[{"count":0,"href":"https:\/\/www.tucomarca.com\/wordpress\/segunda\/ca\/wp-json\/wp\/v2\/posts\/287986\/revisions"}],"wp:featuredmedia":[{"embeddable":true,"href":"https:\/\/www.tucomarca.com\/wordpress\/segunda\/ca\/wp-json\/wp\/v2\/media\/287985"}],"wp:attachment":[{"href":"https:\/\/www.tucomarca.com\/wordpress\/segunda\/ca\/wp-json\/wp\/v2\/media?parent=287986"}],"wp:term":[{"taxonomy":"category","embeddable":true,"href":"https:\/\/www.tucomarca.com\/wordpress\/segunda\/ca\/wp-json\/wp\/v2\/categories?post=287986"},{"taxonomy":"post_tag","embeddable":true,"href":"https:\/\/www.tucomarca.com\/wordpress\/segunda\/ca\/wp-json\/wp\/v2\/tags?post=287986"}],"curies":[{"name":"wp","href":"https:\/\/api.w.org\/{rel}","templated":true}]}}