{"id":288018,"date":"2025-12-16T11:00:00","date_gmt":"2025-12-16T10:00:00","guid":{"rendered":"https:\/\/www.tucomarca.com\/wordpress\/segunda\/?p=288018"},"modified":"2025-12-16T18:35:43","modified_gmt":"2025-12-16T17:35:43","slug":"la-banda-simfonica-de-la-sm-la-turisense-dona-la-benvinguda-als-nous-musics-per-santa-cecilia","status":"publish","type":"post","link":"https:\/\/www.tucomarca.com\/wordpress\/segunda\/ca\/la-banda-simfonica-de-la-sm-la-turisense-dona-la-benvinguda-als-nous-musics-per-santa-cecilia\/","title":{"rendered":"La banda simf\u00f2nica de la SM La Turisense dona la benvinguda als nous m\u00fasics per Santa Cecilia"},"content":{"rendered":"\n<p>La <strong>Banda Sinf\u00f3nica de la SM La Turisense<\/strong> ha viscut un dels moments m\u00e9s especials i simb\u00f2lics de les seues celebracions de <strong>Santa Cec\u00edlia<\/strong> amb la incorporaci\u00f3 de nous m\u00fasics que passen a formar part de la formaci\u00f3 simf\u00f2nica despr\u00e9s del seu creixement musical a la <strong>Banda Jove<\/strong>.<\/p>\n\n\n\n<p>Un pas molt esperat que simbolitza l\u2019esfor\u00e7, la const\u00e0ncia i la il\u00b7lusi\u00f3 d\u2019integrar-se en la gran fam\u00edlia que dona veu a la m\u00fasica de la societat musical en la seua m\u00e0xima expressi\u00f3. <\/p>\n\n\n\n<figure class=\"wp-block-image size-large\"><img loading=\"lazy\" decoding=\"async\" width=\"1024\" height=\"564\" src=\"http:\/\/www.tucomarca.com\/wordpress\/segunda\/wp-content\/uploads\/2025\/12\/Turisense2025-1024x564.jpg\" alt=\"\" class=\"wp-image-288015\" srcset=\"https:\/\/www.tucomarca.com\/wordpress\/segunda\/wp-content\/uploads\/2025\/12\/Turisense2025-1024x564.jpg 1024w, https:\/\/www.tucomarca.com\/wordpress\/segunda\/wp-content\/uploads\/2025\/12\/Turisense2025-300x165.jpg 300w, https:\/\/www.tucomarca.com\/wordpress\/segunda\/wp-content\/uploads\/2025\/12\/Turisense2025-768x423.jpg 768w, https:\/\/www.tucomarca.com\/wordpress\/segunda\/wp-content\/uploads\/2025\/12\/Turisense2025.jpg 1181w\" sizes=\"auto, (max-width: 1024px) 100vw, 1024px\" \/><\/figure>\n\n\n\n<p>Els nous membres que s\u2019incorporen a la Banda Sinf\u00f3nica de la SM La Turisense s\u00f3n:<\/p>\n\n\n\n<ul class=\"wp-block-list\">\n<li><strong>Nadia P\u00e9rez Garc\u00eda<\/strong>, clarinet<\/li>\n\n\n\n<li><strong>Roser Puchades Crespo<\/strong>, saxo alt<\/li>\n\n\n\n<li><strong>Marc Tar\u00edn Ponce<\/strong>, saxo alt<\/li>\n\n\n\n<li><strong>Nadia Algarra Cebri\u00e0<\/strong>, clarinet<\/li>\n\n\n\n<li><strong>Daniel Ballester Garc\u00eda<\/strong>, tromb\u00f3<\/li>\n\n\n\n<li><strong>Ra\u00fal Mart\u00ednez Guzm\u00e1n<\/strong>, percussi\u00f3<\/li>\n\n\n\n<li><strong>Anna Puchades Crespo<\/strong>, clarinet<\/li>\n\n\n\n<li><strong>Martina Peralta Contreras<\/strong>, flauta<\/li>\n<\/ul>\n\n\n\n<p>El tradicional <strong>passacarrer de recollida<\/strong> \u00e9s molt m\u00e9s que un acte protocol\u00b7lari: \u00e9s un ritual carregat d\u2019orgull, emoci\u00f3 i il\u00b7lusi\u00f3, que deixa un record inesborrable tant per als m\u00fasics com per a les seues fam\u00edlies. Els carrers es convertixen en escenari i cada pas simbolitza la dedicaci\u00f3 i l\u2019estima per la m\u00fasica.<\/p>\n\n\n\n<p>La cita va tindre lloc el <strong>dissabte, 29 de novembre<\/strong>, moment en qu\u00e8 va comen\u00e7ar de manera oficial esta nova etapa per als nous integrants.<\/p>\n\n\n\n<p>Des de la <strong>SM La Turisense<\/strong> es trasllada la m\u00e9s sincera enhorabona als nous membres, desitjant-los un cam\u00ed ple d\u2019aprenentatges, complicitats i viv\u00e8ncies que perduren en el temps, gaudint del passacarrer i del concert amb el cor obert i deixant-se portar per la m\u00e0gia de la m\u00fasica, perqu\u00e8, com sempre es diu, la vida es pot viure sense m\u00fasica, per\u00f2 una vida sense ella no \u00e9s vida.<\/p>\n","protected":false},"excerpt":{"rendered":"<div class=\"mh-excerpt\">La Banda Sinf\u00f3nica de la SM La Turisense ha viscut un dels moments m\u00e9s especials i simb\u00f2lics de les seues celebracions de Santa Cec\u00edlia amb la incorporaci\u00f3 de nous m\u00fasics que passen a formar part <a class=\"mh-excerpt-more\" href=\"https:\/\/www.tucomarca.com\/wordpress\/segunda\/ca\/la-banda-simfonica-de-la-sm-la-turisense-dona-la-benvinguda-als-nous-musics-per-santa-cecilia\/\" title=\"La banda simf\u00f2nica de la SM La Turisense dona la benvinguda als nous m\u00fasics per Santa Cecilia\">[+] <\/a><\/div>\n","protected":false},"author":12,"featured_media":288014,"comment_status":"open","ping_status":"open","sticky":false,"template":"","format":"image","meta":{"footnotes":""},"categories":[11005,10894,10902,11007,10896,11047],"tags":[11356,21016,11093],"class_list":{"0":"post-288018","1":"post","2":"type-post","3":"status-publish","4":"format-image","5":"has-post-thumbnail","7":"category-canal-musica","8":"category-la-comarca-ca","9":"category-la-ribera-ca","10":"category-ocio-y-cultura-ca","11":"category-seccion-ca","12":"category-turis-ca","13":"tag-ribera-alta-ca","14":"tag-sociedad-musical-turisense-ca","15":"tag-turis-ca","16":"post_format-post-format-image"},"_links":{"self":[{"href":"https:\/\/www.tucomarca.com\/wordpress\/segunda\/ca\/wp-json\/wp\/v2\/posts\/288018","targetHints":{"allow":["GET"]}}],"collection":[{"href":"https:\/\/www.tucomarca.com\/wordpress\/segunda\/ca\/wp-json\/wp\/v2\/posts"}],"about":[{"href":"https:\/\/www.tucomarca.com\/wordpress\/segunda\/ca\/wp-json\/wp\/v2\/types\/post"}],"author":[{"embeddable":true,"href":"https:\/\/www.tucomarca.com\/wordpress\/segunda\/ca\/wp-json\/wp\/v2\/users\/12"}],"replies":[{"embeddable":true,"href":"https:\/\/www.tucomarca.com\/wordpress\/segunda\/ca\/wp-json\/wp\/v2\/comments?post=288018"}],"version-history":[{"count":0,"href":"https:\/\/www.tucomarca.com\/wordpress\/segunda\/ca\/wp-json\/wp\/v2\/posts\/288018\/revisions"}],"wp:featuredmedia":[{"embeddable":true,"href":"https:\/\/www.tucomarca.com\/wordpress\/segunda\/ca\/wp-json\/wp\/v2\/media\/288014"}],"wp:attachment":[{"href":"https:\/\/www.tucomarca.com\/wordpress\/segunda\/ca\/wp-json\/wp\/v2\/media?parent=288018"}],"wp:term":[{"taxonomy":"category","embeddable":true,"href":"https:\/\/www.tucomarca.com\/wordpress\/segunda\/ca\/wp-json\/wp\/v2\/categories?post=288018"},{"taxonomy":"post_tag","embeddable":true,"href":"https:\/\/www.tucomarca.com\/wordpress\/segunda\/ca\/wp-json\/wp\/v2\/tags?post=288018"}],"curies":[{"name":"wp","href":"https:\/\/api.w.org\/{rel}","templated":true}]}}