{"id":288032,"date":"2025-12-16T09:30:00","date_gmt":"2025-12-16T08:30:00","guid":{"rendered":"https:\/\/www.tucomarca.com\/wordpress\/segunda\/?p=288032"},"modified":"2025-12-16T20:09:33","modified_gmt":"2025-12-16T19:09:33","slug":"la-societat-musical-lartistica-de-xiva-tanca-el-seu-175-aniversari-amb-un-espectacular-concert-de-nadal","status":"publish","type":"post","link":"https:\/\/www.tucomarca.com\/wordpress\/segunda\/ca\/la-societat-musical-lartistica-de-xiva-tanca-el-seu-175-aniversari-amb-un-espectacular-concert-de-nadal\/","title":{"rendered":"La Societat Musical \u201cL&#8217;Art\u00edstica\u201d de Xiva tanca el seu 175 aniversari amb un espectacular Concert de Nadal\u00a0"},"content":{"rendered":"\n<h3 class=\"wp-block-heading\">Per a culminar un any replet d&#8217;esdeveniments musicals i socials, s&#8217;estrenar\u00e0 l&#8217;obra creada per David Rivas, \u201cEl so d&#8217;un poble\u201d, inspirada en l&#8217;emblema de la societat en aquest any del seu 175 aniversari.<\/h3>\n\n\n\n<p>Diumenge que ve, 21 de desembre, a les 19 hores, en el magn\u00edfic Teatre Astoria de Xiva, la Banda Simf\u00f2nica de la Societat Musical \u201cL&#8217;Art\u00edstica de Xiva\u201d brindar\u00e0 a tots els seus socis i seguidors un concert extraordinari de NADAL, amb la participaci\u00f3 de la Coral i l&#8217;Escola de M\u00fasica, i l&#8217;estrena absoluta de la creaci\u00f3 del compositor David Rivas: \u201cEl so d&#8217;un poble\u201d.&nbsp;<\/p>\n\n\n\n<p>&nbsp;Aquesta obra, concebuda espec\u00edficament per a l&#8217;Art\u00edstica de Xiva, en el seu 175 aniversari, va m\u00e9s enll\u00e0 d&#8217;un pasdoble; \u00e9s una manifestaci\u00f3 sonora d&#8217;ess\u00e8ncia, un ress\u00f2 del pols cultural local i un homenatge a totes les generacions que han mantingut visca la passi\u00f3 per la m\u00fasica. En aquest any, la Societat ha adoptat la consigna \u201cEL SO QUE DONA VIDA A UN POBLE\u201d, unint l&#8217;\u00e0nima musical de l&#8217;Art\u00edstica de Xiva amb la seua gent, en un homenatge profund a la hist\u00f2ria, la tradici\u00f3 i l&#8217;esperit musical que ha donat for\u00e7a a aquesta entitat.<\/p>\n\n\n\n<p>El concert comen\u00e7ar\u00e0 amb l&#8217;estrena del pasdoble El so d&#8217;un poble de David Rivas. Continuar amb la interpretaci\u00f3: Al voltant del m\u00f3n per Nadal de Barry E. Kopetz. Bandes al voltant del m\u00f3n, de Paul Yoder, amb la participaci\u00f3 d&#8217;alumnes de l&#8217;Escola de M\u00fasica que representaran a les diverses nacions a qu\u00e8 fa refer\u00e8ncia l&#8217;obra, finalitzant la primera part amb Festival de Nadal de Leroy Anderson.&nbsp;<\/p>\n\n\n\n<p>La segona part del concert estar\u00e0 interpretada conjuntament per la Banda Simf\u00f2nica, la Coral \u201cVerge del Castell\u201d i els alumnes del cor de l&#8217;Escola de M\u00fasica, que oferiran la interpretaci\u00f3 de: Nadalenca de Manuel Palau. Arre Borriquito, popular, i Trillancicos, popular.<\/p>\n\n\n\n<p>Amb l&#8217;estrena d&#8217;aquesta pe\u00e7a musical es donar\u00e0 el toc final a la celebraci\u00f3 del 175 aniversari, festejant l&#8217;ahir, el hui i l&#8217;avenir musical de \u201cL&#8217;Art\u00edstica de Xiva\u201d.<\/p>\n\n\n\n<p>L&#8217;entrada ser\u00e0 lliure fins a completar aforament.<\/p>\n","protected":false},"excerpt":{"rendered":"<div class=\"mh-excerpt\">Per a culminar un any replet d&#8217;esdeveniments musicals i socials, s&#8217;estrenar\u00e0 l&#8217;obra creada per David Rivas, \u201cEl so d&#8217;un poble\u201d, inspirada en l&#8217;emblema de la societat en aquest any del seu 175 aniversari. Diumenge que <a class=\"mh-excerpt-more\" href=\"https:\/\/www.tucomarca.com\/wordpress\/segunda\/ca\/la-societat-musical-lartistica-de-xiva-tanca-el-seu-175-aniversari-amb-un-espectacular-concert-de-nadal\/\" title=\"La Societat Musical \u201cL&#8217;Art\u00edstica\u201d de Xiva tanca el seu 175 aniversari amb un espectacular Concert de Nadal\u00a0\">[+] <\/a><\/div>\n","protected":false},"author":12,"featured_media":288031,"comment_status":"open","ping_status":"open","sticky":false,"template":"","format":"standard","meta":{"footnotes":""},"categories":[11019,11005,10894,10912,11007,10896,10975],"tags":[11195,10914,23410,14188],"class_list":{"0":"post-288032","1":"post","2":"type-post","3":"status-publish","4":"format-standard","5":"has-post-thumbnail","7":"category-agenda-ca","8":"category-canal-musica","9":"category-la-comarca-ca","10":"category-la-hoya-ca","11":"category-ocio-y-cultura-ca","12":"category-seccion-ca","13":"category-chiva-ca","14":"tag-chiva-ca","15":"tag-la-hoya-de-bunol-chiva-ca","16":"tag-navidad-2025-ca","17":"tag-sm-la-artistica-de-chiva-2-ca"},"_links":{"self":[{"href":"https:\/\/www.tucomarca.com\/wordpress\/segunda\/ca\/wp-json\/wp\/v2\/posts\/288032","targetHints":{"allow":["GET"]}}],"collection":[{"href":"https:\/\/www.tucomarca.com\/wordpress\/segunda\/ca\/wp-json\/wp\/v2\/posts"}],"about":[{"href":"https:\/\/www.tucomarca.com\/wordpress\/segunda\/ca\/wp-json\/wp\/v2\/types\/post"}],"author":[{"embeddable":true,"href":"https:\/\/www.tucomarca.com\/wordpress\/segunda\/ca\/wp-json\/wp\/v2\/users\/12"}],"replies":[{"embeddable":true,"href":"https:\/\/www.tucomarca.com\/wordpress\/segunda\/ca\/wp-json\/wp\/v2\/comments?post=288032"}],"version-history":[{"count":0,"href":"https:\/\/www.tucomarca.com\/wordpress\/segunda\/ca\/wp-json\/wp\/v2\/posts\/288032\/revisions"}],"wp:featuredmedia":[{"embeddable":true,"href":"https:\/\/www.tucomarca.com\/wordpress\/segunda\/ca\/wp-json\/wp\/v2\/media\/288031"}],"wp:attachment":[{"href":"https:\/\/www.tucomarca.com\/wordpress\/segunda\/ca\/wp-json\/wp\/v2\/media?parent=288032"}],"wp:term":[{"taxonomy":"category","embeddable":true,"href":"https:\/\/www.tucomarca.com\/wordpress\/segunda\/ca\/wp-json\/wp\/v2\/categories?post=288032"},{"taxonomy":"post_tag","embeddable":true,"href":"https:\/\/www.tucomarca.com\/wordpress\/segunda\/ca\/wp-json\/wp\/v2\/tags?post=288032"}],"curies":[{"name":"wp","href":"https:\/\/api.w.org\/{rel}","templated":true}]}}