{"id":288067,"date":"2025-12-16T17:00:00","date_gmt":"2025-12-16T16:00:00","guid":{"rendered":"https:\/\/www.tucomarca.com\/wordpress\/segunda\/?p=288067"},"modified":"2025-12-16T19:56:55","modified_gmt":"2025-12-16T18:56:55","slug":"bombers-de-requena-i-xiva-intervenen-en-la-bolcada-dun-camio-accidentat-en-el-viaducte-de-la-a-3-a-laltura-de-bunyol","status":"publish","type":"post","link":"https:\/\/www.tucomarca.com\/wordpress\/segunda\/ca\/bombers-de-requena-i-xiva-intervenen-en-la-bolcada-dun-camio-accidentat-en-el-viaducte-de-la-a-3-a-laltura-de-bunyol\/","title":{"rendered":"Bombers de Requena i Xiva intervenen en la bolcada d&#8217;un cami\u00f3 accidentat en el viaducte de la A-3 a l&#8217;altura de Bunyol"},"content":{"rendered":"\n<p>Efectius dels parcs de Bombers de Requena i Xiva, junt amb el sergent de Requena, han intervingut este dimarts al mat\u00ed en un accident de tr\u00e0nsit ocorregut a l\u2019autovia A-3, a l\u2019altura del terme municipal de Bunyol, en el qual s\u2019ha vist implicat un cami\u00f3 que ha bolcat sobre la cal\u00e7ada.<\/p>\n\n\n\n<p>Despr\u00e9s de l\u2019arribada dels serveis d\u2019emerg\u00e8ncia, els bombers van procedir a assegurar la zona, realitzant tasques de neteja de la cal\u00e7ada i eliminaci\u00f3 de riscos derivats de l\u2019estat del vehicle accidentat, amb l\u2019objectiu de garantir la seguretat del tr\u00e0nsit i previndre nous incidents.<\/p>\n\n\n\n<p>Segons han informat fonts de l\u2019operatiu, no va ser necessari realitzar excarceracions, ja que no hi havia persones atrapades a l\u2019interior del cami\u00f3. El conductor va poder eixir del vehicle pels seus propis mitjans i va ser at\u00e9s en el lloc pels serveis sanitaris.<\/p>\n\n\n\n<p>L\u2019accident va provocar retencions puntuals a l\u2019A-3 mentre es desenvolupaven els treballs d\u2019emerg\u00e8ncia i retirada del vehicle, quedant la via restablida de manera progressiva despr\u00e9s de finalitzar la intervenci\u00f3.<\/p>\n\n\n\n<figure class=\"wp-block-gallery has-nested-images columns-2 is-cropped wp-block-gallery-1 is-layout-flex wp-block-gallery-is-layout-flex\">\n<figure class=\"wp-block-image size-large\"><img loading=\"lazy\" decoding=\"async\" width=\"1024\" height=\"768\" data-id=\"288042\" src=\"https:\/\/www.tucomarca.com\/wordpress\/segunda\/wp-content\/uploads\/2025\/12\/AccidenteViaductoA3Bunol1-1024x768.jpeg\" alt=\"\" class=\"wp-image-288042\" srcset=\"https:\/\/www.tucomarca.com\/wordpress\/segunda\/wp-content\/uploads\/2025\/12\/AccidenteViaductoA3Bunol1-1024x768.jpeg 1024w, https:\/\/www.tucomarca.com\/wordpress\/segunda\/wp-content\/uploads\/2025\/12\/AccidenteViaductoA3Bunol1-300x225.jpeg 300w, https:\/\/www.tucomarca.com\/wordpress\/segunda\/wp-content\/uploads\/2025\/12\/AccidenteViaductoA3Bunol1-768x576.jpeg 768w, https:\/\/www.tucomarca.com\/wordpress\/segunda\/wp-content\/uploads\/2025\/12\/AccidenteViaductoA3Bunol1-1536x1152.jpeg 1536w, https:\/\/www.tucomarca.com\/wordpress\/segunda\/wp-content\/uploads\/2025\/12\/AccidenteViaductoA3Bunol1-678x509.jpeg 678w, https:\/\/www.tucomarca.com\/wordpress\/segunda\/wp-content\/uploads\/2025\/12\/AccidenteViaductoA3Bunol1-326x245.jpeg 326w, https:\/\/www.tucomarca.com\/wordpress\/segunda\/wp-content\/uploads\/2025\/12\/AccidenteViaductoA3Bunol1-80x60.jpeg 80w, https:\/\/www.tucomarca.com\/wordpress\/segunda\/wp-content\/uploads\/2025\/12\/AccidenteViaductoA3Bunol1.jpeg 1920w\" sizes=\"auto, (max-width: 1024px) 100vw, 1024px\" \/><\/figure>\n\n\n\n<figure class=\"wp-block-image size-large\"><img loading=\"lazy\" decoding=\"async\" width=\"1024\" height=\"768\" data-id=\"288044\" src=\"https:\/\/www.tucomarca.com\/wordpress\/segunda\/wp-content\/uploads\/2025\/12\/AccidenteViaductoA3Bunol2-1024x768.jpeg\" alt=\"\" class=\"wp-image-288044\" srcset=\"https:\/\/www.tucomarca.com\/wordpress\/segunda\/wp-content\/uploads\/2025\/12\/AccidenteViaductoA3Bunol2-1024x768.jpeg 1024w, https:\/\/www.tucomarca.com\/wordpress\/segunda\/wp-content\/uploads\/2025\/12\/AccidenteViaductoA3Bunol2-300x225.jpeg 300w, https:\/\/www.tucomarca.com\/wordpress\/segunda\/wp-content\/uploads\/2025\/12\/AccidenteViaductoA3Bunol2-768x576.jpeg 768w, https:\/\/www.tucomarca.com\/wordpress\/segunda\/wp-content\/uploads\/2025\/12\/AccidenteViaductoA3Bunol2-1536x1152.jpeg 1536w, https:\/\/www.tucomarca.com\/wordpress\/segunda\/wp-content\/uploads\/2025\/12\/AccidenteViaductoA3Bunol2-678x509.jpeg 678w, https:\/\/www.tucomarca.com\/wordpress\/segunda\/wp-content\/uploads\/2025\/12\/AccidenteViaductoA3Bunol2-326x245.jpeg 326w, https:\/\/www.tucomarca.com\/wordpress\/segunda\/wp-content\/uploads\/2025\/12\/AccidenteViaductoA3Bunol2-80x60.jpeg 80w, https:\/\/www.tucomarca.com\/wordpress\/segunda\/wp-content\/uploads\/2025\/12\/AccidenteViaductoA3Bunol2.jpeg 1920w\" sizes=\"auto, (max-width: 1024px) 100vw, 1024px\" \/><\/figure>\n<\/figure>\n","protected":false},"excerpt":{"rendered":"<div class=\"mh-excerpt\">Efectius dels parcs de Bombers de Requena i Xiva, junt amb el sergent de Requena, han intervingut este dimarts al mat\u00ed en un accident de tr\u00e0nsit ocorregut a l\u2019autovia A-3, a l\u2019altura del terme municipal <a class=\"mh-excerpt-more\" href=\"https:\/\/www.tucomarca.com\/wordpress\/segunda\/ca\/bombers-de-requena-i-xiva-intervenen-en-la-bolcada-dun-camio-accidentat-en-el-viaducte-de-la-a-3-a-laltura-de-bunyol\/\" title=\"Bombers de Requena i Xiva intervenen en la bolcada d&#8217;un cami\u00f3 accidentat en el viaducte de la A-3 a l&#8217;altura de Bunyol\">[+] <\/a><\/div>\n","protected":false},"author":1,"featured_media":288049,"comment_status":"open","ping_status":"open","sticky":false,"template":"","format":"gallery","meta":{"footnotes":""},"categories":[10911,10898,10948,10894,10904,10912,10896,10897],"tags":[11488,12448,12754,10913,15505,10914,23548,23549],"class_list":{"0":"post-288067","1":"post","2":"type-post","3":"status-publish","4":"format-gallery","5":"has-post-thumbnail","7":"category-bunol-ca","8":"category-ventana-ca","9":"category-infraestructuras-ca","10":"category-la-comarca-ca","11":"category-sin-categorizar-ca","12":"category-la-hoya-ca","13":"category-seccion-ca","14":"category-sucesos-la-comarca-ca","15":"tag-a-3-ca","16":"tag-accidente-ca","17":"tag-autovia-ca","18":"tag-bunol-ca","19":"tag-camion-ca","20":"tag-la-hoya-de-bunol-chiva-ca","21":"tag-viaducto-ca","22":"tag-vuelco-ca","23":"post_format-post-format-gallery"},"_links":{"self":[{"href":"https:\/\/www.tucomarca.com\/wordpress\/segunda\/ca\/wp-json\/wp\/v2\/posts\/288067","targetHints":{"allow":["GET"]}}],"collection":[{"href":"https:\/\/www.tucomarca.com\/wordpress\/segunda\/ca\/wp-json\/wp\/v2\/posts"}],"about":[{"href":"https:\/\/www.tucomarca.com\/wordpress\/segunda\/ca\/wp-json\/wp\/v2\/types\/post"}],"author":[{"embeddable":true,"href":"https:\/\/www.tucomarca.com\/wordpress\/segunda\/ca\/wp-json\/wp\/v2\/users\/1"}],"replies":[{"embeddable":true,"href":"https:\/\/www.tucomarca.com\/wordpress\/segunda\/ca\/wp-json\/wp\/v2\/comments?post=288067"}],"version-history":[{"count":0,"href":"https:\/\/www.tucomarca.com\/wordpress\/segunda\/ca\/wp-json\/wp\/v2\/posts\/288067\/revisions"}],"wp:featuredmedia":[{"embeddable":true,"href":"https:\/\/www.tucomarca.com\/wordpress\/segunda\/ca\/wp-json\/wp\/v2\/media\/288049"}],"wp:attachment":[{"href":"https:\/\/www.tucomarca.com\/wordpress\/segunda\/ca\/wp-json\/wp\/v2\/media?parent=288067"}],"wp:term":[{"taxonomy":"category","embeddable":true,"href":"https:\/\/www.tucomarca.com\/wordpress\/segunda\/ca\/wp-json\/wp\/v2\/categories?post=288067"},{"taxonomy":"post_tag","embeddable":true,"href":"https:\/\/www.tucomarca.com\/wordpress\/segunda\/ca\/wp-json\/wp\/v2\/tags?post=288067"}],"curies":[{"name":"wp","href":"https:\/\/api.w.org\/{rel}","templated":true}]}}