{"id":288130,"date":"2025-12-16T11:15:00","date_gmt":"2025-12-16T10:15:00","guid":{"rendered":"https:\/\/www.tucomarca.com\/wordpress\/segunda\/?p=288130"},"modified":"2025-12-16T21:14:09","modified_gmt":"2025-12-16T20:14:09","slug":"la-mancomunitat-foia-de-bunyol-xiva-inicia-noves-accions-de-sensibilitzacio-en-salut-mental-en-adolescents","status":"publish","type":"post","link":"https:\/\/www.tucomarca.com\/wordpress\/segunda\/ca\/la-mancomunitat-foia-de-bunyol-xiva-inicia-noves-accions-de-sensibilitzacio-en-salut-mental-en-adolescents\/","title":{"rendered":"La Mancomunitat Foia de Bunyol-Xiva inicia noves accions de sensibilitzaci\u00f3 en salut mental en adolescents"},"content":{"rendered":"\n<p>La Mancomunitat Foia de Bunyol-Xiva, a trav\u00e9s de la seua \u00e0rea de Serveis Socials inicia accions de sensibilitzaci\u00f3 en salut mental en l&#8217;\u00e0mbit educatiu amb el desenvolupament d&#8217;una s\u00e8rie de tallers en l&#8217;IES de Bunyol, impartits per la Federaci\u00f3 de Salut Mental.<br>Aquestes activitats s&#8217;emmarquen dins dels programes de Promoci\u00f3 de l&#8217;Autonomia Personal de l&#8217;\u00e0rea de Serveis Socials, dirigides tant a l&#8217;alumnat com al professorat i a les fam\u00edlies.<br>L&#8217;objectiu \u00e9s fomentar el benestar emocional, l&#8217;autoconeixement i una millor comprensi\u00f3 de la salut mental durant l&#8217;adolesc\u00e8ncia.<br>Les sessions programades s&#8217;inicial xarrades espec\u00edfiques per a professorat i fam\u00edlies. El dimecres 17 de desembre s&#8217;abordar\u00e0 la tem\u00e0tica de la salut mental en adolescents i com es relacionen, mentre que el dijous 18 de desembre la sessi\u00f3 se centrar\u00e0 en l&#8217;autoconeixement i l&#8217;autocura.<br>Amb aquesta iniciativa, la Mancomunitat refor\u00e7a el seu comprom\u00eds amb la prevenci\u00f3, la sensibilitzaci\u00f3 i la promoci\u00f3 de la salut mental des d&#8217;edats primerenques desenvolupant un ampli programa d&#8217;activitats en el qual ha aprofundit en la col\u00b7laboraci\u00f3 amb la Federaci\u00f3 de Salut Mental de la Comunitat Valenciana.<\/p>\n","protected":false},"excerpt":{"rendered":"<div class=\"mh-excerpt\">La Mancomunitat Foia de Bunyol-Xiva, a trav\u00e9s de la seua \u00e0rea de Serveis Socials inicia accions de sensibilitzaci\u00f3 en salut mental en l&#8217;\u00e0mbit educatiu amb el desenvolupament d&#8217;una s\u00e8rie de tallers en l&#8217;IES de Bunyol, <a class=\"mh-excerpt-more\" href=\"https:\/\/www.tucomarca.com\/wordpress\/segunda\/ca\/la-mancomunitat-foia-de-bunyol-xiva-inicia-noves-accions-de-sensibilitzacio-en-salut-mental-en-adolescents\/\" title=\"La Mancomunitat Foia de Bunyol-Xiva inicia noves accions de sensibilitzaci\u00f3 en salut mental en adolescents\">[+] <\/a><\/div>\n","protected":false},"author":12,"featured_media":288129,"comment_status":"open","ping_status":"open","sticky":false,"template":"","format":"standard","meta":{"footnotes":""},"categories":[11010,10980,10948,10894,10904,10912,10947,10896],"tags":[10914,11514,11141],"class_list":{"0":"post-288130","1":"post","2":"type-post","3":"status-publish","4":"format-standard","5":"has-post-thumbnail","7":"category-canal-salud","8":"category-yatova-ca","9":"category-infraestructuras-ca","10":"category-la-comarca-ca","11":"category-sin-categorizar-ca","12":"category-la-hoya-ca","13":"category-politica","14":"category-seccion-ca","15":"tag-la-hoya-de-bunol-chiva-ca","16":"tag-mancomunidad-de-la-hoya-de-bunol-chiva-ca","17":"tag-yatova-ca"},"_links":{"self":[{"href":"https:\/\/www.tucomarca.com\/wordpress\/segunda\/ca\/wp-json\/wp\/v2\/posts\/288130","targetHints":{"allow":["GET"]}}],"collection":[{"href":"https:\/\/www.tucomarca.com\/wordpress\/segunda\/ca\/wp-json\/wp\/v2\/posts"}],"about":[{"href":"https:\/\/www.tucomarca.com\/wordpress\/segunda\/ca\/wp-json\/wp\/v2\/types\/post"}],"author":[{"embeddable":true,"href":"https:\/\/www.tucomarca.com\/wordpress\/segunda\/ca\/wp-json\/wp\/v2\/users\/12"}],"replies":[{"embeddable":true,"href":"https:\/\/www.tucomarca.com\/wordpress\/segunda\/ca\/wp-json\/wp\/v2\/comments?post=288130"}],"version-history":[{"count":0,"href":"https:\/\/www.tucomarca.com\/wordpress\/segunda\/ca\/wp-json\/wp\/v2\/posts\/288130\/revisions"}],"wp:featuredmedia":[{"embeddable":true,"href":"https:\/\/www.tucomarca.com\/wordpress\/segunda\/ca\/wp-json\/wp\/v2\/media\/288129"}],"wp:attachment":[{"href":"https:\/\/www.tucomarca.com\/wordpress\/segunda\/ca\/wp-json\/wp\/v2\/media?parent=288130"}],"wp:term":[{"taxonomy":"category","embeddable":true,"href":"https:\/\/www.tucomarca.com\/wordpress\/segunda\/ca\/wp-json\/wp\/v2\/categories?post=288130"},{"taxonomy":"post_tag","embeddable":true,"href":"https:\/\/www.tucomarca.com\/wordpress\/segunda\/ca\/wp-json\/wp\/v2\/tags?post=288130"}],"curies":[{"name":"wp","href":"https:\/\/api.w.org\/{rel}","templated":true}]}}