{"id":288137,"date":"2025-12-17T12:00:00","date_gmt":"2025-12-17T11:00:00","guid":{"rendered":"https:\/\/www.tucomarca.com\/wordpress\/segunda\/?p=288137"},"modified":"2025-12-17T13:24:52","modified_gmt":"2025-12-17T12:24:52","slug":"la-linia-c3-de-rodalia-de-valencia-a-punt-per-a-recuperar-el-servei-ferroviari-fins-a-bunyol","status":"publish","type":"post","link":"https:\/\/www.tucomarca.com\/wordpress\/segunda\/ca\/la-linia-c3-de-rodalia-de-valencia-a-punt-per-a-recuperar-el-servei-ferroviari-fins-a-bunyol\/","title":{"rendered":"La l\u00ednia C3 de Rodalia de Val\u00e8ncia, a punt per a recuperar el servei ferroviari fins a Bunyol"},"content":{"rendered":"\n<p>Durant el mat\u00ed d&#8217;e&#8217;aquest dimarts, s&#8217;ha realitzat un recorregut de reconeixement de la l\u00ednia C3 de Rodalia Val\u00e8ncia fins a Bunyol, una vegada finalitzats els treballs de restauraci\u00f3 despr\u00e9s dels greus danys ocasionats per la DANA fa un poquet m\u00e9s d&#8217;un any.<\/p>\n\n\n\n<p>Fins ara, la circulaci\u00f3 ferrovi\u00e0ria es limitava al tram fins a Loriguilla-Reva, ampliant-se de manera excepcional fins al Circuit Ricardo Tormo amb motiu del Mundial de Motociclisme. Amb la realitzaci\u00f3 d&#8217;aquestes proves t\u00e8cniques, el tram compr\u00e9s entre Loriguilla-Reva i Bunyol queda a un pas de recuperar el servei comercial regular.<\/p>\n\n\n\n<p>El recorregut s&#8217;ha efectuat amb el vehicle 592-009-5 i ha servit per a comprovar l&#8217;estat de la infraestructura i les condicions de seguretat de la l\u00ednia, un tr\u00e0mit imprescindible abans de la reobertura definitiva al tr\u00e0nsit de viatgers d&#8217;aquest tram de la C3.<\/p>\n","protected":false},"excerpt":{"rendered":"<div class=\"mh-excerpt\">Durant el mat\u00ed d&#8217;e&#8217;aquest dimarts, s&#8217;ha realitzat un recorregut de reconeixement de la l\u00ednia C3 de Rodalia Val\u00e8ncia fins a Bunyol, una vegada finalitzats els treballs de restauraci\u00f3 despr\u00e9s dels greus danys ocasionats per la <a class=\"mh-excerpt-more\" href=\"https:\/\/www.tucomarca.com\/wordpress\/segunda\/ca\/la-linia-c3-de-rodalia-de-valencia-a-punt-per-a-recuperar-el-servei-ferroviari-fins-a-bunyol\/\" title=\"La l\u00ednia C3 de Rodalia de Val\u00e8ncia, a punt per a recuperar el servei ferroviari fins a Bunyol\">[+] <\/a><\/div>\n","protected":false},"author":1,"featured_media":127314,"comment_status":"open","ping_status":"open","sticky":false,"template":"","format":"standard","meta":{"footnotes":""},"categories":[10911,21466,10898,10948,10894,10904,10912,10903,10947,10896,10897],"tags":[10913,14114,10914,16023],"class_list":{"0":"post-288137","1":"post","2":"type-post","3":"status-publish","4":"format-standard","5":"has-post-thumbnail","7":"category-bunol-ca","8":"category-dana-ca","9":"category-ventana-ca","10":"category-infraestructuras-ca","11":"category-la-comarca-ca","12":"category-sin-categorizar-ca","13":"category-la-hoya-ca","14":"category-medio-ambiente-la-comarca-ca","15":"category-politica","16":"category-seccion-ca","17":"category-sucesos-la-comarca-ca","18":"tag-bunol-ca","19":"tag-cercanias-renfe-ca","20":"tag-la-hoya-de-bunol-chiva-ca","21":"tag-linea-c-3-ca"},"_links":{"self":[{"href":"https:\/\/www.tucomarca.com\/wordpress\/segunda\/ca\/wp-json\/wp\/v2\/posts\/288137","targetHints":{"allow":["GET"]}}],"collection":[{"href":"https:\/\/www.tucomarca.com\/wordpress\/segunda\/ca\/wp-json\/wp\/v2\/posts"}],"about":[{"href":"https:\/\/www.tucomarca.com\/wordpress\/segunda\/ca\/wp-json\/wp\/v2\/types\/post"}],"author":[{"embeddable":true,"href":"https:\/\/www.tucomarca.com\/wordpress\/segunda\/ca\/wp-json\/wp\/v2\/users\/1"}],"replies":[{"embeddable":true,"href":"https:\/\/www.tucomarca.com\/wordpress\/segunda\/ca\/wp-json\/wp\/v2\/comments?post=288137"}],"version-history":[{"count":0,"href":"https:\/\/www.tucomarca.com\/wordpress\/segunda\/ca\/wp-json\/wp\/v2\/posts\/288137\/revisions"}],"wp:featuredmedia":[{"embeddable":true,"href":"https:\/\/www.tucomarca.com\/wordpress\/segunda\/ca\/wp-json\/wp\/v2\/media\/127314"}],"wp:attachment":[{"href":"https:\/\/www.tucomarca.com\/wordpress\/segunda\/ca\/wp-json\/wp\/v2\/media?parent=288137"}],"wp:term":[{"taxonomy":"category","embeddable":true,"href":"https:\/\/www.tucomarca.com\/wordpress\/segunda\/ca\/wp-json\/wp\/v2\/categories?post=288137"},{"taxonomy":"post_tag","embeddable":true,"href":"https:\/\/www.tucomarca.com\/wordpress\/segunda\/ca\/wp-json\/wp\/v2\/tags?post=288137"}],"curies":[{"name":"wp","href":"https:\/\/api.w.org\/{rel}","templated":true}]}}