{"id":288232,"date":"2025-12-17T13:25:00","date_gmt":"2025-12-17T12:25:00","guid":{"rendered":"https:\/\/www.tucomarca.com\/wordpress\/segunda\/?p=288232"},"modified":"2025-12-17T22:09:32","modified_gmt":"2025-12-17T21:09:32","slug":"tornen-els-contes-de-nadal-de-la-diputacio-de-valencia","status":"publish","type":"post","link":"https:\/\/www.tucomarca.com\/wordpress\/segunda\/ca\/tornen-els-contes-de-nadal-de-la-diputacio-de-valencia\/","title":{"rendered":"Tornen els &#8216;Contes de Nadal&#8217; de la Diputaci\u00f3 de Val\u00e8ncia"},"content":{"rendered":"\n<h3 class=\"wp-block-heading\">La proposta del departament de Foment de l\u2019\u00das del Valenci\u00e0 de la corporaci\u00f3 provincial estrena nous episodis escrits per Vicent Borr\u00e0s, Irene Klein, Jovi Lozano-Seser i Lourdes Toledo.<\/h3>\n\n\n\n<h3 class=\"wp-block-heading\">&#8216;Un conte de Nadal&#8217;; &#8216;Els Reis i les cases&#8217;; &#8216;Les mandarines de Cap d\u2019Any&#8217;; i &#8216;A casa tots reneguen de Nadal, jo no&#8217; s&#8217;han produ\u00eft en format p\u00f2dcast. Tamb\u00e9 es poden llegir a trav\u00e9s dels llibres digitals, que estan disponibles per a descarregar.<\/h3>\n\n\n\n<p>La Diputaci\u00f3 de Val\u00e8ncia llan\u00e7a quatre nous contes de Nadal en format p\u00f2dcast i tamb\u00e9 en versi\u00f3 escrita digital que aporten una mirada valenciana i contempor\u00e0nia a la literatura nadalenca. Aix\u00ed, la proposta &#8216;Els Contes de Nadal&#8217; del departament de Foment de l\u2019\u00das del Valenci\u00e0 de la corporaci\u00f3 provincial suma a la seua biblioteca les hist\u00f2ries aut\u00e8ntiques i senzilles recollides en <em>Un conte de Nadal<\/em>, de Vicent Borr\u00e0s; <em>Els Reis i les cases, <\/em>d\u2019Irene Klein; <em>Les mandarines de Cap d\u2019Any<\/em>, de Jovi Lozano-Seser; i <em>A casa tots reneguen de Nadal, jo no<\/em>, de Lourdes Toledo.<\/p>\n\n\n\n<figure class=\"wp-block-gallery has-nested-images columns-3 is-cropped wp-block-gallery-1 is-layout-flex wp-block-gallery-is-layout-flex\">\n<figure class=\"wp-block-image size-large\"><img loading=\"lazy\" decoding=\"async\" width=\"886\" height=\"886\" data-id=\"288225\" src=\"https:\/\/www.tucomarca.com\/wordpress\/segunda\/wp-content\/uploads\/2025\/12\/DipuIRENEKLEIN_QUADRAT.jpg\" alt=\"\" class=\"wp-image-288225\" srcset=\"https:\/\/www.tucomarca.com\/wordpress\/segunda\/wp-content\/uploads\/2025\/12\/DipuIRENEKLEIN_QUADRAT.jpg 886w, https:\/\/www.tucomarca.com\/wordpress\/segunda\/wp-content\/uploads\/2025\/12\/DipuIRENEKLEIN_QUADRAT-300x300.jpg 300w, https:\/\/www.tucomarca.com\/wordpress\/segunda\/wp-content\/uploads\/2025\/12\/DipuIRENEKLEIN_QUADRAT-290x290.jpg 290w, https:\/\/www.tucomarca.com\/wordpress\/segunda\/wp-content\/uploads\/2025\/12\/DipuIRENEKLEIN_QUADRAT-768x768.jpg 768w\" sizes=\"auto, (max-width: 886px) 100vw, 886px\" \/><\/figure>\n\n\n\n<figure class=\"wp-block-image size-large\"><img loading=\"lazy\" decoding=\"async\" width=\"886\" height=\"886\" data-id=\"288227\" src=\"https:\/\/www.tucomarca.com\/wordpress\/segunda\/wp-content\/uploads\/2025\/12\/DipuJOVILOZANO_QUADRAT.jpg\" alt=\"\" class=\"wp-image-288227\" srcset=\"https:\/\/www.tucomarca.com\/wordpress\/segunda\/wp-content\/uploads\/2025\/12\/DipuJOVILOZANO_QUADRAT.jpg 886w, https:\/\/www.tucomarca.com\/wordpress\/segunda\/wp-content\/uploads\/2025\/12\/DipuJOVILOZANO_QUADRAT-300x300.jpg 300w, https:\/\/www.tucomarca.com\/wordpress\/segunda\/wp-content\/uploads\/2025\/12\/DipuJOVILOZANO_QUADRAT-290x290.jpg 290w, https:\/\/www.tucomarca.com\/wordpress\/segunda\/wp-content\/uploads\/2025\/12\/DipuJOVILOZANO_QUADRAT-768x768.jpg 768w\" sizes=\"auto, (max-width: 886px) 100vw, 886px\" \/><\/figure>\n\n\n\n<figure class=\"wp-block-image size-full\"><img loading=\"lazy\" decoding=\"async\" width=\"886\" height=\"886\" data-id=\"288223\" src=\"https:\/\/www.tucomarca.com\/wordpress\/segunda\/wp-content\/uploads\/2025\/12\/DipuVICENTBORRAS_QUADRAT.jpg\" alt=\"\" class=\"wp-image-288223\" srcset=\"https:\/\/www.tucomarca.com\/wordpress\/segunda\/wp-content\/uploads\/2025\/12\/DipuVICENTBORRAS_QUADRAT.jpg 886w, https:\/\/www.tucomarca.com\/wordpress\/segunda\/wp-content\/uploads\/2025\/12\/DipuVICENTBORRAS_QUADRAT-300x300.jpg 300w, https:\/\/www.tucomarca.com\/wordpress\/segunda\/wp-content\/uploads\/2025\/12\/DipuVICENTBORRAS_QUADRAT-290x290.jpg 290w, https:\/\/www.tucomarca.com\/wordpress\/segunda\/wp-content\/uploads\/2025\/12\/DipuVICENTBORRAS_QUADRAT-768x768.jpg 768w\" sizes=\"auto, (max-width: 886px) 100vw, 886px\" \/><\/figure>\n<\/figure>\n\n\n\n<p>Els relats, locutats per Joan Espinosa i Rosa L\u00f3pez, s&#8217;unixen al ventall de professionals dels altres contes de la s\u00e8rie, com Susanna Lliber\u00f3s, Clara Castell\u00f3, Enrique Pacheco, Joan Borja, Anna Mar\u00ed i Daniel Tormo. A m\u00e9s, els contes estan disponibles tamb\u00e9 per a llegir amb els llibres digitals descarregables, amb la finalitat d&#8217;ampliar les possibilitats did\u00e0ctiques d&#8217;este recurs gratu\u00eft.&nbsp;<\/p>\n\n\n\n<p>Les il\u00b7lustracions de les car\u00e0tules s\u00f3n un treball de la il\u00b7lustradora Helga Ambak amb un estil delicat i tendre que connecta amb la m\u00e0gia de Nadal, i que se suma al treball realitzat en altres edicions per artistes com Jotak\u00e1 o Elga Fern\u00e1ndez.&nbsp;<\/p>\n\n\n\n<p>Els quatre nous p\u00f2dcasts, editats per Joan Tur, s&#8217;afigen als ja publicats dels escriptors Enric Valor, Ernest Mart\u00ednez Ferrando, Maria Jes\u00fas Bolta, Teresa Broseta, Francesc Gisbert, Vicent Blasco Ib\u00e1\u00f1ez, Emilia Pardo-Baz\u00e1n o Carles Cano.<\/p>\n\n\n\n<p><strong>&#8216;Els Contes de Nadal&#8217;<\/strong><\/p>\n\n\n\n<p>El projecte &#8216;Els Contes de Nadal&#8217; va n\u00e0ixer com a part del treball que el departament de Foment de l\u2019\u00das del Valenci\u00e0 realitza per a explorar nous \u00e0mbits de comunicaci\u00f3 en valenci\u00e0, com s\u00f3n els p\u00f2dcasts, arxius sonors que es poden escoltar en l\u00ednia des de plataformes radiof\u00f2niques o b\u00e9 descarregar-los en dispositius personals.&nbsp;<\/p>\n\n\n\n<p>Les hist\u00f2ries es poden escoltar en algunes de les plataformes m\u00e9s conegudes: iVoox, Amazon Music, Spotify, YouTube i Apple Podcasts; tamb\u00e9 llegir amb Calam\u00e9o, i descarregar des del portal https:<a href=\"https:\/\/www.dival.es\/va\/normalitzacio\/contes-de-nadal\">\/\/www.dival.es\/va\/normalitzacio\/contes-de-nadal<\/a><\/p>\n","protected":false},"excerpt":{"rendered":"<div class=\"mh-excerpt\">La proposta del departament de Foment de l\u2019\u00das del Valenci\u00e0 de la corporaci\u00f3 provincial estrena nous episodis escrits per Vicent Borr\u00e0s, Irene Klein, Jovi Lozano-Seser i Lourdes Toledo. &#8216;Un conte de Nadal&#8217;; &#8216;Els Reis i <a class=\"mh-excerpt-more\" href=\"https:\/\/www.tucomarca.com\/wordpress\/segunda\/ca\/tornen-els-contes-de-nadal-de-la-diputacio-de-valencia\/\" title=\"Tornen els &#8216;Contes de Nadal&#8217; de la Diputaci\u00f3 de Val\u00e8ncia\">[+] <\/a><\/div>\n","protected":false},"author":12,"featured_media":288224,"comment_status":"open","ping_status":"open","sticky":false,"template":"","format":"standard","meta":{"footnotes":""},"categories":[11019,10898,10948,10894,10904,11007,10896],"tags":[23564,11246],"class_list":{"0":"post-288232","1":"post","2":"type-post","3":"status-publish","4":"format-standard","5":"has-post-thumbnail","7":"category-agenda-ca","8":"category-ventana-ca","9":"category-infraestructuras-ca","10":"category-la-comarca-ca","11":"category-sin-categorizar-ca","12":"category-ocio-y-cultura-ca","13":"category-seccion-ca","14":"tag-contes-de-nadal-ca","15":"tag-diputacio-de-valencia-ca"},"_links":{"self":[{"href":"https:\/\/www.tucomarca.com\/wordpress\/segunda\/ca\/wp-json\/wp\/v2\/posts\/288232","targetHints":{"allow":["GET"]}}],"collection":[{"href":"https:\/\/www.tucomarca.com\/wordpress\/segunda\/ca\/wp-json\/wp\/v2\/posts"}],"about":[{"href":"https:\/\/www.tucomarca.com\/wordpress\/segunda\/ca\/wp-json\/wp\/v2\/types\/post"}],"author":[{"embeddable":true,"href":"https:\/\/www.tucomarca.com\/wordpress\/segunda\/ca\/wp-json\/wp\/v2\/users\/12"}],"replies":[{"embeddable":true,"href":"https:\/\/www.tucomarca.com\/wordpress\/segunda\/ca\/wp-json\/wp\/v2\/comments?post=288232"}],"version-history":[{"count":0,"href":"https:\/\/www.tucomarca.com\/wordpress\/segunda\/ca\/wp-json\/wp\/v2\/posts\/288232\/revisions"}],"wp:featuredmedia":[{"embeddable":true,"href":"https:\/\/www.tucomarca.com\/wordpress\/segunda\/ca\/wp-json\/wp\/v2\/media\/288224"}],"wp:attachment":[{"href":"https:\/\/www.tucomarca.com\/wordpress\/segunda\/ca\/wp-json\/wp\/v2\/media?parent=288232"}],"wp:term":[{"taxonomy":"category","embeddable":true,"href":"https:\/\/www.tucomarca.com\/wordpress\/segunda\/ca\/wp-json\/wp\/v2\/categories?post=288232"},{"taxonomy":"post_tag","embeddable":true,"href":"https:\/\/www.tucomarca.com\/wordpress\/segunda\/ca\/wp-json\/wp\/v2\/tags?post=288232"}],"curies":[{"name":"wp","href":"https:\/\/api.w.org\/{rel}","templated":true}]}}