{"id":288269,"date":"2025-12-16T19:00:00","date_gmt":"2025-12-16T18:00:00","guid":{"rendered":"https:\/\/www.tucomarca.com\/wordpress\/segunda\/?p=288269"},"modified":"2025-12-17T21:58:37","modified_gmt":"2025-12-17T20:58:37","slug":"la-diputacio-destina-mes-de-783-000-euros-a-la-recuperacio-del-patrimoni-eclesiastic-valencia-en-11-municipis","status":"publish","type":"post","link":"https:\/\/www.tucomarca.com\/wordpress\/segunda\/ca\/la-diputacio-destina-mes-de-783-000-euros-a-la-recuperacio-del-patrimoni-eclesiastic-valencia-en-11-municipis\/","title":{"rendered":"La Diputaci\u00f3 destina m\u00e9s de 783.000 euros a la recuperaci\u00f3 del patrimoni eclesi\u00e0stic valenci\u00e0 en 11 municipis\u00a0"},"content":{"rendered":"\n<h3 class=\"wp-block-heading\">Les ajudes, aprovades en Junta de Govern, se sumen als 12 milions d&#8217;euros del Pla de Recuperaci\u00f3 del Patrimoni Cultural repr\u00e9s per la corporaci\u00f3 provincial despr\u00e9s de huit anys sense convocar-se.<\/h3>\n\n\n\n<h3 class=\"wp-block-heading\">La Diputaci\u00f3 es compromet, per unanimitat, a cobrir el 50% de les ajudes als 28 municipis que el Govern no reconeix com afectats per la DANA.<\/h3>\n\n\n\n<h3 class=\"wp-block-heading\">El Ple ordinari de desembre dona llum verda a una moci\u00f3 la reforma de la llei d&#8217;estabilitat pressupost\u00e0ria i dels sistemes de finan\u00e7ament local i auton\u00f2mic. Tamb\u00e9 s&#8217;aprova una iniciativa sobre el control cineg\u00e8tic del senglar.<\/h3>\n\n\n\n<p>La Diputaci\u00f3 de Val\u00e8ncia ha aprovat en Junta de Govern un conjunt de subvencions per un import total de 783.231 euros destinades a la conservaci\u00f3 i rehabilitaci\u00f3 del patrimoni eclesi\u00e0stic en 11 municipis de la prov\u00edncia, en el marc del conveni de col\u00b7laboraci\u00f3 firmat amb l&#8217;Arquebisbat de Val\u00e8ncia, una l\u00ednia d&#8217;actuaci\u00f3 que es complementa amb el Pla Especial de Recuperaci\u00f3 del Patrimoni Cultural impulsat per la instituci\u00f3 provincial. El projecte m\u00e9s quanti\u00f3s validat este dimarts \u00e9s el d&#8217;Utiel, 121.000 euros per a substituir la coberta de la Parr\u00f2quia de Nuestra Se\u00f1ora del Loreto de las Cuevas.<\/p>\n\n\n\n<p>A m\u00e9s, es destinen 50.000 euros per a restaurar la coberta de la c\u00fapula de l&#8217;esgl\u00e9sia de Sant Francesc d&#8217;Ass\u00eds de Ll\u00edria (Camp de T\u00faria); 65.144 euros per als treballs de conservaci\u00f3 en la coberta i les fa\u00e7anes de l&#8217;Esgl\u00e9sia de Sant Joan Baptista de Benicolet (Vall d\u2019Albaida); 113.369 euros per a la substituci\u00f3 en coberta i reparaci\u00f3 de contraforts en la Parr\u00f2quia de Sant Jaume Ap\u00f2stol de Ayacaro de Canals (la Costera); 64.244 euros per a la restauraci\u00f3 del p\u00f2rtic de la fa\u00e7ana de la Parr\u00f2quia de Sant Pere de Catadau (la Ribera Alta); i 93.340 euros per a la restauraci\u00f3 de pintura mural en voltes i recol\u00b7locaci\u00f3 del revestiment cer\u00e0mic del S.XVIII en el trasagrari de la capella del Crist de Sant Roc d&#8217;Oliva (la Safor).<\/p>\n\n\n\n<p>A l&#8217;Horta Nord, s&#8217;aproven 45.000 euros per a la rehabilitaci\u00f3 dels revestiments de marbre deteriorats de la Parr\u00f2quia Santa Mar\u00eda Magdalena de Benifaraig i 94.000 euros per a la superposici\u00f3 del paviment de l&#8217;Esgl\u00e9sia de Sant Honorat de Vinalesa. A m\u00e9s, a Meliana, es restauraran les fa\u00e7anes de dos ermites: la del Crist de la Provid\u00e8ncia (24.651 euros) i la de la Verge de la Miseric\u00f2rdia (44.359 euros).<\/p>\n\n\n\n<p>A l&#8217;Horta Sud, es dona el vistiplau a 63.276 euros per a la rehabilitaci\u00f3 de l&#8217;Esgl\u00e9sia Sant Mart\u00ed Bisbe d&#8217;Alc\u00e0sser i 4.396 euros per a la reparaci\u00f3 de les clivelles de l&#8217;Ermita de la Mare de D\u00e9u de Vallivana de Picassent.<\/p>\n\n\n\n<p>En total, tenint en compte les ajudes de 2024, s&#8217;ha aprovat 19 actuacions en 16 municipis per un import de 1,2 milions. L&#8217;any passat es van concedir 424.000 euros per a recuperaci\u00f3 de patrimoni eclesi\u00e0stic de Val\u00e8ncia, Alpuente, Silla, Ll\u00edria, Massalav\u00e9s i Benavites.<\/p>\n\n\n\n<p>El president de la Diputaci\u00f3 de Val\u00e8ncia ha destacat \u201cla implicaci\u00f3\u201d de la instituci\u00f3 provincial amb el patrimoni de la prov\u00edncia. \u201cSens dubte les nostres esgl\u00e9sies i ermites formen part del nostre patrimoni cultural, s\u00f3n molt m\u00e9s que temples religiosos, perqu\u00e8 formen part de l&#8217;arquitectura dels nostres municipis i suposen una riquesa patrimonial que, com a administraci\u00f3 p\u00fablica, hem de protegir\u201d, ha esgrimit Momp\u00f3, al mateix temps que ha posat en relleu \u201cl&#8217;impuls cultural i tur\u00edstic\u201d dels municipis a trav\u00e9s del patrimoni religi\u00f3s.<\/p>\n\n\n\n<p>En la mateixa l\u00ednia, la vicepresidenta primera, Nat\u00e0lia Enguix, ha subratllat que \u201ceste equip de govern est\u00e0 donant un gran impuls a la recuperaci\u00f3 del patrimoni\u201d. \u201cActuar a temps \u00e9s fonamental\u201d, ha remarcat Enguix, qui ha explicat que \u201cestes intervencions permeten frenar la deterioraci\u00f3 abans que es convertisca en un problema major, evitant riscos per a les persones i costos molt m\u00e9s elevats en el futur\u201d. La tamb\u00e9 diputada de Cooperaci\u00f3 Municipal ha posat en valor l&#8217;impacte social d&#8217;estes actuacions, destacant que \u201cen molts pobles, l&#8217;esgl\u00e9sia o l&#8217;ermita no \u00e9s nom\u00e9s un edifici religi\u00f3s, sin\u00f3 un punt de trobada, un referent urb\u00e0 i un element central de la mem\u00f2ria col\u00b7lectiva\u201d. Per aix\u00f2, ha afegit, \u201cla seua conservaci\u00f3 repercutix directament en la qualitat de vida de les ve\u00efnes i ve\u00efns\u201d.<\/p>\n\n\n\n<p><strong>Pla Recuperaci\u00f3 Patrimoni<\/strong><\/p>\n\n\n\n<p>A m\u00e9s d&#8217;este conveni amb l&#8217;Arquebisbat, la Diputaci\u00f3 de Val\u00e8ncia est\u00e0 treballant en mat\u00e8ria de patrimoni a trav\u00e9s del Pla Especial de Recuperaci\u00f3 del Patrimoni Cultural, una iniciativa que la instituci\u00f3 provincial ha reactivat despr\u00e9s de huit anys sense convocar-se.&nbsp;<\/p>\n\n\n\n<p>El programa, impulsat des de l&#8217;\u00e0rea de Cooperaci\u00f3 Municipal, compta amb una dotaci\u00f3 de prop de 12 milions d&#8217;euros per a finan\u00e7ar projectes de restauraci\u00f3 i conservaci\u00f3 del patrimoni hist\u00f2ric en municipis de tota la prov\u00edncia. Aix\u00ed, la vicepresidenta destacava que \u201ctant el conveni amb l&#8217;Arquebisbat com este Pla de Patrimoni ens permeten protegir el patrimoni que \u00e9s la nostra her\u00e8ncia cultural\u201d al mateix temps que ajuden les comarques i municipis \u201ca disposar d&#8217;elements que atraguen el turisme i es puguen convertir en motor del desenvolupament local\u201d.&nbsp;<\/p>\n\n\n\n<p><strong>Acords plenaris<\/strong><\/p>\n\n\n\n<p>La Diputaci\u00f3 de Val\u00e8ncia, en el ple ordinari de desembre, s&#8217;ha comprom\u00e9s per unanimitat a cobrir el 50% de les ajudes als 28 municipis que el Govern no reconeix com afectats per la dana. Al no estar inclosos en el decret, l&#8217;Executiu els paga nom\u00e9s la mitat dels seus projectes de reconstrucci\u00f3, la qual cosa dificulta l&#8217;execuci\u00f3 d&#8217;estes obres perqu\u00e8 els municipis no sempre disposen de la liquiditat necess\u00e0ria. Per aix\u00f2, perqu\u00e8 puguen cobrar l&#8217;ajuda estatal, la Diputaci\u00f3 es far\u00e0 c\u00e0rrec d&#8217;eixa part amb un total de tres milions d&#8217;euros per a estos 28 municipis.<\/p>\n\n\n\n<p>Pel que fa a les mocions, s&#8217;ha aprovat una de Comprom\u00eds, amb el suport de tots els grups excepte de Vox, que s&#8217;ha abstingut, en la qual s&#8217;insta el Govern a reformar, de manera definitiva la llei d&#8217;estabilitat pressupost\u00e0ria i sostenibilitat financera, per a garantir l&#8217;autonomia financera dels ajuntaments i permetre que els romanents de tresoreria puguen destinar-se a inversions i actuacions priorit\u00e0ries per a la ciutadania, sense l&#8217;obligaci\u00f3 de destinar-los exclusivament a amortitzar deute. A la moci\u00f3 s&#8217;ha incorporat una esmena del PP en la qual es demana la suspensi\u00f3 de les regles fiscals per als exercicis 26, 27 i 28 per als ajuntaments afectats per la dana. A m\u00e9s, la iniciativa tamb\u00e9 sol\u00b7licita, entre altres, impulsar de manera urgent i simult\u00e0nia la reforma del sistema de finan\u00e7ament auton\u00f2mic i local.&nbsp;<\/p>\n\n\n\n<p>Per a la portaveu de Comprom\u00eds, Dolors Gimeno, \u201c\u00e9s incomprensible\u201d la vig\u00e8ncia de la Llei d&#8217;estabilitat pressupost\u00e0ria de 2012 \u201cque est\u00e0 obsoleta i ha ofegat la capacitat d&#8217;inversi\u00f3 dels ajuntaments\u201d. Per aix\u00f2, ha def\u00e9s que \u201ccal permetre l&#8217;autonomia dels municipis perqu\u00e8 s\u00f3n l&#8217;administraci\u00f3 m\u00e9s pr\u00f2xima a la ciutadania i els que saben en qu\u00e8 han d&#8217;invertir els diners\u201d.&nbsp;<\/p>\n\n\n\n<p>De la mateixa manera, s&#8217;han pronunciat el diputat socialista Vicent Mascarell, qui ha advertit que l&#8217;administraci\u00f3 local \u00e9s \u201cla m\u00e9s pobra, la pitjor finan\u00e7ada i probablement la m\u00e9s \u00fatil\u201d, i la diputada del PP Laura S\u00e1ez, que tamb\u00e9 ha advocat per una \u201crevisi\u00f3 profunda\u201d del sistema de finan\u00e7ament local, aix\u00ed com el de l&#8217;auton\u00f2mic \u201csense perjudicar a ning\u00fa, sense vencedors i ven\u00e7uts\u201d. Per part seua, el portaveu de Vox, Sergio Pastor, ha justificat la seua abstenci\u00f3 perqu\u00e8 \u201cs&#8217;oposen a qualsevol model que genere desigualtats entre espanyols\u201d.<\/p>\n\n\n\n<p>D&#8217;altra banda, el ple ha donat llum verda a una moci\u00f3 de Vox per al control cineg\u00e8tic del senglar amb el suport del PP, l&#8217;abstenci\u00f3 de PSPV i Ens Uneix, i el vot en contra de Comprom\u00eds. Entre altres, s&#8217;ha acordat instar el Govern central a promoure iniciatives per a facilitar este control a trav\u00e9s de l&#8217;activitat cineg\u00e8tica sent la ca\u00e7a la ferramenta m\u00e9s efica\u00e7 a fi de contindre el creixement descontrolat d&#8217;estes esp\u00e8cies i les seues conseq\u00fc\u00e8ncies.&nbsp;<\/p>\n\n\n\n<p>En relaci\u00f3 amb l&#8217;actual brot de Pesta Porcina Africana i en previsi\u00f3 de les \u201cdevastadores\u201d conseq\u00fc\u00e8ncies que esta podria tindre, la iniciativa aprovada sol\u00b7licita adaptar la norma, als exemples europeus m\u00e9s efica\u00e7os autoritzant mitjans cineg\u00e8tics avan\u00e7ats, utilitzats amb \u00e8xit en pa\u00efsos de la Uni\u00f3 Europea, que han aconseguit frenar l&#8217;expansi\u00f3 del virus i protegir les seues explotacions porcines.<\/p>\n\n\n\n<p>El ple ha comen\u00e7at amb un minut de silenci en mem\u00f2ria de Nati, l&#8217;\u00faltima v\u00edctima de viol\u00e8ncia contra la dona morta la setmana passada a Catarroja despr\u00e9s d&#8217;una brutal pallissa de la seua parella. \u201cPer ella, per les quals ja no estan i per les quals hui continuen tenint por. Ni una m\u00e9s\u201d, ha destacat el president de la Diputaci\u00f3.<\/p>\n\n\n\n<figure class=\"wp-block-image size-full\"><img loading=\"lazy\" decoding=\"async\" width=\"640\" height=\"416\" src=\"http:\/\/www.tucomarca.com\/wordpress\/segunda\/wp-content\/uploads\/2025\/12\/PlenoDipu01.jpeg\" alt=\"\" class=\"wp-image-288259\" srcset=\"https:\/\/www.tucomarca.com\/wordpress\/segunda\/wp-content\/uploads\/2025\/12\/PlenoDipu01.jpeg 640w, https:\/\/www.tucomarca.com\/wordpress\/segunda\/wp-content\/uploads\/2025\/12\/PlenoDipu01-300x195.jpeg 300w\" sizes=\"auto, (max-width: 640px) 100vw, 640px\" \/><\/figure>\n","protected":false},"excerpt":{"rendered":"<div class=\"mh-excerpt\">Les ajudes, aprovades en Junta de Govern, se sumen als 12 milions d&#8217;euros del Pla de Recuperaci\u00f3 del Patrimoni Cultural repr\u00e9s per la corporaci\u00f3 provincial despr\u00e9s de huit anys sense convocar-se. La Diputaci\u00f3 es compromet, <a class=\"mh-excerpt-more\" href=\"https:\/\/www.tucomarca.com\/wordpress\/segunda\/ca\/la-diputacio-destina-mes-de-783-000-euros-a-la-recuperacio-del-patrimoni-eclesiastic-valencia-en-11-municipis\/\" title=\"La Diputaci\u00f3 destina m\u00e9s de 783.000 euros a la recuperaci\u00f3 del patrimoni eclesi\u00e0stic valenci\u00e0 en 11 municipis\u00a0\">[+] <\/a><\/div>\n","protected":false},"author":13,"featured_media":288264,"comment_status":"open","ping_status":"open","sticky":false,"template":"","format":"standard","meta":{"footnotes":""},"categories":[10892,10967,10991,10898,10948,10963,10894,10904,10902,10928,11007,10947,10896],"tags":[11199,21009,15856],"class_list":{"0":"post-288269","1":"post","2":"type-post","3":"status-publish","4":"format-standard","5":"has-post-thumbnail","7":"category-camp-de-turia-ca","8":"category-canals-ca","9":"category-catadau-ca","10":"category-ventana-ca","11":"category-infraestructuras-ca","12":"category-la-canal-de-navarres-ca","13":"category-la-comarca-ca","14":"category-sin-categorizar-ca","15":"category-la-ribera-ca","16":"category-lliria-ca","17":"category-ocio-y-cultura-ca","18":"category-politica","19":"category-seccion-ca","20":"tag-la-comunitat-ca","21":"tag-la-diputacio-de-valencia-ca","22":"tag-ocio-y-cultura-ca"},"_links":{"self":[{"href":"https:\/\/www.tucomarca.com\/wordpress\/segunda\/ca\/wp-json\/wp\/v2\/posts\/288269","targetHints":{"allow":["GET"]}}],"collection":[{"href":"https:\/\/www.tucomarca.com\/wordpress\/segunda\/ca\/wp-json\/wp\/v2\/posts"}],"about":[{"href":"https:\/\/www.tucomarca.com\/wordpress\/segunda\/ca\/wp-json\/wp\/v2\/types\/post"}],"author":[{"embeddable":true,"href":"https:\/\/www.tucomarca.com\/wordpress\/segunda\/ca\/wp-json\/wp\/v2\/users\/13"}],"replies":[{"embeddable":true,"href":"https:\/\/www.tucomarca.com\/wordpress\/segunda\/ca\/wp-json\/wp\/v2\/comments?post=288269"}],"version-history":[{"count":0,"href":"https:\/\/www.tucomarca.com\/wordpress\/segunda\/ca\/wp-json\/wp\/v2\/posts\/288269\/revisions"}],"wp:featuredmedia":[{"embeddable":true,"href":"https:\/\/www.tucomarca.com\/wordpress\/segunda\/ca\/wp-json\/wp\/v2\/media\/288264"}],"wp:attachment":[{"href":"https:\/\/www.tucomarca.com\/wordpress\/segunda\/ca\/wp-json\/wp\/v2\/media?parent=288269"}],"wp:term":[{"taxonomy":"category","embeddable":true,"href":"https:\/\/www.tucomarca.com\/wordpress\/segunda\/ca\/wp-json\/wp\/v2\/categories?post=288269"},{"taxonomy":"post_tag","embeddable":true,"href":"https:\/\/www.tucomarca.com\/wordpress\/segunda\/ca\/wp-json\/wp\/v2\/tags?post=288269"}],"curies":[{"name":"wp","href":"https:\/\/api.w.org\/{rel}","templated":true}]}}