{"id":288283,"date":"2025-12-18T10:45:00","date_gmt":"2025-12-18T09:45:00","guid":{"rendered":"https:\/\/www.tucomarca.com\/wordpress\/segunda\/?p=288283"},"modified":"2025-12-18T18:32:11","modified_gmt":"2025-12-18T17:32:11","slug":"victoria-del-cd-bunyol-davant-el-cf-recanvis-colon-amb-gols-de-pastor-i-mangel","status":"publish","type":"post","link":"https:\/\/www.tucomarca.com\/wordpress\/segunda\/ca\/victoria-del-cd-bunyol-davant-el-cf-recanvis-colon-amb-gols-de-pastor-i-mangel\/","title":{"rendered":"Victoria del CD Bunyol davant el CF Recanvis Col\u00f3n amb gols de Pastor i Mangel"},"content":{"rendered":"\n<p>El CD Bunyol va sumar aquest dimecres una important vict\u00f2ria en imposar-se al CF Recanvis Col\u00f3n en un partit molt disputat, decidit gr\u00e0cies als gols de Pastor i Mangel.<\/p>\n\n\n\n<p>El partit va comen\u00e7ar amb intensitat per part del conjunt bu\u00f1olense, que va avisar prompte amb una clara ocasi\u00f3 de Duco en el minut 17. La insist\u00e8ncia va tindre premi en el minut 28, quan Pastor va obrir el marcador i va deslligar l&#8217;alegria en la graderia.<\/p>\n\n\n\n<p>Despr\u00e9s del descans, el CD Bunyol va continuar buscant ampliar l&#8217;avantatge. En el minut 72 va arribar una doble ocasi\u00f3 molt clara protagonitzada per Lluch i Mangel, que va estar a punt de sentenciar el xoc. Finalment, en el minut 87, Mangel va aconseguir el segon tant del partit, assegurant el triomf per als locals.<\/p>\n\n\n\n<p>Amb aquest resultat, el CD Bunyol confirma el seu bon moment i suma tres punts que reforcen la confian\u00e7a de l&#8217;equip de cara als pr\u00f2xims compromisos.<\/p>\n","protected":false},"excerpt":{"rendered":"<div class=\"mh-excerpt\">El CD Bunyol va sumar aquest dimecres una important vict\u00f2ria en imposar-se al CF Recanvis Col\u00f3n en un partit molt disputat, decidit gr\u00e0cies als gols de Pastor i Mangel. El partit va comen\u00e7ar amb intensitat <a class=\"mh-excerpt-more\" href=\"https:\/\/www.tucomarca.com\/wordpress\/segunda\/ca\/victoria-del-cd-bunyol-davant-el-cf-recanvis-colon-amb-gols-de-pastor-i-mangel\/\" title=\"Victoria del CD Bunyol davant el CF Recanvis Col\u00f3n amb gols de Pastor i Mangel\">[+] <\/a><\/div>\n","protected":false},"author":12,"featured_media":288281,"comment_status":"open","ping_status":"open","sticky":false,"template":"","format":"standard","meta":{"footnotes":""},"categories":[10911,11015,11003,10894,10912,10896],"tags":[10913,11126,10914],"class_list":{"0":"post-288283","1":"post","2":"type-post","3":"status-publish","4":"format-standard","5":"has-post-thumbnail","7":"category-bunol-ca","8":"category-canal-futbol","9":"category-sports","10":"category-la-comarca-ca","11":"category-la-hoya-ca","12":"category-seccion-ca","13":"tag-bunol-ca","14":"tag-cd-bunol-ca","15":"tag-la-hoya-de-bunol-chiva-ca"},"_links":{"self":[{"href":"https:\/\/www.tucomarca.com\/wordpress\/segunda\/ca\/wp-json\/wp\/v2\/posts\/288283","targetHints":{"allow":["GET"]}}],"collection":[{"href":"https:\/\/www.tucomarca.com\/wordpress\/segunda\/ca\/wp-json\/wp\/v2\/posts"}],"about":[{"href":"https:\/\/www.tucomarca.com\/wordpress\/segunda\/ca\/wp-json\/wp\/v2\/types\/post"}],"author":[{"embeddable":true,"href":"https:\/\/www.tucomarca.com\/wordpress\/segunda\/ca\/wp-json\/wp\/v2\/users\/12"}],"replies":[{"embeddable":true,"href":"https:\/\/www.tucomarca.com\/wordpress\/segunda\/ca\/wp-json\/wp\/v2\/comments?post=288283"}],"version-history":[{"count":0,"href":"https:\/\/www.tucomarca.com\/wordpress\/segunda\/ca\/wp-json\/wp\/v2\/posts\/288283\/revisions"}],"wp:featuredmedia":[{"embeddable":true,"href":"https:\/\/www.tucomarca.com\/wordpress\/segunda\/ca\/wp-json\/wp\/v2\/media\/288281"}],"wp:attachment":[{"href":"https:\/\/www.tucomarca.com\/wordpress\/segunda\/ca\/wp-json\/wp\/v2\/media?parent=288283"}],"wp:term":[{"taxonomy":"category","embeddable":true,"href":"https:\/\/www.tucomarca.com\/wordpress\/segunda\/ca\/wp-json\/wp\/v2\/categories?post=288283"},{"taxonomy":"post_tag","embeddable":true,"href":"https:\/\/www.tucomarca.com\/wordpress\/segunda\/ca\/wp-json\/wp\/v2\/tags?post=288283"}],"curies":[{"name":"wp","href":"https:\/\/api.w.org\/{rel}","templated":true}]}}