{"id":288301,"date":"2025-12-18T11:00:00","date_gmt":"2025-12-18T10:00:00","guid":{"rendered":"https:\/\/www.tucomarca.com\/wordpress\/segunda\/?p=288301"},"modified":"2025-12-18T18:20:41","modified_gmt":"2025-12-18T17:20:41","slug":"covinas-celebra-la-designacio-de-requena-com-a-ciutat-espanyola-del-vi-2026","status":"publish","type":"post","link":"https:\/\/www.tucomarca.com\/wordpress\/segunda\/ca\/covinas-celebra-la-designacio-de-requena-com-a-ciutat-espanyola-del-vi-2026\/","title":{"rendered":"Covi\u00f1as celebra la designaci\u00f3 de Requena com a Ciutat Espanyola del Vi 2026"},"content":{"rendered":"\n<h3 class=\"wp-block-heading\">El celler, l\u00edder de la DO Utiel-Requena, posa en valor l\u2019impuls que suposa per a la promoci\u00f3 dels vins i caves que naixen en esta terra de tradici\u00f3 vitivin\u00edcola mil\u00b7len\u00e0ria.<\/h3>\n\n\n\n<p>Covi\u00f1as s\u2019afig a la celebraci\u00f3 del nomenament de Requena com a Ciutat Espanyola del Vi 2026, distinci\u00f3 que atorga amb car\u00e0cter anual l\u2019Asociaci\u00f3n Espa\u00f1ola de Ciudades del Vino (ACEV\u00cdN). Esta designaci\u00f3 suposa un important impuls per a la promoci\u00f3 dels vins i caves de la localitat, aix\u00ed com una invitaci\u00f3 a visitar, explorar i con\u00e9ixer la tradici\u00f3 vitivin\u00edcola mil\u00b7len\u00e0ria d\u2019esta terra, junt amb la seua cultura, hist\u00f2ria, gastronomia, patrimoni i la seua gent.<\/p>\n\n\n<div class=\"wp-block-image\">\n<figure class=\"alignleft size-large is-resized\"><img loading=\"lazy\" decoding=\"async\" width=\"768\" height=\"1024\" src=\"http:\/\/www.tucomarca.com\/wordpress\/segunda\/wp-content\/uploads\/2025\/12\/EnterizoCovinas-768x1024.jpg\" alt=\"\" class=\"wp-image-288297\" style=\"width:266px;height:auto\" srcset=\"https:\/\/www.tucomarca.com\/wordpress\/segunda\/wp-content\/uploads\/2025\/12\/EnterizoCovinas-768x1024.jpg 768w, https:\/\/www.tucomarca.com\/wordpress\/segunda\/wp-content\/uploads\/2025\/12\/EnterizoCovinas-225x300.jpg 225w, https:\/\/www.tucomarca.com\/wordpress\/segunda\/wp-content\/uploads\/2025\/12\/EnterizoCovinas-1152x1536.jpg 1152w, https:\/\/www.tucomarca.com\/wordpress\/segunda\/wp-content\/uploads\/2025\/12\/EnterizoCovinas-1536x2048.jpg 1536w, https:\/\/www.tucomarca.com\/wordpress\/segunda\/wp-content\/uploads\/2025\/12\/EnterizoCovinas-scaled.jpg 1920w\" sizes=\"auto, (max-width: 768px) 100vw, 768px\" \/><\/figure>\n<\/div>\n\n\n<p>Covi\u00f1as brinda per un 2026 que quedar\u00e0 marcat en la hist\u00f2ria d\u2019este municipi. Les m\u00e9s de 3.000 fam\u00edlies que integren este celler, l\u00edder de la DO Utiel-Requena i membre de l\u2019Asociaci\u00f3n de Elaboradores de Cava de Requena, destaquen esta oportunitat per a promocionar l\u2019excel\u00b7lent qualitat i diversitat dels seus vins i caves. Una qualitat i diversitat que es reflectixen en les diferents gammes elaborades des del respecte a la tradici\u00f3, al llegat i a l\u2019origen, apostant al mateix temps per la innovaci\u00f3 per a arribar a tot tipus de consumidors. Esta \u00e9s la seua vocaci\u00f3: elaborar vins per a tots des d\u2019un treball comprom\u00e9s amb la terra, el consumidor i l\u2019evoluci\u00f3 del sector.<\/p>\n\n\n\n<p>El comprom\u00eds amb les persones i amb la comunitat \u00e9s un senyal d\u2019identitat d\u2019este celler cooperatiu, motor socioecon\u00f2mic del territori. En este sentit, des de Covi\u00f1as subratllen que la designaci\u00f3 com a Ciutat Espanyola del Vi suposa un impacte positiu global per al futur de Requena, contribuint a atraure l\u2019atenci\u00f3 dels joves cap a un sector la viabilitat del qual dep\u00e9n en gran manera del relleu generacional. Ells s\u00f3n clau per a continuar escrivint la hist\u00f2ria d\u2019este singular territori, que es remunta a m\u00e9s de 2.500 anys arrere.<\/p>\n\n\n\n<p>Jorge Srougi, director general de Covi\u00f1as, ha felicitat totes les persones que formen part del sector a la localitat, aix\u00ed com tot el ve\u00efnat, i els ha animat a sumar-se a esta celebraci\u00f3, ja que \u201ceste reconeixement ens oferix una excel\u00b7lent oportunitat per a donar a con\u00e9ixer la identitat vitivin\u00edcola de Requena. Un nomenament que suposa un gran impuls per al nostre sector i per al desenvolupament sostenible del nostre territori i de la nostra gent, i especialment per a posar en valor els nostres agricultors, que amb gran esfor\u00e7, dedicaci\u00f3 i passi\u00f3 cultiven les nostres vinyes\u201d.<\/p>\n","protected":false},"excerpt":{"rendered":"<div class=\"mh-excerpt\">El celler, l\u00edder de la DO Utiel-Requena, posa en valor l\u2019impuls que suposa per a la promoci\u00f3 dels vins i caves que naixen en esta terra de tradici\u00f3 vitivin\u00edcola mil\u00b7len\u00e0ria. Covi\u00f1as s\u2019afig a la celebraci\u00f3 <a class=\"mh-excerpt-more\" href=\"https:\/\/www.tucomarca.com\/wordpress\/segunda\/ca\/covinas-celebra-la-designacio-de-requena-com-a-ciutat-espanyola-del-vi-2026\/\" title=\"Covi\u00f1as celebra la designaci\u00f3 de Requena com a Ciutat Espanyola del Vi 2026\">[+] <\/a><\/div>\n","protected":false},"author":12,"featured_media":288296,"comment_status":"open","ping_status":"open","sticky":false,"template":"","format":"standard","meta":{"footnotes":""},"categories":[11006,10894,11007,10908,10909,10896],"tags":[20589,11099,10910],"class_list":{"0":"post-288301","1":"post","2":"type-post","3":"status-publish","4":"format-standard","5":"has-post-thumbnail","7":"category-canal-vinos","8":"category-la-comarca-ca","9":"category-ocio-y-cultura-ca","10":"category-requena-ca","11":"category-requena-utiel-ca","12":"category-seccion-ca","13":"tag-bodegas-covinas-ca","14":"tag-requena-ca","15":"tag-requena-utiel-ca"},"_links":{"self":[{"href":"https:\/\/www.tucomarca.com\/wordpress\/segunda\/ca\/wp-json\/wp\/v2\/posts\/288301","targetHints":{"allow":["GET"]}}],"collection":[{"href":"https:\/\/www.tucomarca.com\/wordpress\/segunda\/ca\/wp-json\/wp\/v2\/posts"}],"about":[{"href":"https:\/\/www.tucomarca.com\/wordpress\/segunda\/ca\/wp-json\/wp\/v2\/types\/post"}],"author":[{"embeddable":true,"href":"https:\/\/www.tucomarca.com\/wordpress\/segunda\/ca\/wp-json\/wp\/v2\/users\/12"}],"replies":[{"embeddable":true,"href":"https:\/\/www.tucomarca.com\/wordpress\/segunda\/ca\/wp-json\/wp\/v2\/comments?post=288301"}],"version-history":[{"count":0,"href":"https:\/\/www.tucomarca.com\/wordpress\/segunda\/ca\/wp-json\/wp\/v2\/posts\/288301\/revisions"}],"wp:featuredmedia":[{"embeddable":true,"href":"https:\/\/www.tucomarca.com\/wordpress\/segunda\/ca\/wp-json\/wp\/v2\/media\/288296"}],"wp:attachment":[{"href":"https:\/\/www.tucomarca.com\/wordpress\/segunda\/ca\/wp-json\/wp\/v2\/media?parent=288301"}],"wp:term":[{"taxonomy":"category","embeddable":true,"href":"https:\/\/www.tucomarca.com\/wordpress\/segunda\/ca\/wp-json\/wp\/v2\/categories?post=288301"},{"taxonomy":"post_tag","embeddable":true,"href":"https:\/\/www.tucomarca.com\/wordpress\/segunda\/ca\/wp-json\/wp\/v2\/tags?post=288301"}],"curies":[{"name":"wp","href":"https:\/\/api.w.org\/{rel}","templated":true}]}}