{"id":288565,"date":"2025-12-21T09:00:00","date_gmt":"2025-12-21T08:00:00","guid":{"rendered":"https:\/\/www.tucomarca.com\/wordpress\/segunda\/?p=288565"},"modified":"2025-12-22T13:11:46","modified_gmt":"2025-12-22T12:11:46","slug":"la-rondalla-i-cor-majors-amb-alegria-de-requena-ofereixen-un-concert-gratuit-amb-motiu-de-nadal","status":"publish","type":"post","link":"https:\/\/www.tucomarca.com\/wordpress\/segunda\/ca\/la-rondalla-i-cor-majors-amb-alegria-de-requena-ofereixen-un-concert-gratuit-amb-motiu-de-nadal\/","title":{"rendered":"La Rondalla i Cor Majors amb Alegria de Requena ofereixen un concert gratu\u00eft amb motiu de Nadal"},"content":{"rendered":"\n<p>La Rondalla i Cor Majors amb Alegria de Requena convida al p\u00fablic d&#8217;aquesta poblaci\u00f3 i de localitats ve\u00efnes al concert extraordinari de Nadal.<\/p>\n\n\n\n<p>Tindr\u00e0 lloc aquest dimarts, 23 de desembre, a les 19,00 hores, en la sala d&#8217;actes del Centre d&#8217;Envelliment Actiu (CEA) de Requena situat al carrer la Vila Joiosa.<\/p>\n\n\n\n<p>El grup musical ha preparat minuciosament un repertori nadalenc per a&nbsp; interpretar en l&#8217;esdeveniment, amb la finalitat d&#8217;aconseguir el major grat del p\u00fablic que acudir\u00e0 a l&#8217;esdeveniment. Entre el repertori que s&#8217;interpretar\u00e0 en el concert figuren temes tan coneguts com: La N\u00favia del Pescador, Doctor Zhivago, Amor d&#8217;Home, El Tamboriner, Nit de Pau&nbsp; i Bon Nadal.<\/p>\n\n\n\n<p>Per tant, ser\u00e0 un esdeveniment musical emotiu i festiu que el p\u00fablic no pot perdre&#8217;s.<strong> Informa, Luis Ib\u00e1\u00f1ez.<\/strong><\/p>\n","protected":false},"excerpt":{"rendered":"<div class=\"mh-excerpt\">La Rondalla i Cor Majors amb Alegria de Requena convida al p\u00fablic d&#8217;aquesta poblaci\u00f3 i de localitats ve\u00efnes al concert extraordinari de Nadal. Tindr\u00e0 lloc aquest dimarts, 23 de desembre, a les 19,00 hores, en <a class=\"mh-excerpt-more\" href=\"https:\/\/www.tucomarca.com\/wordpress\/segunda\/ca\/la-rondalla-i-cor-majors-amb-alegria-de-requena-ofereixen-un-concert-gratuit-amb-motiu-de-nadal\/\" title=\"La Rondalla i Cor Majors amb Alegria de Requena ofereixen un concert gratu\u00eft amb motiu de Nadal\">[+] <\/a><\/div>\n","protected":false},"author":12,"featured_media":288564,"comment_status":"open","ping_status":"open","sticky":false,"template":"","format":"standard","meta":{"footnotes":""},"categories":[11019,11005,10894,11007,10908,10909,10896],"tags":[11099,10910,23105],"class_list":{"0":"post-288565","1":"post","2":"type-post","3":"status-publish","4":"format-standard","5":"has-post-thumbnail","7":"category-agenda-ca","8":"category-canal-musica","9":"category-la-comarca-ca","10":"category-ocio-y-cultura-ca","11":"category-requena-ca","12":"category-requena-utiel-ca","13":"category-seccion-ca","14":"tag-requena-ca","15":"tag-requena-utiel-ca","16":"tag-rondalla-y-coro-mayores-con-alegria-ca"},"_links":{"self":[{"href":"https:\/\/www.tucomarca.com\/wordpress\/segunda\/ca\/wp-json\/wp\/v2\/posts\/288565","targetHints":{"allow":["GET"]}}],"collection":[{"href":"https:\/\/www.tucomarca.com\/wordpress\/segunda\/ca\/wp-json\/wp\/v2\/posts"}],"about":[{"href":"https:\/\/www.tucomarca.com\/wordpress\/segunda\/ca\/wp-json\/wp\/v2\/types\/post"}],"author":[{"embeddable":true,"href":"https:\/\/www.tucomarca.com\/wordpress\/segunda\/ca\/wp-json\/wp\/v2\/users\/12"}],"replies":[{"embeddable":true,"href":"https:\/\/www.tucomarca.com\/wordpress\/segunda\/ca\/wp-json\/wp\/v2\/comments?post=288565"}],"version-history":[{"count":0,"href":"https:\/\/www.tucomarca.com\/wordpress\/segunda\/ca\/wp-json\/wp\/v2\/posts\/288565\/revisions"}],"wp:featuredmedia":[{"embeddable":true,"href":"https:\/\/www.tucomarca.com\/wordpress\/segunda\/ca\/wp-json\/wp\/v2\/media\/288564"}],"wp:attachment":[{"href":"https:\/\/www.tucomarca.com\/wordpress\/segunda\/ca\/wp-json\/wp\/v2\/media?parent=288565"}],"wp:term":[{"taxonomy":"category","embeddable":true,"href":"https:\/\/www.tucomarca.com\/wordpress\/segunda\/ca\/wp-json\/wp\/v2\/categories?post=288565"},{"taxonomy":"post_tag","embeddable":true,"href":"https:\/\/www.tucomarca.com\/wordpress\/segunda\/ca\/wp-json\/wp\/v2\/tags?post=288565"}],"curies":[{"name":"wp","href":"https:\/\/api.w.org\/{rel}","templated":true}]}}