{"id":288685,"date":"2025-12-22T09:50:00","date_gmt":"2025-12-22T08:50:00","guid":{"rendered":"https:\/\/www.tucomarca.com\/wordpress\/segunda\/?p=288685"},"modified":"2025-12-22T21:20:29","modified_gmt":"2025-12-22T20:20:29","slug":"alboraig-acull-un-concert-liric-de-nadal-amb-arantxa-pons-i-el-cor-de-lescola-la-primitiva","status":"publish","type":"post","link":"https:\/\/www.tucomarca.com\/wordpress\/segunda\/ca\/alboraig-acull-un-concert-liric-de-nadal-amb-arantxa-pons-i-el-cor-de-lescola-la-primitiva\/","title":{"rendered":"Alboraig acull un Concert L\u00edric de Nadal amb Arantxa Pons i el Cor de l&#8217;Escola \u201cLa Primitiva\u201d"},"content":{"rendered":"\n<p>El municipi d&#8217;Alboraig celebrar\u00e0 Nadal amb un Concert L\u00edric dissabte que ve 27 de desembre, a les 19.00 hores, en la sala d&#8217;actes de la SIM, sota el t\u00edtol \u201cVeus que il\u00b7luminen Nadal\u201d.<\/p>\n\n\n\n<p>El recital comptar\u00e0 amb la participaci\u00f3 de la reconeguda soprano Arantxa Pons, acompanyada pel Cor de l&#8217;Escola \u201cLa Primitiva\u201d, en una proposta musical que combinar\u00e0 lirisme i esperit nadalenc, pensada per a tots els p\u00fablics.<\/p>\n\n\n\n<p>L&#8217;esdeveniment est\u00e0 organitzat per la Societat Instructiva Musical \u201cLa Primitiva\u201d d&#8217;Alborache, amb la col\u00b7laboraci\u00f3 de l&#8217;Ajuntament d&#8217;Alboraig, i s&#8217;emmarca dins de les activitats culturals impulsades amb el suport del Pacte d&#8217;Estat contra la Viol\u00e8ncia de G\u00e8nere i el Ministeri d&#8217;Igualtat.<\/p>\n\n\n\n<p>Amb aquesta iniciativa, Alboraig refor\u00e7a la seua programaci\u00f3 cultural nadalenca i posa en valor la m\u00fasica i el talent art\u00edstic com a elements de trobada i conviv\u00e8ncia durant aquestes dates assenyalades.<\/p>\n","protected":false},"excerpt":{"rendered":"<div class=\"mh-excerpt\">El municipi d&#8217;Alboraig celebrar\u00e0 Nadal amb un Concert L\u00edric dissabte que ve 27 de desembre, a les 19.00 hores, en la sala d&#8217;actes de la SIM, sota el t\u00edtol \u201cVeus que il\u00b7luminen Nadal\u201d. El recital <a class=\"mh-excerpt-more\" href=\"https:\/\/www.tucomarca.com\/wordpress\/segunda\/ca\/alboraig-acull-un-concert-liric-de-nadal-amb-arantxa-pons-i-el-cor-de-lescola-la-primitiva\/\" title=\"Alboraig acull un Concert L\u00edric de Nadal amb Arantxa Pons i el Cor de l&#8217;Escola \u201cLa Primitiva\u201d\">[+] <\/a><\/div>\n","protected":false},"author":12,"featured_media":288684,"comment_status":"open","ping_status":"open","sticky":false,"template":"","format":"standard","meta":{"footnotes":""},"categories":[11019,10973,11005,10894,10912,11007,10896],"tags":[11224,10914],"class_list":{"0":"post-288685","1":"post","2":"type-post","3":"status-publish","4":"format-standard","5":"has-post-thumbnail","7":"category-agenda-ca","8":"category-alborache-ca","9":"category-canal-musica","10":"category-la-comarca-ca","11":"category-la-hoya-ca","12":"category-ocio-y-cultura-ca","13":"category-seccion-ca","14":"tag-alborache-ca","15":"tag-la-hoya-de-bunol-chiva-ca"},"_links":{"self":[{"href":"https:\/\/www.tucomarca.com\/wordpress\/segunda\/ca\/wp-json\/wp\/v2\/posts\/288685","targetHints":{"allow":["GET"]}}],"collection":[{"href":"https:\/\/www.tucomarca.com\/wordpress\/segunda\/ca\/wp-json\/wp\/v2\/posts"}],"about":[{"href":"https:\/\/www.tucomarca.com\/wordpress\/segunda\/ca\/wp-json\/wp\/v2\/types\/post"}],"author":[{"embeddable":true,"href":"https:\/\/www.tucomarca.com\/wordpress\/segunda\/ca\/wp-json\/wp\/v2\/users\/12"}],"replies":[{"embeddable":true,"href":"https:\/\/www.tucomarca.com\/wordpress\/segunda\/ca\/wp-json\/wp\/v2\/comments?post=288685"}],"version-history":[{"count":0,"href":"https:\/\/www.tucomarca.com\/wordpress\/segunda\/ca\/wp-json\/wp\/v2\/posts\/288685\/revisions"}],"wp:featuredmedia":[{"embeddable":true,"href":"https:\/\/www.tucomarca.com\/wordpress\/segunda\/ca\/wp-json\/wp\/v2\/media\/288684"}],"wp:attachment":[{"href":"https:\/\/www.tucomarca.com\/wordpress\/segunda\/ca\/wp-json\/wp\/v2\/media?parent=288685"}],"wp:term":[{"taxonomy":"category","embeddable":true,"href":"https:\/\/www.tucomarca.com\/wordpress\/segunda\/ca\/wp-json\/wp\/v2\/categories?post=288685"},{"taxonomy":"post_tag","embeddable":true,"href":"https:\/\/www.tucomarca.com\/wordpress\/segunda\/ca\/wp-json\/wp\/v2\/tags?post=288685"}],"curies":[{"name":"wp","href":"https:\/\/api.w.org\/{rel}","templated":true}]}}