{"id":288700,"date":"2025-12-22T10:25:00","date_gmt":"2025-12-22T09:25:00","guid":{"rendered":"https:\/\/www.tucomarca.com\/wordpress\/segunda\/?p=288700"},"modified":"2025-12-22T21:24:02","modified_gmt":"2025-12-22T20:24:02","slug":"bunyol-gaudeix-del-concert-oferit-pels-alumnes-del-conservatori-de-musica-sant-rafael-en-el-palau-de-la-musica","status":"publish","type":"post","link":"https:\/\/www.tucomarca.com\/wordpress\/segunda\/ca\/bunyol-gaudeix-del-concert-oferit-pels-alumnes-del-conservatori-de-musica-sant-rafael-en-el-palau-de-la-musica\/","title":{"rendered":"Bunyol gaudeix del concert oferit pels alumnes del Conservatori de M\u00fasica Sant Rafael en el Palau de la M\u00fasica"},"content":{"rendered":"\n<p>El Palau de la M\u00fasica de Bunyol va acollir aquest passat divendres, 19 de desembre, el tradicional concert de Nadal de les bandes Juvenil i Simf\u00f2nica del Conservatori de M\u00fasica Sant Rafael, una cita ja consolidada en la programaci\u00f3 cultural del municipi i que va tornar a reunir nombr\u00f3s p\u00fablic.<\/p>\n\n\n\n<p>L&#8217;alumnat del conservatori va oferir un repertori variat, demostrant l&#8217;alt nivell formatiu del centre i el treball realitzat al llarg del curs. El concert va posar de manifest el comprom\u00eds del Conservatori Sant Rafael amb l&#8217;ensenyament musical i la difusi\u00f3 de la cultura a Bunyol.<\/p>\n\n\n\n<p>Amb aquest concert, el Conservatori de M\u00fasica Sant Rafael de Bunyol contribueix un any m\u00e9s a enriquir l&#8217;oferta cultural del municipi i a mantindre vives les tradicions musicals durant aquestes dates tan assenyalades.<\/p>\n\n\n\n<figure class=\"wp-block-gallery has-nested-images columns-2 is-cropped wp-block-gallery-1 is-layout-flex wp-block-gallery-is-layout-flex\">\n<figure class=\"wp-block-image size-large\"><img loading=\"lazy\" decoding=\"async\" width=\"1024\" height=\"718\" data-id=\"288693\" src=\"https:\/\/www.tucomarca.com\/wordpress\/segunda\/wp-content\/uploads\/2025\/12\/ConservatorioCancertNav02-1024x718.jpg\" alt=\"\" class=\"wp-image-288693\" srcset=\"https:\/\/www.tucomarca.com\/wordpress\/segunda\/wp-content\/uploads\/2025\/12\/ConservatorioCancertNav02-1024x718.jpg 1024w, https:\/\/www.tucomarca.com\/wordpress\/segunda\/wp-content\/uploads\/2025\/12\/ConservatorioCancertNav02-300x210.jpg 300w, https:\/\/www.tucomarca.com\/wordpress\/segunda\/wp-content\/uploads\/2025\/12\/ConservatorioCancertNav02-768x539.jpg 768w, https:\/\/www.tucomarca.com\/wordpress\/segunda\/wp-content\/uploads\/2025\/12\/ConservatorioCancertNav02.jpg 1440w\" sizes=\"auto, (max-width: 1024px) 100vw, 1024px\" \/><\/figure>\n\n\n\n<figure class=\"wp-block-image size-large\"><img loading=\"lazy\" decoding=\"async\" width=\"1024\" height=\"718\" data-id=\"288695\" src=\"https:\/\/www.tucomarca.com\/wordpress\/segunda\/wp-content\/uploads\/2025\/12\/ConservatorioCancertNav03-1024x718.jpg\" alt=\"\" class=\"wp-image-288695\" srcset=\"https:\/\/www.tucomarca.com\/wordpress\/segunda\/wp-content\/uploads\/2025\/12\/ConservatorioCancertNav03-1024x718.jpg 1024w, https:\/\/www.tucomarca.com\/wordpress\/segunda\/wp-content\/uploads\/2025\/12\/ConservatorioCancertNav03-300x210.jpg 300w, https:\/\/www.tucomarca.com\/wordpress\/segunda\/wp-content\/uploads\/2025\/12\/ConservatorioCancertNav03-768x539.jpg 768w, https:\/\/www.tucomarca.com\/wordpress\/segunda\/wp-content\/uploads\/2025\/12\/ConservatorioCancertNav03.jpg 1440w\" sizes=\"auto, (max-width: 1024px) 100vw, 1024px\" \/><\/figure>\n\n\n\n<figure class=\"wp-block-image size-large\"><img loading=\"lazy\" decoding=\"async\" width=\"1024\" height=\"713\" data-id=\"288691\" src=\"https:\/\/www.tucomarca.com\/wordpress\/segunda\/wp-content\/uploads\/2025\/12\/ConservatorioCancertNav01-1024x713.jpg\" alt=\"\" class=\"wp-image-288691\" srcset=\"https:\/\/www.tucomarca.com\/wordpress\/segunda\/wp-content\/uploads\/2025\/12\/ConservatorioCancertNav01-1024x713.jpg 1024w, https:\/\/www.tucomarca.com\/wordpress\/segunda\/wp-content\/uploads\/2025\/12\/ConservatorioCancertNav01-300x209.jpg 300w, https:\/\/www.tucomarca.com\/wordpress\/segunda\/wp-content\/uploads\/2025\/12\/ConservatorioCancertNav01-768x535.jpg 768w, https:\/\/www.tucomarca.com\/wordpress\/segunda\/wp-content\/uploads\/2025\/12\/ConservatorioCancertNav01.jpg 1440w\" sizes=\"auto, (max-width: 1024px) 100vw, 1024px\" \/><\/figure>\n<\/figure>\n","protected":false},"excerpt":{"rendered":"<div class=\"mh-excerpt\">El Palau de la M\u00fasica de Bunyol va acollir aquest passat divendres, 19 de desembre, el tradicional concert de Nadal de les bandes Juvenil i Simf\u00f2nica del Conservatori de M\u00fasica Sant Rafael, una cita ja <a class=\"mh-excerpt-more\" href=\"https:\/\/www.tucomarca.com\/wordpress\/segunda\/ca\/bunyol-gaudeix-del-concert-oferit-pels-alumnes-del-conservatori-de-musica-sant-rafael-en-el-palau-de-la-musica\/\" title=\"Bunyol gaudeix del concert oferit pels alumnes del Conservatori de M\u00fasica Sant Rafael en el Palau de la M\u00fasica\">[+] <\/a><\/div>\n","protected":false},"author":12,"featured_media":288698,"comment_status":"open","ping_status":"open","sticky":false,"template":"","format":"gallery","meta":{"footnotes":""},"categories":[10911,11005,10894,10912,11007,10896],"tags":[10913,20596,10914],"class_list":{"0":"post-288700","1":"post","2":"type-post","3":"status-publish","4":"format-gallery","5":"has-post-thumbnail","7":"category-bunol-ca","8":"category-canal-musica","9":"category-la-comarca-ca","10":"category-la-hoya-ca","11":"category-ocio-y-cultura-ca","12":"category-seccion-ca","13":"tag-bunol-ca","14":"tag-conservatorio-san-rafael-de-bunol-ca","15":"tag-la-hoya-de-bunol-chiva-ca","16":"post_format-post-format-gallery"},"_links":{"self":[{"href":"https:\/\/www.tucomarca.com\/wordpress\/segunda\/ca\/wp-json\/wp\/v2\/posts\/288700","targetHints":{"allow":["GET"]}}],"collection":[{"href":"https:\/\/www.tucomarca.com\/wordpress\/segunda\/ca\/wp-json\/wp\/v2\/posts"}],"about":[{"href":"https:\/\/www.tucomarca.com\/wordpress\/segunda\/ca\/wp-json\/wp\/v2\/types\/post"}],"author":[{"embeddable":true,"href":"https:\/\/www.tucomarca.com\/wordpress\/segunda\/ca\/wp-json\/wp\/v2\/users\/12"}],"replies":[{"embeddable":true,"href":"https:\/\/www.tucomarca.com\/wordpress\/segunda\/ca\/wp-json\/wp\/v2\/comments?post=288700"}],"version-history":[{"count":0,"href":"https:\/\/www.tucomarca.com\/wordpress\/segunda\/ca\/wp-json\/wp\/v2\/posts\/288700\/revisions"}],"wp:featuredmedia":[{"embeddable":true,"href":"https:\/\/www.tucomarca.com\/wordpress\/segunda\/ca\/wp-json\/wp\/v2\/media\/288698"}],"wp:attachment":[{"href":"https:\/\/www.tucomarca.com\/wordpress\/segunda\/ca\/wp-json\/wp\/v2\/media?parent=288700"}],"wp:term":[{"taxonomy":"category","embeddable":true,"href":"https:\/\/www.tucomarca.com\/wordpress\/segunda\/ca\/wp-json\/wp\/v2\/categories?post=288700"},{"taxonomy":"post_tag","embeddable":true,"href":"https:\/\/www.tucomarca.com\/wordpress\/segunda\/ca\/wp-json\/wp\/v2\/tags?post=288700"}],"curies":[{"name":"wp","href":"https:\/\/api.w.org\/{rel}","templated":true}]}}