{"id":288744,"date":"2025-12-23T10:45:00","date_gmt":"2025-12-23T09:45:00","guid":{"rendered":"https:\/\/www.tucomarca.com\/wordpress\/segunda\/?p=288744"},"modified":"2025-12-23T20:41:44","modified_gmt":"2025-12-23T19:41:44","slug":"godelleta-tindra-un-camp-de-futbol-100-ecologic-i-reciclable","status":"publish","type":"post","link":"https:\/\/www.tucomarca.com\/wordpress\/segunda\/ca\/godelleta-tindra-un-camp-de-futbol-100-ecologic-i-reciclable\/","title":{"rendered":"Godelleta tindr\u00e0 un camp de futbol 100% ecol\u00f2gic i reciclable"},"content":{"rendered":"\n<h3 class=\"wp-block-heading\">Un projecte pioner que naix per a reformar una de les instal\u00b7lacions de Godelleta greument afectades per la DANA.<\/h3>\n\n\n\n<p>L&#8217;Ajuntament de Godelleta es troba en la fase final de les obres de reforma integral del camp de futbol municipal, que havia quedat greument danyat per la DANA. L&#8217;actuaci\u00f3, gestionada mitjan\u00e7ant la subvenci\u00f3 del Ministeri de Pol\u00edtica Territorial i Mem\u00f2ria Democr\u00e0tica, permetr\u00e0 dotar al municipi d&#8217;unes instal\u00b7lacions esportives completament ecol\u00f2giques i reciclables.<br>El nou camp de futbol ser\u00e0 pioner a comptar amb un sistema totalment innovador, que inclou una base el\u00e0stica reciclable d&#8217;\u00faltima generaci\u00f3, resolta amb llosetes de 23 mm de gross\u00e0ria dissenyada per a garantir la seguretat i esmorteir la trepitjada, aix\u00ed com un sistema nou i reciclable que permetr\u00e0 un joc de primera.<br>L&#8217;alcaldessa de Godelleta, Amparo Pardo, ha subratllat: \u201cAquest projecte \u00e9s un orgull per al nostre municipi, perqu\u00e8 demostra que podem canviar una situaci\u00f3 dif\u00edcil, com els danys provocats per la DANA, en una oportunitat per a avan\u00e7ar cap a un futur m\u00e9s sostenible i segur per a la ciutadania\u201d.<br>La gespa, totalment sostenible i recuperable, s&#8217;est\u00e0 instal\u00b7lant amb farciment org\u00e0nic, eliminant qualsevol pres\u00e8ncia de micropl\u00e0stics i avan\u00e7ant-se a la normativa europea que entrar\u00e0 en vigor en 2031. \u00c9s de 44 mm, d&#8217;alta densitat i d&#8217;un fil que combina monofilament i fibrilado sobre una base de feltre, complint els par\u00e0metres m\u00e9s exigents de la Uni\u00f3 Europea i de la FIFA.<br>El farciment sobre la gespa per a un perfecte rendiment t\u00e8cnic es resol a base d&#8217;encenalls de panolla de dacsa, per tractar-se del farciment m\u00e9s natural que existeix en el mercat, alhora que sostenible. Tot el projecte s&#8217;emmarca en les l\u00ednies dels Objectius de Desenvolupament Sostenible (ODS) marcats per la Uni\u00f3 Europea, implementant innovaci\u00f3 mediambiental aplicada a l&#8217;esport.<br>A m\u00e9s es dotar\u00e0 a tot el per\u00edmetre del camp de futbol d&#8217;un encoixinament per a protegir els jugadors en cas de caiguda a gran velocitat. Marr\u00f3 ha destacat: \u201cNo es tracta nom\u00e9s del camp de futbol, sin\u00f3 d&#8217;un s\u00edmbol d&#8217;implicaci\u00f3 amb el medi ambient i amb les generacions futures. Volem que Godelleta siga un exemple de com l&#8217;esport pot ser motor d&#8217;innovaci\u00f3 i sostenibilitat\u201d.<br>La reforma del camp de futbol municipal, que es troba en la seua fase final, no sols respon a la necessitat de recuperar unes instal\u00b7lacions danyades, sin\u00f3 que marca una fita en la innovaci\u00f3 esportiva i mediambiental. Amb aquest projecte, Godelleta s&#8217;avan\u00e7a a les futures restriccions mediambientals i es posiciona com un referent nacional en instal\u00b7lacions esportives sostenibles, demostrant que l&#8217;esport i el respecte al medi ambient poden avan\u00e7ar cap a un futur m\u00e9s responsable.<\/p>\n\n\n\n<figure class=\"wp-block-image size-large\"><img loading=\"lazy\" decoding=\"async\" width=\"1024\" height=\"691\" src=\"http:\/\/www.tucomarca.com\/wordpress\/segunda\/wp-content\/uploads\/2025\/12\/GodelletaNuevoCampoFutbol02-1024x691.jpg\" alt=\"\" class=\"wp-image-288743\" srcset=\"https:\/\/www.tucomarca.com\/wordpress\/segunda\/wp-content\/uploads\/2025\/12\/GodelletaNuevoCampoFutbol02-1024x691.jpg 1024w, https:\/\/www.tucomarca.com\/wordpress\/segunda\/wp-content\/uploads\/2025\/12\/GodelletaNuevoCampoFutbol02-300x203.jpg 300w, https:\/\/www.tucomarca.com\/wordpress\/segunda\/wp-content\/uploads\/2025\/12\/GodelletaNuevoCampoFutbol02-768x518.jpg 768w, https:\/\/www.tucomarca.com\/wordpress\/segunda\/wp-content\/uploads\/2025\/12\/GodelletaNuevoCampoFutbol02-1536x1037.jpg 1536w, https:\/\/www.tucomarca.com\/wordpress\/segunda\/wp-content\/uploads\/2025\/12\/GodelletaNuevoCampoFutbol02-2048x1382.jpg 2048w\" sizes=\"auto, (max-width: 1024px) 100vw, 1024px\" \/><\/figure>\n","protected":false},"excerpt":{"rendered":"<div class=\"mh-excerpt\">Un projecte pioner que naix per a reformar una de les instal\u00b7lacions de Godelleta greument afectades per la DANA. L&#8217;Ajuntament de Godelleta es troba en la fase final de les obres de reforma integral del <a class=\"mh-excerpt-more\" href=\"https:\/\/www.tucomarca.com\/wordpress\/segunda\/ca\/godelleta-tindra-un-camp-de-futbol-100-ecologic-i-reciclable\/\" title=\"Godelleta tindr\u00e0 un camp de futbol 100% ecol\u00f2gic i reciclable\">[+] <\/a><\/div>\n","protected":false},"author":12,"featured_media":288741,"comment_status":"open","ping_status":"open","sticky":false,"template":"","format":"standard","meta":{"footnotes":""},"categories":[11015,21466,11003,10977,10948,10894,10904,10912,10947,10896],"tags":[16573,11087,10914],"class_list":{"0":"post-288744","1":"post","2":"type-post","3":"status-publish","4":"format-standard","5":"has-post-thumbnail","7":"category-canal-futbol","8":"category-dana-ca","9":"category-sports","10":"category-godelleta-ca","11":"category-infraestructuras-ca","12":"category-la-comarca-ca","13":"category-sin-categorizar-ca","14":"category-la-hoya-ca","15":"category-politica","16":"category-seccion-ca","17":"tag-campo-de-futbol-municipal-ca","18":"tag-godelleta-ca","19":"tag-la-hoya-de-bunol-chiva-ca"},"_links":{"self":[{"href":"https:\/\/www.tucomarca.com\/wordpress\/segunda\/ca\/wp-json\/wp\/v2\/posts\/288744","targetHints":{"allow":["GET"]}}],"collection":[{"href":"https:\/\/www.tucomarca.com\/wordpress\/segunda\/ca\/wp-json\/wp\/v2\/posts"}],"about":[{"href":"https:\/\/www.tucomarca.com\/wordpress\/segunda\/ca\/wp-json\/wp\/v2\/types\/post"}],"author":[{"embeddable":true,"href":"https:\/\/www.tucomarca.com\/wordpress\/segunda\/ca\/wp-json\/wp\/v2\/users\/12"}],"replies":[{"embeddable":true,"href":"https:\/\/www.tucomarca.com\/wordpress\/segunda\/ca\/wp-json\/wp\/v2\/comments?post=288744"}],"version-history":[{"count":0,"href":"https:\/\/www.tucomarca.com\/wordpress\/segunda\/ca\/wp-json\/wp\/v2\/posts\/288744\/revisions"}],"wp:featuredmedia":[{"embeddable":true,"href":"https:\/\/www.tucomarca.com\/wordpress\/segunda\/ca\/wp-json\/wp\/v2\/media\/288741"}],"wp:attachment":[{"href":"https:\/\/www.tucomarca.com\/wordpress\/segunda\/ca\/wp-json\/wp\/v2\/media?parent=288744"}],"wp:term":[{"taxonomy":"category","embeddable":true,"href":"https:\/\/www.tucomarca.com\/wordpress\/segunda\/ca\/wp-json\/wp\/v2\/categories?post=288744"},{"taxonomy":"post_tag","embeddable":true,"href":"https:\/\/www.tucomarca.com\/wordpress\/segunda\/ca\/wp-json\/wp\/v2\/tags?post=288744"}],"curies":[{"name":"wp","href":"https:\/\/api.w.org\/{rel}","templated":true}]}}