{"id":288789,"date":"2025-12-23T09:50:00","date_gmt":"2025-12-23T08:50:00","guid":{"rendered":"https:\/\/www.tucomarca.com\/wordpress\/segunda\/?p=288789"},"modified":"2025-12-23T20:50:40","modified_gmt":"2025-12-23T19:50:40","slug":"lorquestra-filharmonica-de-requena-i-40-xiquets-i-xiquetes-del-conservatori-de-requena-celebren-nadal","status":"publish","type":"post","link":"https:\/\/www.tucomarca.com\/wordpress\/segunda\/ca\/lorquestra-filharmonica-de-requena-i-40-xiquets-i-xiquetes-del-conservatori-de-requena-celebren-nadal\/","title":{"rendered":"L&#8217;Orquestra Filharm\u00f2nica de Requena i 40 xiquets i xiquetes del Conservatori de Requena celebren Nadal"},"content":{"rendered":"\n<h3 class=\"wp-block-heading\">La formaci\u00f3 va actuar davant 600 persones que van gaudir un exigent programa entorn de Wagner i Tchaikovsky que va finalitzar amb la Suite Nadalenca i la Marxa Radetzky de Johann Strauss, en el Teatre Principal de Requena el dissabte 20.<\/h3>\n\n\n\n<p>L&#8217;Orquestra Filharm\u00f2nica Fundaci\u00f3 Ciutat de Requena, dirigida per Francisco Melero, va oferir un Concert de Nadal al qual van assistir 600 persones que van gaudir un exigent programa,Wagner &amp; Tchaikovsky, titanes del Romanticisme, que va finalitzar amb la Suite Nadalenca juntament amb 40 xiquets i xiquetes del Cor del Conservatori Mari\u00e0 P\u00e9rez S\u00e1nchez de Requena, i la Marxa Radetzky de Johann Strauss, en el Teatre Principal de Requena el dissabte 20 de desembre.<\/p>\n\n\n\n<p>La formaci\u00f3 va abordar en la primera part La cavalcada de les valquirias de Richard Wagner i l&#8217;Obertura de Romeo i Julieta de Piotr Ilich Tchaikovsky; en la segona, va oferir l&#8217;Obertura de Tannha\u00fcser del compositor alemany i una selecci\u00f3 del llac dels cignes del rus; i va finalitzar el concert amb la Suite Nadalenca juntament amb els xiquets i xiquetes del Cor del Conservatori Mari\u00e0 P\u00e9rez S\u00e1nchez de Requena, i la popularMarcha Radetzky de Johann Strauss.<\/p>\n\n\n\n<p>La proposta, que retia homenatge a Wagner i Tchaikovsky, va ser molt aplaudida per un p\u00fablic que en la part final va acompanyar als xiquets cantant les nadales i va secundar la popular obra de Strauss. El concert, organitzat per l&#8217;Orquestra Filharm\u00f2nica Fundaci\u00f3 Ciutat de Requena amb el patrocini de la Fundaci\u00f3 Ciutat de Requena i el Celler Arrels Ib\u00e8riques, va ser &#8220;tot un \u00e8xit&#8221; per als responsables que van mostrar la seua satisfacci\u00f3 per un calor\u00f3s acolliment que ajudar\u00e0 a potenciar la col\u00b7laboraci\u00f3 amb el Conservatori Mari\u00e0 P\u00e9rez S\u00e1nchez de Requena.<\/p>\n\n\n\n<p>El Concert de Nadal tamb\u00e9 compta amb la col\u00b7laboraci\u00f3 de la regidoria de Cultura de l&#8217;Ajuntament de Requena, Generalitat Valenciana, Institut Valenci\u00e0 de Cultura, Diputaci\u00f3 de Val\u00e8ncia, Finca Calder\u00f3n Enoresort del Celler Arrels Ib\u00e8riques, Nexe Wines, Telfy TV, Font Primavera, Interior Val\u00e8ncia (IV) Revista Local, Onda Requena, R\u00e0dio Requena, R\u00e0dio Utiel i Monogr\u00e0fic comunicaci\u00f3.<\/p>\n\n\n\n<p><strong>Orquestra Filharm\u00f2nica de Requena<\/strong><\/p>\n\n\n\n<p>L&#8217;Orquestra Filharm\u00f2nica Fundaci\u00f3 Ciutat de Requena, fundada en 2006, va debutar en el Temple de Santa Mar\u00eda de Requena interpretant la Simfonia n\u00famero 5 de Ludwig van Beethoven el 5 d&#8217;abril de 2007; ha oferit m\u00e9s de 100 concerts interpretant obres del gran repertori cl\u00e0ssic i contemporani de compositors espanyols i estrangers. Francisco Melero est\u00e0 des dels seus inicis al capdavant d&#8217;una formaci\u00f3 que actua amb 96 m\u00fasics i desenvolupa la seua activitat com a associaci\u00f3 sense \u00e0nim de lucre amb quasi 300 socis.<\/p>\n\n\n\n<p>L&#8217;orquestra i el seu director, que van ser proposats per Federico Mayor Saragossa, director general de la Unesco entre 1987 i 1999, per al nomenament de M\u00fasics per la Pau, tamb\u00e9 han col\u00b7laborat amb diversos grups corals. Entre els concerts realitzats, cal destacar els realitzats en el Palau de la M\u00fasica de Val\u00e8ncia, els Festivals de la verema i el vi, els realitzats durant la Setmana de M\u00fasica Sacra de Requena o aquells amb un inter\u00e9s social com els Concerts extraordinaris per la pau o els concerts solidaris a benefici de persones majors, de la Creu Roja, de familiars de malalts d&#8217;alzheimer i de la dana. Des de la seua fundaci\u00f3 t\u00e9 l&#8217;objectiu d&#8217;ampliar la formaci\u00f3 de joves m\u00fasics i estudiants de conservatoris en un entorn que ha atret a desenes d&#8217;int\u00e8rprets pel seu ambient acad\u00e8mic.<\/p>\n\n\n\n<figure class=\"wp-block-gallery has-nested-images columns-1 is-cropped wp-block-gallery-1 is-layout-flex wp-block-gallery-is-layout-flex\">\n<figure class=\"wp-block-image size-large\"><img loading=\"lazy\" decoding=\"async\" width=\"1024\" height=\"515\" data-id=\"288786\" src=\"https:\/\/www.tucomarca.com\/wordpress\/segunda\/wp-content\/uploads\/2025\/12\/OrquestaFilarmonica-Requena2-1024x515.jpg\" alt=\"\" class=\"wp-image-288786\" srcset=\"https:\/\/www.tucomarca.com\/wordpress\/segunda\/wp-content\/uploads\/2025\/12\/OrquestaFilarmonica-Requena2-1024x515.jpg 1024w, https:\/\/www.tucomarca.com\/wordpress\/segunda\/wp-content\/uploads\/2025\/12\/OrquestaFilarmonica-Requena2-300x151.jpg 300w, https:\/\/www.tucomarca.com\/wordpress\/segunda\/wp-content\/uploads\/2025\/12\/OrquestaFilarmonica-Requena2-768x386.jpg 768w, https:\/\/www.tucomarca.com\/wordpress\/segunda\/wp-content\/uploads\/2025\/12\/OrquestaFilarmonica-Requena2-1536x773.jpg 1536w, https:\/\/www.tucomarca.com\/wordpress\/segunda\/wp-content\/uploads\/2025\/12\/OrquestaFilarmonica-Requena2-2048x1030.jpg 2048w\" sizes=\"auto, (max-width: 1024px) 100vw, 1024px\" \/><\/figure>\n\n\n\n<figure class=\"wp-block-image size-large\"><img loading=\"lazy\" decoding=\"async\" width=\"1024\" height=\"462\" data-id=\"288782\" src=\"https:\/\/www.tucomarca.com\/wordpress\/segunda\/wp-content\/uploads\/2025\/12\/OrquestaFilarmonica-Requena3-1024x462.jpg\" alt=\"\" class=\"wp-image-288782\" srcset=\"https:\/\/www.tucomarca.com\/wordpress\/segunda\/wp-content\/uploads\/2025\/12\/OrquestaFilarmonica-Requena3-1024x462.jpg 1024w, https:\/\/www.tucomarca.com\/wordpress\/segunda\/wp-content\/uploads\/2025\/12\/OrquestaFilarmonica-Requena3-300x135.jpg 300w, https:\/\/www.tucomarca.com\/wordpress\/segunda\/wp-content\/uploads\/2025\/12\/OrquestaFilarmonica-Requena3-768x346.jpg 768w, https:\/\/www.tucomarca.com\/wordpress\/segunda\/wp-content\/uploads\/2025\/12\/OrquestaFilarmonica-Requena3-1536x692.jpg 1536w, https:\/\/www.tucomarca.com\/wordpress\/segunda\/wp-content\/uploads\/2025\/12\/OrquestaFilarmonica-Requena3-2048x923.jpg 2048w\" sizes=\"auto, (max-width: 1024px) 100vw, 1024px\" \/><\/figure>\n\n\n\n<figure class=\"wp-block-image size-large\"><img loading=\"lazy\" decoding=\"async\" width=\"1024\" height=\"533\" data-id=\"288784\" src=\"https:\/\/www.tucomarca.com\/wordpress\/segunda\/wp-content\/uploads\/2025\/12\/OrquestaFilarmonica-Requena4-1024x533.jpg\" alt=\"\" class=\"wp-image-288784\" srcset=\"https:\/\/www.tucomarca.com\/wordpress\/segunda\/wp-content\/uploads\/2025\/12\/OrquestaFilarmonica-Requena4-1024x533.jpg 1024w, https:\/\/www.tucomarca.com\/wordpress\/segunda\/wp-content\/uploads\/2025\/12\/OrquestaFilarmonica-Requena4-300x156.jpg 300w, https:\/\/www.tucomarca.com\/wordpress\/segunda\/wp-content\/uploads\/2025\/12\/OrquestaFilarmonica-Requena4-768x400.jpg 768w, https:\/\/www.tucomarca.com\/wordpress\/segunda\/wp-content\/uploads\/2025\/12\/OrquestaFilarmonica-Requena4-1536x799.jpg 1536w, https:\/\/www.tucomarca.com\/wordpress\/segunda\/wp-content\/uploads\/2025\/12\/OrquestaFilarmonica-Requena4-2048x1065.jpg 2048w\" sizes=\"auto, (max-width: 1024px) 100vw, 1024px\" \/><\/figure>\n<\/figure>\n","protected":false},"excerpt":{"rendered":"<div class=\"mh-excerpt\">La formaci\u00f3 va actuar davant 600 persones que van gaudir un exigent programa entorn de Wagner i Tchaikovsky que va finalitzar amb la Suite Nadalenca i la Marxa Radetzky de Johann Strauss, en el Teatre <a class=\"mh-excerpt-more\" href=\"https:\/\/www.tucomarca.com\/wordpress\/segunda\/ca\/lorquestra-filharmonica-de-requena-i-40-xiquets-i-xiquetes-del-conservatori-de-requena-celebren-nadal\/\" title=\"L&#8217;Orquestra Filharm\u00f2nica de Requena i 40 xiquets i xiquetes del Conservatori de Requena celebren Nadal\">[+] <\/a><\/div>\n","protected":false},"author":12,"featured_media":288781,"comment_status":"open","ping_status":"open","sticky":false,"template":"","format":"gallery","meta":{"footnotes":""},"categories":[11005,10894,11004,11007,11008,10908,10909,10896],"tags":[21381,10910],"class_list":{"0":"post-288789","1":"post","2":"type-post","3":"status-publish","4":"format-gallery","5":"has-post-thumbnail","7":"category-canal-musica","8":"category-la-comarca-ca","9":"category-la-semana-en-imagenes-ca","10":"category-ocio-y-cultura-ca","11":"category-pueblos-en-fiestas-ca","12":"category-requena-ca","13":"category-requena-utiel-ca","14":"category-seccion-ca","15":"tag-orquesta-filarmonica-de-requena-ca","16":"tag-requena-utiel-ca","17":"post_format-post-format-gallery"},"_links":{"self":[{"href":"https:\/\/www.tucomarca.com\/wordpress\/segunda\/ca\/wp-json\/wp\/v2\/posts\/288789","targetHints":{"allow":["GET"]}}],"collection":[{"href":"https:\/\/www.tucomarca.com\/wordpress\/segunda\/ca\/wp-json\/wp\/v2\/posts"}],"about":[{"href":"https:\/\/www.tucomarca.com\/wordpress\/segunda\/ca\/wp-json\/wp\/v2\/types\/post"}],"author":[{"embeddable":true,"href":"https:\/\/www.tucomarca.com\/wordpress\/segunda\/ca\/wp-json\/wp\/v2\/users\/12"}],"replies":[{"embeddable":true,"href":"https:\/\/www.tucomarca.com\/wordpress\/segunda\/ca\/wp-json\/wp\/v2\/comments?post=288789"}],"version-history":[{"count":0,"href":"https:\/\/www.tucomarca.com\/wordpress\/segunda\/ca\/wp-json\/wp\/v2\/posts\/288789\/revisions"}],"wp:featuredmedia":[{"embeddable":true,"href":"https:\/\/www.tucomarca.com\/wordpress\/segunda\/ca\/wp-json\/wp\/v2\/media\/288781"}],"wp:attachment":[{"href":"https:\/\/www.tucomarca.com\/wordpress\/segunda\/ca\/wp-json\/wp\/v2\/media?parent=288789"}],"wp:term":[{"taxonomy":"category","embeddable":true,"href":"https:\/\/www.tucomarca.com\/wordpress\/segunda\/ca\/wp-json\/wp\/v2\/categories?post=288789"},{"taxonomy":"post_tag","embeddable":true,"href":"https:\/\/www.tucomarca.com\/wordpress\/segunda\/ca\/wp-json\/wp\/v2\/tags?post=288789"}],"curies":[{"name":"wp","href":"https:\/\/api.w.org\/{rel}","templated":true}]}}