{"id":288880,"date":"2025-12-28T12:00:00","date_gmt":"2025-12-28T11:00:00","guid":{"rendered":"https:\/\/www.tucomarca.com\/wordpress\/segunda\/?p=288880"},"modified":"2025-12-28T12:49:47","modified_gmt":"2025-12-28T11:49:47","slug":"emergencies-amplia-a-tota-la-provincia-de-valencia-lavis-taronja-per-pluges-molt-fortes-i-tempestes-amb-granissol","status":"publish","type":"post","link":"https:\/\/www.tucomarca.com\/wordpress\/segunda\/ca\/emergencies-amplia-a-tota-la-provincia-de-valencia-lavis-taronja-per-pluges-molt-fortes-i-tempestes-amb-granissol\/","title":{"rendered":"Emerg\u00e8ncies amplia a tota la prov\u00edncia de Val\u00e8ncia l&#8217;av\u00eds taronja per pluges molt fortes i tempestes amb gran\u00edssol"},"content":{"rendered":"\n<p>El Centre de Coordinaci\u00f3 d&#8217;Emerg\u00e8ncies ha actualitzat les seues alertes per fen\u00f2mens meteorol\u00f2gics aquest diumenge al mat\u00ed i ha establit per a hui l&#8217;alerta per pluges de nivell taronja en tota la prov\u00edncia de Val\u00e8ncia; aix\u00ed com alerta per tempestes nivell groc en tota la prov\u00edncia de Val\u00e8ncia<\/p>\n\n\n\n<p>A m\u00e9s s&#8217;ha establit l&#8217;alerta per pluges nivell groc en el litoral nord i interior sud de Castell\u00f3 i litoral sud d&#8217;Alacant.<\/p>\n\n\n\n<p>El Centre de Coordinaci\u00f3 d&#8217;Emerg\u00e8ncies tamb\u00e9 ha em\u00e9s un av\u00eds especial d&#8217;alerta hidrol\u00f2gica per augment del cabal en el riu Segura. Els municipis han de mantindre l&#8217;observan\u00e7a de l&#8217;evoluci\u00f3 i adoptar les mesures pertinents per a evitar l&#8217;acc\u00e9s a les riberes. Es mant\u00e9 seguiment del cabal per a informar de qualsevol risc que es puga produir.<\/p>\n","protected":false},"excerpt":{"rendered":"<div class=\"mh-excerpt\">El Centre de Coordinaci\u00f3 d&#8217;Emerg\u00e8ncies ha actualitzat les seues alertes per fen\u00f2mens meteorol\u00f2gics aquest diumenge al mat\u00ed i ha establit per a hui l&#8217;alerta per pluges de nivell taronja en tota la prov\u00edncia de Val\u00e8ncia; <a class=\"mh-excerpt-more\" href=\"https:\/\/www.tucomarca.com\/wordpress\/segunda\/ca\/emergencies-amplia-a-tota-la-provincia-de-valencia-lavis-taronja-per-pluges-molt-fortes-i-tempestes-amb-granissol\/\" title=\"Emerg\u00e8ncies amplia a tota la prov\u00edncia de Val\u00e8ncia l&#8217;av\u00eds taronja per pluges molt fortes i tempestes amb gran\u00edssol\">[+] <\/a><\/div>\n","protected":false},"author":1,"featured_media":288878,"comment_status":"open","ping_status":"open","sticky":false,"template":"","format":"standard","meta":{"footnotes":""},"categories":[10951,10892,11046,10898,10948,10963,10894,10904,10912,10902,10903,10947,10909,10896,10897],"tags":[10899,10914,11077,10910],"class_list":{"0":"post-288880","1":"post","2":"type-post","3":"status-publish","4":"format-standard","5":"has-post-thumbnail","7":"category-ayora-cofrentes-ca","8":"category-camp-de-turia-ca","9":"category-los-serranos-ca","10":"category-ventana-ca","11":"category-infraestructuras-ca","12":"category-la-canal-de-navarres-ca","13":"category-la-comarca-ca","14":"category-sin-categorizar-ca","15":"category-la-hoya-ca","16":"category-la-ribera-ca","17":"category-medio-ambiente-la-comarca-ca","18":"category-politica","19":"category-requena-utiel-ca","20":"category-seccion-ca","21":"category-sucesos-la-comarca-ca","22":"tag-camp-de-turia-ca","23":"tag-la-hoya-de-bunol-chiva-ca","24":"tag-la-ribera-alta-ca","25":"tag-requena-utiel-ca"},"_links":{"self":[{"href":"https:\/\/www.tucomarca.com\/wordpress\/segunda\/ca\/wp-json\/wp\/v2\/posts\/288880","targetHints":{"allow":["GET"]}}],"collection":[{"href":"https:\/\/www.tucomarca.com\/wordpress\/segunda\/ca\/wp-json\/wp\/v2\/posts"}],"about":[{"href":"https:\/\/www.tucomarca.com\/wordpress\/segunda\/ca\/wp-json\/wp\/v2\/types\/post"}],"author":[{"embeddable":true,"href":"https:\/\/www.tucomarca.com\/wordpress\/segunda\/ca\/wp-json\/wp\/v2\/users\/1"}],"replies":[{"embeddable":true,"href":"https:\/\/www.tucomarca.com\/wordpress\/segunda\/ca\/wp-json\/wp\/v2\/comments?post=288880"}],"version-history":[{"count":0,"href":"https:\/\/www.tucomarca.com\/wordpress\/segunda\/ca\/wp-json\/wp\/v2\/posts\/288880\/revisions"}],"wp:featuredmedia":[{"embeddable":true,"href":"https:\/\/www.tucomarca.com\/wordpress\/segunda\/ca\/wp-json\/wp\/v2\/media\/288878"}],"wp:attachment":[{"href":"https:\/\/www.tucomarca.com\/wordpress\/segunda\/ca\/wp-json\/wp\/v2\/media?parent=288880"}],"wp:term":[{"taxonomy":"category","embeddable":true,"href":"https:\/\/www.tucomarca.com\/wordpress\/segunda\/ca\/wp-json\/wp\/v2\/categories?post=288880"},{"taxonomy":"post_tag","embeddable":true,"href":"https:\/\/www.tucomarca.com\/wordpress\/segunda\/ca\/wp-json\/wp\/v2\/tags?post=288880"}],"curies":[{"name":"wp","href":"https:\/\/api.w.org\/{rel}","templated":true}]}}