{"id":288902,"date":"2025-12-28T10:30:00","date_gmt":"2025-12-28T09:30:00","guid":{"rendered":"https:\/\/www.tucomarca.com\/wordpress\/segunda\/?p=288902"},"modified":"2025-12-28T13:42:19","modified_gmt":"2025-12-28T12:42:19","slug":"el-llevant-ud-anuncia-amb-consternacio-la-defuncio-de-la-seua-cap-de-premsa-la-bunolense-delia-bullido","status":"publish","type":"post","link":"https:\/\/www.tucomarca.com\/wordpress\/segunda\/ca\/el-llevant-ud-anuncia-amb-consternacio-la-defuncio-de-la-seua-cap-de-premsa-la-bunolense-delia-bullido\/","title":{"rendered":"El Llevant UD anuncia amb consternaci\u00f3 la defunci\u00f3 de la seua cap de premsa, la bunyolense Delia Bullido"},"content":{"rendered":"\n<h3 class=\"wp-block-heading\">La periodista, que va ser cap de premsa del club durant 25 anys, tenia 49 anys i ha sigut v\u00edctima d&#8217;un c\u00e0ncer.<\/h3>\n\n\n\n<p>El Llevant Uni\u00f3 Esportiva ha comunicat la defunci\u00f3 de Delia Bullido Garc\u00eda, &#8220;treballadora del Llevant UD durant 25 anys&#8221;; una not\u00edcia que tamb\u00e9 ha consternat als ve\u00efns de la seua localitat natal, Bunyol, ja que Delia als seus 49 anys deixa al seu marit, Jos\u00e9, i als seus fills, Oliver i Delia, de 6 i 4 anys d&#8217;edat.<\/p>\n\n\n\n<p>Tal com han informat des de l&#8217;entitat esportiva, &#8220;Delia va n\u00e0ixer el&nbsp;4 de juny de 1976&nbsp;i va morir als&nbsp;49 anys en l&#8217;IVO de Val\u00e8ncia. Des de l&#8217;1&nbsp; de juliol de 2024&nbsp;es trobava de baixa laboral a causa de la malaltia&#8221;.<\/p>\n\n\n\n<p>&#8220;El passat 19 d&#8217;octubre, amb motiu del Dia Mundial del C\u00e0ncer de Mama, Delia va tornar al Ciutat de Val\u00e8ncia per a rebre l&#8217;afecte del levantinismo en el partit enfront del Rayo Vallecano. Aquell homenatge, amb els jugadors lluint samarretes amb el missatge &#8216;Amb tu&#8217;, li va donar molta for\u00e7a en un moment especialment dif\u00edcil. Lamentablement, la malaltia va tornar a mostrar la seua part m\u00e9s dura&#8221;, tal com han finalitzat des del club granota.<\/p>\n","protected":false},"excerpt":{"rendered":"<div class=\"mh-excerpt\">La periodista, que va ser cap de premsa del club durant 25 anys, tenia 49 anys i ha sigut v\u00edctima d&#8217;un c\u00e0ncer. El Llevant Uni\u00f3 Esportiva ha comunicat la defunci\u00f3 de Delia Bullido Garc\u00eda, &#8220;treballadora <a class=\"mh-excerpt-more\" href=\"https:\/\/www.tucomarca.com\/wordpress\/segunda\/ca\/el-llevant-ud-anuncia-amb-consternacio-la-defuncio-de-la-seua-cap-de-premsa-la-bunolense-delia-bullido\/\" title=\"El Llevant UD anuncia amb consternaci\u00f3 la defunci\u00f3 de la seua cap de premsa, la bunyolense Delia Bullido\">[+] <\/a><\/div>\n","protected":false},"author":12,"featured_media":288876,"comment_status":"open","ping_status":"open","sticky":false,"template":"","format":"standard","meta":{"footnotes":""},"categories":[10911,11015,11003,10898,10894,10912,10896],"tags":[10913,23616,10914,18636],"class_list":{"0":"post-288902","1":"post","2":"type-post","3":"status-publish","4":"format-standard","5":"has-post-thumbnail","7":"category-bunol-ca","8":"category-canal-futbol","9":"category-sports","10":"category-ventana-ca","11":"category-la-comarca-ca","12":"category-la-hoya-ca","13":"category-seccion-ca","14":"tag-bunol-ca","15":"tag-delia-bullido-ca","16":"tag-la-hoya-de-bunol-chiva-ca","17":"tag-levante-ud-ca"},"_links":{"self":[{"href":"https:\/\/www.tucomarca.com\/wordpress\/segunda\/ca\/wp-json\/wp\/v2\/posts\/288902","targetHints":{"allow":["GET"]}}],"collection":[{"href":"https:\/\/www.tucomarca.com\/wordpress\/segunda\/ca\/wp-json\/wp\/v2\/posts"}],"about":[{"href":"https:\/\/www.tucomarca.com\/wordpress\/segunda\/ca\/wp-json\/wp\/v2\/types\/post"}],"author":[{"embeddable":true,"href":"https:\/\/www.tucomarca.com\/wordpress\/segunda\/ca\/wp-json\/wp\/v2\/users\/12"}],"replies":[{"embeddable":true,"href":"https:\/\/www.tucomarca.com\/wordpress\/segunda\/ca\/wp-json\/wp\/v2\/comments?post=288902"}],"version-history":[{"count":0,"href":"https:\/\/www.tucomarca.com\/wordpress\/segunda\/ca\/wp-json\/wp\/v2\/posts\/288902\/revisions"}],"wp:featuredmedia":[{"embeddable":true,"href":"https:\/\/www.tucomarca.com\/wordpress\/segunda\/ca\/wp-json\/wp\/v2\/media\/288876"}],"wp:attachment":[{"href":"https:\/\/www.tucomarca.com\/wordpress\/segunda\/ca\/wp-json\/wp\/v2\/media?parent=288902"}],"wp:term":[{"taxonomy":"category","embeddable":true,"href":"https:\/\/www.tucomarca.com\/wordpress\/segunda\/ca\/wp-json\/wp\/v2\/categories?post=288902"},{"taxonomy":"post_tag","embeddable":true,"href":"https:\/\/www.tucomarca.com\/wordpress\/segunda\/ca\/wp-json\/wp\/v2\/tags?post=288902"}],"curies":[{"name":"wp","href":"https:\/\/api.w.org\/{rel}","templated":true}]}}