{"id":288931,"date":"2025-12-28T16:00:00","date_gmt":"2025-12-28T15:00:00","guid":{"rendered":"https:\/\/www.tucomarca.com\/wordpress\/segunda\/?p=288931"},"modified":"2025-12-28T16:24:22","modified_gmt":"2025-12-28T15:24:22","slug":"aemet-eleva-a-nivell-roig-lalerta-meteorologica-en-part-de-la-provincia-de-valencia-per-risc-extrem-de-pluges-i-fenomens-associats","status":"publish","type":"post","link":"https:\/\/www.tucomarca.com\/wordpress\/segunda\/ca\/aemet-eleva-a-nivell-roig-lalerta-meteorologica-en-part-de-la-provincia-de-valencia-per-risc-extrem-de-pluges-i-fenomens-associats\/","title":{"rendered":"Aemet eleva a nivell roig l&#8217;alerta meteorol\u00f2gica en part de la prov\u00edncia de Val\u00e8ncia per risc extrem de pluges i fen\u00f2mens associats"},"content":{"rendered":"\n<p>L&#8217;Ag\u00e8ncia\u00a0 Estatal de Meteorologia (Aemet)\u00a0ha elevat a\u00a0nivell roig\u00a0l&#8217;alerta meteorol\u00f2gica a l&#8217;interior i litoral de la\u00a0prov\u00edncia de Val\u00e8ncia davant la previsi\u00f3 de\u00a0pluges molt intenses i persistents, que poden provocar\u00a0inundacions, crescudes sobtades de barrancs i greus afeccions a la mobilitat. L&#8217;av\u00eds posa el focus especialment en l&#8217;interior\u00a0 de la prov\u00edncia, on s&#8217;espera una major incid\u00e8ncia de l&#8217;episodi.<\/p>\n\n\n\n<p>Les zones m\u00e9s afectades per aquest av\u00eds de&nbsp;risc extrem&nbsp;s\u00f3n les comarques de&nbsp;La Foia de Bunyol-Xiva, Requena-Utiel i La Ribera Alta, on es preveuen acumulacions de precipitaci\u00f3 molt elevades en curts per\u00edodes de temps, aix\u00ed com tempestes localment fortes acompanyades de ratxes intenses de vent.<\/p>\n\n\n\n<p>Davant la gravetat de la situaci\u00f3, les autoritats han activat els&nbsp;protocols d&#8217;emerg\u00e8ncia&nbsp;i han procedit a l&#8217;enviament&nbsp; d&#8217;un missatge d&#8217;alerta als tel\u00e8fons m\u00f2bils&nbsp;de la poblaci\u00f3 situada en les \u00e0rees afectades, amb l&#8217;objectiu d&#8217;informar de manera immediata sobre el perill existent i les mesures d&#8217;autoprotecci\u00f3 recomanades.<\/p>\n\n\n\n<p>El&nbsp;nivell roig&nbsp;representa el grau m\u00e0xim d&#8217;alerta meteorol\u00f2gica i implica un&nbsp;perill real per a la seguretat de les persones i els b\u00e9ns, per la qual cosa s&#8217;insisteix en la necessitat d&#8217;extremar&nbsp; la precauci\u00f3, evitar despla\u00e7aments innecessaris i no aproximar-se a barrancs, llits, rambles o zones inundables.<\/p>\n\n\n\n<p>Des de&nbsp;Protecci\u00f3 Civil&nbsp;es recomana seguir en tot moment les indicacions dels serveis d&#8217;emerg\u00e8ncia, mantindre&#8217;s informat a trav\u00e9s dels canals oficials i prestar especial atenci\u00f3 a l&#8217;evoluci\u00f3 de l&#8217;episodi durant les pr\u00f2ximes hores, ja que la situaci\u00f3 podria canviar r\u00e0pidament en funci\u00f3 de la intensitat de les precipitacions.<\/p>\n\n\n\n<p><strong>\u00a0Les zones fins ara m\u00e9s afectades<\/strong><\/p>\n\n\n\n<p>A l&#8217;hora de l&#8217;edici\u00f3 d&#8217;aquesta informaci\u00f3, les zones m\u00e9s afectades pel temporal est\u00e0 a l&#8217;interior de la prov\u00edncia de Val\u00e8ncia aix\u00ed com localitats m\u00e9s pr\u00f2ximes a costa com&nbsp;Almussafes, Algemes\u00ed, Sueca o Carcaixent, que estan en el focus dels episodis de pluja m\u00e9s intensos, amb el risc d&#8217;acumulats elevats en per\u00edodes curts.<\/p>\n\n\n\n<p>Litoral i prelitoral: malgrat que l&#8217;av\u00eds roig se centra en alguns sectors costaners, l&#8217;alerta tamb\u00e9 aconsegueix a localitats de l&#8217;interior i \u00e0rees pr\u00f2ximes al riu, on poden produir-se&nbsp;crescudes sobtades en barrancs i llits menors.&nbsp;<\/p>\n\n\n\n<p><strong>Mesures preventives i recomanacions<br><\/strong>Protecci\u00f3 Civil i els serveis d&#8217;emerg\u00e8ncia han recordat a la ciutadania la import\u00e0ncia de:<\/p>\n\n\n\n<p>Evitar transitar per zones inundables i guals.<\/p>\n\n\n\n<p>No travessar carreteres tallades per aigua acumulada.<\/p>\n\n\n\n<p>Buscar punts alts si s&#8217;est\u00e0 en zones amb el risc de riuades.<\/p>\n\n\n\n<p>Atendre els missatges oficials mitjan\u00e7ant alertes m\u00f2bils i mitjans de comunicaci\u00f3.<\/p>\n\n\n\n<p>Encara que el temporal podria remetre en les pr\u00f2ximes hores, s&#8217;espera que l&#8217;episodi deixe&nbsp;quantitats significatives de pluja&nbsp;en un curt espai de temps, amb risc per a infraestructures, transport i activitats quotidianes si no s&#8217;adopten les cauteles necess\u00e0ries.<\/p>\n\n\n\n<p><\/p>\n\n\n\n<figure class=\"wp-block-image size-full\"><img loading=\"lazy\" decoding=\"async\" width=\"714\" height=\"1032\" src=\"http:\/\/www.tucomarca.com\/wordpress\/segunda\/wp-content\/uploads\/2025\/12\/PlanEmergenciaV.jpeg\" alt=\"\" class=\"wp-image-288927\" srcset=\"https:\/\/www.tucomarca.com\/wordpress\/segunda\/wp-content\/uploads\/2025\/12\/PlanEmergenciaV.jpeg 714w, https:\/\/www.tucomarca.com\/wordpress\/segunda\/wp-content\/uploads\/2025\/12\/PlanEmergenciaV-208x300.jpeg 208w, https:\/\/www.tucomarca.com\/wordpress\/segunda\/wp-content\/uploads\/2025\/12\/PlanEmergenciaV-708x1024.jpeg 708w\" sizes=\"auto, (max-width: 714px) 100vw, 714px\" \/><\/figure>\n","protected":false},"excerpt":{"rendered":"<div class=\"mh-excerpt\">L&#8217;Ag\u00e8ncia\u00a0 Estatal de Meteorologia (Aemet)\u00a0ha elevat a\u00a0nivell roig\u00a0l&#8217;alerta meteorol\u00f2gica a l&#8217;interior i litoral de la\u00a0prov\u00edncia de Val\u00e8ncia davant la previsi\u00f3 de\u00a0pluges molt intenses i persistents, que poden provocar\u00a0inundacions, crescudes sobtades de barrancs i greus afeccions <a class=\"mh-excerpt-more\" href=\"https:\/\/www.tucomarca.com\/wordpress\/segunda\/ca\/aemet-eleva-a-nivell-roig-lalerta-meteorologica-en-part-de-la-provincia-de-valencia-per-risc-extrem-de-pluges-i-fenomens-associats\/\" title=\"Aemet eleva a nivell roig l&#8217;alerta meteorol\u00f2gica en part de la prov\u00edncia de Val\u00e8ncia per risc extrem de pluges i fen\u00f2mens associats\">[+] <\/a><\/div>\n","protected":false},"author":1,"featured_media":288925,"comment_status":"open","ping_status":"open","sticky":false,"template":"","format":"standard","meta":{"footnotes":""},"categories":[10898,10948,10894,10904,10912,10902,10903,10909,10896,10897],"tags":[10914,11077,10910],"class_list":{"0":"post-288931","1":"post","2":"type-post","3":"status-publish","4":"format-standard","5":"has-post-thumbnail","7":"category-ventana-ca","8":"category-infraestructuras-ca","9":"category-la-comarca-ca","10":"category-sin-categorizar-ca","11":"category-la-hoya-ca","12":"category-la-ribera-ca","13":"category-medio-ambiente-la-comarca-ca","14":"category-requena-utiel-ca","15":"category-seccion-ca","16":"category-sucesos-la-comarca-ca","17":"tag-la-hoya-de-bunol-chiva-ca","18":"tag-la-ribera-alta-ca","19":"tag-requena-utiel-ca"},"_links":{"self":[{"href":"https:\/\/www.tucomarca.com\/wordpress\/segunda\/ca\/wp-json\/wp\/v2\/posts\/288931","targetHints":{"allow":["GET"]}}],"collection":[{"href":"https:\/\/www.tucomarca.com\/wordpress\/segunda\/ca\/wp-json\/wp\/v2\/posts"}],"about":[{"href":"https:\/\/www.tucomarca.com\/wordpress\/segunda\/ca\/wp-json\/wp\/v2\/types\/post"}],"author":[{"embeddable":true,"href":"https:\/\/www.tucomarca.com\/wordpress\/segunda\/ca\/wp-json\/wp\/v2\/users\/1"}],"replies":[{"embeddable":true,"href":"https:\/\/www.tucomarca.com\/wordpress\/segunda\/ca\/wp-json\/wp\/v2\/comments?post=288931"}],"version-history":[{"count":0,"href":"https:\/\/www.tucomarca.com\/wordpress\/segunda\/ca\/wp-json\/wp\/v2\/posts\/288931\/revisions"}],"wp:featuredmedia":[{"embeddable":true,"href":"https:\/\/www.tucomarca.com\/wordpress\/segunda\/ca\/wp-json\/wp\/v2\/media\/288925"}],"wp:attachment":[{"href":"https:\/\/www.tucomarca.com\/wordpress\/segunda\/ca\/wp-json\/wp\/v2\/media?parent=288931"}],"wp:term":[{"taxonomy":"category","embeddable":true,"href":"https:\/\/www.tucomarca.com\/wordpress\/segunda\/ca\/wp-json\/wp\/v2\/categories?post=288931"},{"taxonomy":"post_tag","embeddable":true,"href":"https:\/\/www.tucomarca.com\/wordpress\/segunda\/ca\/wp-json\/wp\/v2\/tags?post=288931"}],"curies":[{"name":"wp","href":"https:\/\/api.w.org\/{rel}","templated":true}]}}