{"id":289016,"date":"2025-12-29T13:00:00","date_gmt":"2025-12-29T12:00:00","guid":{"rendered":"https:\/\/www.tucomarca.com\/wordpress\/segunda\/?p=289016"},"modified":"2025-12-29T21:11:49","modified_gmt":"2025-12-29T20:11:49","slug":"el-consell-es-desplega-en-els-municipis-afectats-pel-temporal-i-exigeix-al-govern-les-infraestructures-hidrauliques-pendents","status":"publish","type":"post","link":"https:\/\/www.tucomarca.com\/wordpress\/segunda\/ca\/el-consell-es-desplega-en-els-municipis-afectats-pel-temporal-i-exigeix-al-govern-les-infraestructures-hidrauliques-pendents\/","title":{"rendered":"El Consell es desplega en els municipis afectats pel temporal i exigeix al Govern les infraestructures hidr\u00e0uliques pendents"},"content":{"rendered":"\n<h3 class=\"wp-block-heading\">El Consell es desplega en els municipis afectats pel temporal i exigeix al Govern les infraestructures hidr\u00e0uliques pendents.<\/h3>\n\n\n\n<h3 class=\"wp-block-heading\">Els vicepresidents es desplacen a Torrent, la Pobla Llarga, Carlet, Rafelguaraf, Algemes\u00ed, Guadassuar, Benimodo, Riba-roja de T\u00faria, Xiva i Paterna per a comprovar les necessitats dels seus ciutadans.<\/h3>\n\n\n\n<h3 class=\"wp-block-heading\">La Generalitat executar\u00e0 obres transit\u00f2ries en Riba-roja fins que la Confederaci\u00f3 Hidrogr\u00e0fica del X\u00faquer definisca el projecte contra riuades al Parc Log\u00edstic de Val\u00e8ncia i el Pol\u00edgon del Oliveral.<\/h3>\n\n\n\n<p>Els vicepresidents del Consell, Susana Camarero, Jos\u00e9 D\u00edez i Vicente Mart\u00ednez Mus han recorregut diferents municipis de la prov\u00edncia de Val\u00e8ncia per a analitzar les incid\u00e8ncies del temporal de pluja, con\u00e9ixer les necessitats dels seus ciutadans i exigir al Govern d&#8217;Espanya les infraestructures hidr\u00e0uliques que minimitzen els riscos climatol\u00f2gics.<\/p>\n\n\n\n<p>Els titulars de la Generalitat s&#8217;han despla\u00e7at a les localitats de Torrent, la Pobla Llarga, Carlet, Rafelguaraf, Algemes\u00ed, Guadassuar, Benimodo, Riba-roja de T\u00faria, Xiva i Paterna, municipis que se sumen a Barxeta, l\u2019Alcudia i Carcaixent que han sigut visitats pel president, P\u00e9rez Llorca.<\/p>\n\n\n\n<p>En concret, la vicepresidenta primera i consellera d&#8217;Habitatge, Ocupaci\u00f3, Joventut i Igualtat, Susana Camarero, ha visitat els barrancs de l\u2019Horteta i el Pedr\u00eds al seu pas per Torrent, on ha reclamat a l&#8217;Executiu central les obres que estan sense desenvolupar i que necessita la zona.<\/p>\n\n\n\n<figure class=\"wp-block-gallery has-nested-images columns-default is-cropped wp-block-gallery-1 is-layout-flex wp-block-gallery-is-layout-flex\">\n<figure class=\"wp-block-image size-large\"><img loading=\"lazy\" decoding=\"async\" width=\"1024\" height=\"691\" data-id=\"289017\" src=\"https:\/\/www.tucomarca.com\/wordpress\/segunda\/wp-content\/uploads\/2025\/12\/GVAVisitasTemporal01-1024x691.jpg\" alt=\"\" class=\"wp-image-289017\" srcset=\"https:\/\/www.tucomarca.com\/wordpress\/segunda\/wp-content\/uploads\/2025\/12\/GVAVisitasTemporal01-1024x691.jpg 1024w, https:\/\/www.tucomarca.com\/wordpress\/segunda\/wp-content\/uploads\/2025\/12\/GVAVisitasTemporal01-300x202.jpg 300w, https:\/\/www.tucomarca.com\/wordpress\/segunda\/wp-content\/uploads\/2025\/12\/GVAVisitasTemporal01-768x518.jpg 768w, https:\/\/www.tucomarca.com\/wordpress\/segunda\/wp-content\/uploads\/2025\/12\/GVAVisitasTemporal01.jpg 1181w\" sizes=\"auto, (max-width: 1024px) 100vw, 1024px\" \/><\/figure>\n\n\n\n<figure class=\"wp-block-image size-large\"><img loading=\"lazy\" decoding=\"async\" width=\"1024\" height=\"691\" data-id=\"289019\" src=\"https:\/\/www.tucomarca.com\/wordpress\/segunda\/wp-content\/uploads\/2025\/12\/GVAVisitasTemporal02-1024x691.jpg\" alt=\"\" class=\"wp-image-289019\" srcset=\"https:\/\/www.tucomarca.com\/wordpress\/segunda\/wp-content\/uploads\/2025\/12\/GVAVisitasTemporal02-1024x691.jpg 1024w, https:\/\/www.tucomarca.com\/wordpress\/segunda\/wp-content\/uploads\/2025\/12\/GVAVisitasTemporal02-300x202.jpg 300w, https:\/\/www.tucomarca.com\/wordpress\/segunda\/wp-content\/uploads\/2025\/12\/GVAVisitasTemporal02-768x518.jpg 768w, https:\/\/www.tucomarca.com\/wordpress\/segunda\/wp-content\/uploads\/2025\/12\/GVAVisitasTemporal02.jpg 1181w\" sizes=\"auto, (max-width: 1024px) 100vw, 1024px\" \/><\/figure>\n<\/figure>\n\n\n\n<p>La vicepresidenta tamb\u00e9 ha recorregut Rafelguaraf i la Pobla Llarga, localitat est\u00e0 \u00faltima on van haver de ser desallotjats dels seus habitatges com a mesura preventiva 38 ve\u00efns per la pluja i ha avan\u00e7at que \u201cels t\u00e8cnics de l&#8217;Institut Valenci\u00e0 d&#8217;Edificaci\u00f3 analitzaran l&#8217;estructura d&#8217;aquests immobles per a comprovar els danys\u201d.<\/p>\n\n\n\n<p>Per part seua, el vicepresident segon i conseller de Presid\u00e8ncia, Jos\u00e9 D\u00edez, ha visitat Carlet, Algemes\u00ed, Guadassuar i Benimodo per a reunir-se amb els alcaldes d&#8217;aquests municipis i con\u00e9ixer el grau d&#8217;afectaci\u00f3 del temporal i les necessitats d&#8217;aquestes localitats.<\/p>\n\n\n\n<p>Jos\u00e9 D\u00edez ha subratllat que \u00e9s \u201cimportant estar sobre el terreny i en contacte amb els ve\u00efns per a poder tindre una dimensi\u00f3 real del que passa\u201d. En aquest sentit, ha agregat que \u201cel ve\u00ed tamb\u00e9 ha de tindre eixa sensaci\u00f3 de suport i suport de les administracions i de les institucions\u201d.<\/p>\n\n\n\n<p><strong>Obres transit\u00f2ries en les \u00e0rees industrials de Riba-roja<\/strong><\/p>\n\n\n\n<p>Finalment, el vicepresident tercer i conseller de Medi Ambient, Infraestructures, Territori i de la Recuperaci\u00f3, Vicente Mart\u00ednez Mus, ha anunciat que la Generalitat executar\u00e0 obres transit\u00f2ries fins que la Confederaci\u00f3 Hidrogr\u00e0fica del X\u00faquer (CHJ) definisca el projecte contra riuades al Parc Log\u00edstic de Val\u00e8ncia i el Pol\u00edgon del Oliveral.<\/p>\n\n\n\n<p>Mart\u00ednez Mus, que s&#8217;ha despla\u00e7at al Parc Log\u00edstic i Pol\u00edgon industrial del Oliveral a Riba-roja de T\u00faria, ha assenyalat que \u201cen el marc del projecte de parcs inundables estem revisant les actuacions en la zona per a escometre d&#8217;urg\u00e8ncia un canvi de les basses de laminaci\u00f3 aig\u00fces avall que eviten noves inundacions\u201d. Una infraestructura que ha considerat necess\u00e0ria per a evitar posar en risc als treballadors i a les empreses d&#8217;aquesta \u00e0rea estrat\u00e8gica de la prov\u00edncia de Val\u00e8ncia.<\/p>\n\n\n\n<p>Aix\u00ed mateix, Mart\u00ednez Mus ha afegit que \u201cel projecte de soluci\u00f3 definitiva per al drenatge del barranc del Pozalet dep\u00e9n de la Confederaci\u00f3 Hidrogr\u00e0fica del X\u00faquer (CHJ), per\u00f2 despr\u00e9s de m\u00e9s d&#8217;un any sense donar solucions la Generalitat actuar\u00e0 per la via d&#8217;urg\u00e8ncia per a resoldre els problemes que registra la zona cada vegada que es produeixen pluges torrencials\u201d.<\/p>\n\n\n\n<p>El vicepresident tercer tamb\u00e9 ha supervisat el tram de la L2 de Metrovalencia a Font del Barranc que ha vist interrompuda la circulaci\u00f3 entre Paterna i La Canyada i ha visitat les obres d&#8217;acc\u00e9s a Sierra Perenchiza a Xiva per a comprovar l&#8217;estat dels treballs en la via despr\u00e9s de les pluges.<\/p>\n","protected":false},"excerpt":{"rendered":"<div class=\"mh-excerpt\">El Consell es desplega en els municipis afectats pel temporal i exigeix al Govern les infraestructures hidr\u00e0uliques pendents. Els vicepresidents es desplacen a Torrent, la Pobla Llarga, Carlet, Rafelguaraf, Algemes\u00ed, Guadassuar, Benimodo, Riba-roja de T\u00faria, <a class=\"mh-excerpt-more\" href=\"https:\/\/www.tucomarca.com\/wordpress\/segunda\/ca\/el-consell-es-desplega-en-els-municipis-afectats-pel-temporal-i-exigeix-al-govern-les-infraestructures-hidrauliques-pendents\/\" title=\"El Consell es desplega en els municipis afectats pel temporal i exigeix al Govern les infraestructures hidr\u00e0uliques pendents\">[+] <\/a><\/div>\n","protected":false},"author":12,"featured_media":289022,"comment_status":"open","ping_status":"open","sticky":false,"template":"","format":"standard","meta":{"footnotes":""},"categories":[10983,10988,10892,21466,10898,10994,10948,10894,10904,10912,10942,10902,10903,10947,11002,10906,10896,10897,10975],"tags":[10899,10914,11077],"class_list":{"0":"post-289016","1":"post","2":"type-post","3":"status-publish","4":"format-standard","5":"has-post-thumbnail","7":"category-algemesi-ca","8":"category-benimodo-ca","9":"category-camp-de-turia-ca","10":"category-dana-ca","11":"category-ventana-ca","12":"category-guadassuar-ca","13":"category-infraestructuras-ca","14":"category-la-comarca-ca","15":"category-sin-categorizar-ca","16":"category-la-hoya-ca","17":"category-la-pobla-llarga-ca","18":"category-la-ribera-ca","19":"category-medio-ambiente-la-comarca-ca","20":"category-politica","21":"category-rafelguaraf-ca","22":"category-riba-roja-ca","23":"category-seccion-ca","24":"category-sucesos-la-comarca-ca","25":"category-chiva-ca","26":"tag-camp-de-turia-ca","27":"tag-la-hoya-de-bunol-chiva-ca","28":"tag-la-ribera-alta-ca"},"_links":{"self":[{"href":"https:\/\/www.tucomarca.com\/wordpress\/segunda\/ca\/wp-json\/wp\/v2\/posts\/289016","targetHints":{"allow":["GET"]}}],"collection":[{"href":"https:\/\/www.tucomarca.com\/wordpress\/segunda\/ca\/wp-json\/wp\/v2\/posts"}],"about":[{"href":"https:\/\/www.tucomarca.com\/wordpress\/segunda\/ca\/wp-json\/wp\/v2\/types\/post"}],"author":[{"embeddable":true,"href":"https:\/\/www.tucomarca.com\/wordpress\/segunda\/ca\/wp-json\/wp\/v2\/users\/12"}],"replies":[{"embeddable":true,"href":"https:\/\/www.tucomarca.com\/wordpress\/segunda\/ca\/wp-json\/wp\/v2\/comments?post=289016"}],"version-history":[{"count":0,"href":"https:\/\/www.tucomarca.com\/wordpress\/segunda\/ca\/wp-json\/wp\/v2\/posts\/289016\/revisions"}],"wp:featuredmedia":[{"embeddable":true,"href":"https:\/\/www.tucomarca.com\/wordpress\/segunda\/ca\/wp-json\/wp\/v2\/media\/289022"}],"wp:attachment":[{"href":"https:\/\/www.tucomarca.com\/wordpress\/segunda\/ca\/wp-json\/wp\/v2\/media?parent=289016"}],"wp:term":[{"taxonomy":"category","embeddable":true,"href":"https:\/\/www.tucomarca.com\/wordpress\/segunda\/ca\/wp-json\/wp\/v2\/categories?post=289016"},{"taxonomy":"post_tag","embeddable":true,"href":"https:\/\/www.tucomarca.com\/wordpress\/segunda\/ca\/wp-json\/wp\/v2\/tags?post=289016"}],"curies":[{"name":"wp","href":"https:\/\/api.w.org\/{rel}","templated":true}]}}