{"id":289131,"date":"2025-12-30T12:58:00","date_gmt":"2025-12-30T11:58:00","guid":{"rendered":"https:\/\/www.tucomarca.com\/wordpress\/segunda\/?p=289131"},"modified":"2025-12-31T10:45:00","modified_gmt":"2025-12-31T09:45:00","slug":"el-ple-de-la-mancomunitat-foia-de-bunyol-xiva-acorda-sollicitar-els-fons-feder-amb-un-pressupost-dal-voltant-de-6-milions-deuros-per-a-la-comarca","status":"publish","type":"post","link":"https:\/\/www.tucomarca.com\/wordpress\/segunda\/ca\/el-ple-de-la-mancomunitat-foia-de-bunyol-xiva-acorda-sollicitar-els-fons-feder-amb-un-pressupost-dal-voltant-de-6-milions-deuros-per-a-la-comarca\/","title":{"rendered":"El ple de la Mancomunitat Foia de Bunyol-Xiva acorda sol\u00b7licitar els Fons FEDER amb un pressupost d&#8217;al voltant de 6 milions d&#8217;euros per a la comarca"},"content":{"rendered":"\n<p>En aquest acte tamb\u00e9 es va aprovar l&#8217;adjudicaci\u00f3 de la instal\u00b7laci\u00f3 d&#8217;estacions de rec\u00e0rrega per a vehicles el\u00e8ctrics en el marc de pla de recuperaci\u00f3, transformaci\u00f3 i resid\u00e8ncia de la Generalitat Valenciana.<\/p>\n\n\n\n<p>En aquest ple, els alcaldes, alcaldesses i representants dels ajuntaments d&#8217;Alboraig, Godelleta, Macastre, Millars, Xiva, Dosaig\u00fces, Bunyol i Xest van estudiar el projecte mancomunat que es presentar\u00e0 al Ministeri d&#8217;Hisenda.<\/p>\n\n\n\n<p>Aquesta l\u00ednia espec\u00ed\ufb01ca d&#8217;ajudes busca canalitzar recursos per a impulsar projectes de recuperaci\u00f3, reconstrucci\u00f3 i rellan\u00e7ament urb\u00e0 sostenible.<\/p>\n\n\n\n<p>El municipi de Loriguilla ha sol\u00b7licitat unir-se a en aquest Pla d&#8217;Actuaci\u00f3 Integrat de la mancomunitat.<\/p>\n\n\n\n<p>L&#8217;objectiu d&#8217;aquest pla \u00e9s l&#8217;assignar als municipis afectats per la DANA finan\u00e7ament de fins a 6M\u20ac per a infraestructures de digitalitzaci\u00f3, efici\u00e8ncia energ\u00e8tica i renovables, medi ambient i adaptaci\u00f3 al canvi clim\u00e0tic i infraestructures en general.<\/p>\n\n\n\n<p>L&#8217;ag\u00e8ncia de desenvolupament comarcal en col\u00b7laboraci\u00f3 amb la Diputaci\u00f3 sol\u00b7licitar\u00e0 i gestionar\u00e0 entre algunes de les seg\u00fcents actuacions: la renovaci\u00f3 dels sistemes municipals de comunicacions d&#8217;emerg\u00e8ncies, instal\u00b7laci\u00f3 d&#8217;enllumenat solar hibride i l&#8217;adquisici\u00f3 de vehicles per a serveis de policia local, protecci\u00f3 civil o bombers amb equipament per a fer front a emerg\u00e8ncies.<\/p>\n\n\n\n<p>Aquesta l\u00ednia espec\u00edfica d&#8217;ajudes busca canalitzar recursos per a impulsar projectes de recuperaci\u00f3, reconstrucci\u00f3 i rellan\u00e7ament urb\u00e0 sostenible. La finalitat \u00e9s no sols atendre els efectes de la cat\u00e0strofe, sin\u00f3 tamb\u00e9 fomentar la resili\u00e8ncia davant futurs esdeveniments extrems<\/p>\n\n\n\n<p>En el ple, els alcaldes dels ajuntaments que van assistir van manifestar el seu suport a la mancomunitat com a entitat supramunicipal que participar\u00e0 en aquest programa pluriregional d&#8217;Espanya. Al seu torn, el president de la Mancomunitat Juan Antonio Diaz, va manifestar el seu agra\u00efment als assistents i assenyala que amb seguretat aquesta entitat ser\u00e0 competent i comptar\u00e0 amb la corresponent habilitaci\u00f3 per a executar aquest repte.<\/p>\n\n\n\n<p>Aquesta convocat\u00f2ria cerca complementar les ajudes existents, garantir que cap municipi es queda arrere i permetre&#8217;ls anar un pas m\u00e9s enll\u00e0 de la reparaci\u00f3 per a redissenyar els seus municipis.<\/p>\n","protected":false},"excerpt":{"rendered":"<div class=\"mh-excerpt\">En aquest acte tamb\u00e9 es va aprovar l&#8217;adjudicaci\u00f3 de la instal\u00b7laci\u00f3 d&#8217;estacions de rec\u00e0rrega per a vehicles el\u00e8ctrics en el marc de pla de recuperaci\u00f3, transformaci\u00f3 i resid\u00e8ncia de la Generalitat Valenciana. En aquest ple, <a class=\"mh-excerpt-more\" href=\"https:\/\/www.tucomarca.com\/wordpress\/segunda\/ca\/el-ple-de-la-mancomunitat-foia-de-bunyol-xiva-acorda-sollicitar-els-fons-feder-amb-un-pressupost-dal-voltant-de-6-milions-deuros-per-a-la-comarca\/\" title=\"El ple de la Mancomunitat Foia de Bunyol-Xiva acorda sol\u00b7licitar els Fons FEDER amb un pressupost d&#8217;al voltant de 6 milions d&#8217;euros per a la comarca\">[+] <\/a><\/div>\n","protected":false},"author":12,"featured_media":289130,"comment_status":"open","ping_status":"open","sticky":false,"template":"","format":"standard","meta":{"footnotes":""},"categories":[10948,10894,10912,10947,10896],"tags":[10914,11514],"class_list":{"0":"post-289131","1":"post","2":"type-post","3":"status-publish","4":"format-standard","5":"has-post-thumbnail","7":"category-infraestructuras-ca","8":"category-la-comarca-ca","9":"category-la-hoya-ca","10":"category-politica","11":"category-seccion-ca","12":"tag-la-hoya-de-bunol-chiva-ca","13":"tag-mancomunidad-de-la-hoya-de-bunol-chiva-ca"},"_links":{"self":[{"href":"https:\/\/www.tucomarca.com\/wordpress\/segunda\/ca\/wp-json\/wp\/v2\/posts\/289131","targetHints":{"allow":["GET"]}}],"collection":[{"href":"https:\/\/www.tucomarca.com\/wordpress\/segunda\/ca\/wp-json\/wp\/v2\/posts"}],"about":[{"href":"https:\/\/www.tucomarca.com\/wordpress\/segunda\/ca\/wp-json\/wp\/v2\/types\/post"}],"author":[{"embeddable":true,"href":"https:\/\/www.tucomarca.com\/wordpress\/segunda\/ca\/wp-json\/wp\/v2\/users\/12"}],"replies":[{"embeddable":true,"href":"https:\/\/www.tucomarca.com\/wordpress\/segunda\/ca\/wp-json\/wp\/v2\/comments?post=289131"}],"version-history":[{"count":0,"href":"https:\/\/www.tucomarca.com\/wordpress\/segunda\/ca\/wp-json\/wp\/v2\/posts\/289131\/revisions"}],"wp:featuredmedia":[{"embeddable":true,"href":"https:\/\/www.tucomarca.com\/wordpress\/segunda\/ca\/wp-json\/wp\/v2\/media\/289130"}],"wp:attachment":[{"href":"https:\/\/www.tucomarca.com\/wordpress\/segunda\/ca\/wp-json\/wp\/v2\/media?parent=289131"}],"wp:term":[{"taxonomy":"category","embeddable":true,"href":"https:\/\/www.tucomarca.com\/wordpress\/segunda\/ca\/wp-json\/wp\/v2\/categories?post=289131"},{"taxonomy":"post_tag","embeddable":true,"href":"https:\/\/www.tucomarca.com\/wordpress\/segunda\/ca\/wp-json\/wp\/v2\/tags?post=289131"}],"curies":[{"name":"wp","href":"https:\/\/api.w.org\/{rel}","templated":true}]}}