{"id":289248,"date":"2025-12-31T15:00:00","date_gmt":"2025-12-31T14:00:00","guid":{"rendered":"https:\/\/www.tucomarca.com\/wordpress\/segunda\/?p=289248"},"modified":"2026-03-12T00:30:02","modified_gmt":"2026-03-11T23:30:02","slug":"video-missatge-de-cap-dany-del-president-de-la-generalitat-juanfran-perez-llorca-des-del-celler-redo-dutiel","status":"publish","type":"post","link":"https:\/\/www.tucomarca.com\/wordpress\/segunda\/ca\/video-missatge-de-cap-dany-del-president-de-la-generalitat-juanfran-perez-llorca-des-del-celler-redo-dutiel\/","title":{"rendered":"V\u00eddeo: Missatge de Cap d&#8217;Any del President de la Generalitat, Juanfran P\u00e9rez Llorca, des del Celler Red\u00f3 d&#8217;Utiel"},"content":{"rendered":"\n<h2 class=\"wp-block-heading\">P\u00e9rez Llorca centra les seues reivindicacions per a 2026 en un finan\u00e7ament just, la pol\u00edtica h\u00eddrica, la defensa dels sectors productius i la vivenda.<\/h2>\n\n\n\n<figure class=\"wp-block-embed is-type-video is-provider-youtube wp-block-embed-youtube wp-embed-aspect-16-9 wp-has-aspect-ratio\"><div class=\"wp-block-embed__wrapper\">\n<iframe loading=\"lazy\" title=\"V\u00eddeo: Discurso de Fin de A\u00f1o del President de la Generalitat desde la Bodega Redonda de Utiel\" width=\"500\" height=\"281\" src=\"https:\/\/www.youtube.com\/embed\/G9Icvhhx1yQ?feature=oembed\" frameborder=\"0\" allow=\"accelerometer; autoplay; clipboard-write; encrypted-media; gyroscope; picture-in-picture; web-share\" referrerpolicy=\"strict-origin-when-cross-origin\" allowfullscreen><\/iframe>\n<\/div><\/figure>\n\n\n\n<h3 class=\"wp-block-heading\">El president de la Generalitat apel\u00b7la a la unitat \u201cper a avan\u00e7ar junts\u201d en els reptes de la Comunitat Valenciana i continuar millorant la vida dels ciutadans.<\/h3>\n\n\n\n<h3 class=\"wp-block-heading\">Assenyala el comprom\u00eds de la Generalitat \u201camb fets i recursos\u201d perqu\u00e8 la recuperaci\u00f3 despr\u00e9s de la DANA \u201csiga completa\u201d, i insta totes les administracions a la col\u00b7laboraci\u00f3\u00a0\u201cdes de la lleialtat i el sentit com\u00fa\u201d.<\/h3>\n\n\n\n<h3 class=\"wp-block-heading\">Aposta per la conviv\u00e8ncia i l\u2019estabilitat institucional \u201cper a consolidar iniciatives, enfortir projectes i cultivar la confian\u00e7a dels ciutadans\u201d.<\/h3>\n\n\n\n<p>El president de la Generalitat, Juanfran P\u00e9rez Llorca, ha advocat pel di\u00e0leg i el consens per a defendre un sistema de finan\u00e7ament just, \u201cuna soluci\u00f3 t\u00e8cnica\u201d en mat\u00e8ria h\u00eddrica, la defensa dels sectors productius, a m\u00e9s de reclamar que la vivenda siga considerada com una \u201cq\u00fcesti\u00f3 d\u2019Estat\u201d.<\/p>\n\n\n\n<p>Aix\u00ed ho ha traslladat en el seu missatge de Cap d\u2019Any, pronunciat des de la seu del Consell Regulador de la DO Utiel-Requena en el municipi d\u2019Utiel, a on ha apel\u00b7lat a la unitat \u201cper a avan\u00e7ar junts\u201d en els reptes de la Comunitat Valenciana i continuar millorant la vida dels ciutadans.<\/p>\n\n\n\n<p>El cap del Consell ha ratificat el seu comprom\u00eds de \u201ctreballar pels valencians i les valencianes\u201d amb el prop\u00f2sit d\u2019\u201cescoltar totes les veus de la nostra societat i treballar pels interessos de cada una d\u2019estes\u201d.<\/p>\n\n\n\n<p>P\u00e9rez Llorca ha iniciat el seu discurs valorant el treball i esfor\u00e7 de la societat valenciana despr\u00e9s de la DANA de 2024 i la capacitat de la Comunitat Valenciana \u201cd\u2019al\u00e7ar-se, treballar unida i no rendir-se mai\u201d.<\/p>\n\n\n\n<p>El president ha recordat les v\u00edctimes de les riuades, als qui ha reiterat \u201cla seua empatia, carinyo i atenci\u00f3\u201d, al mateix temps que ha traslladat als damnificats el comprom\u00eds de la Generalitat \u201camb fets i recursos\u201d perqu\u00e8 la recuperaci\u00f3 despr\u00e9s de la DANA \u201csiga completa\u201d.<\/p>\n\n\n\n<p>En este sentit, ha instat a la col\u00b7laboraci\u00f3 de totes les administracions \u201cdes de la lleialtat i el sentit com\u00fa, perqu\u00e8 les obres en llits i barrancs siguen una realitat d\u2019una vegada per sempre\u201d.<\/p>\n\n\n\n<p><strong>Conviv\u00e8ncia i estabilitat institucional<\/strong><\/p>\n\n\n\n<p>El president ha remarcat l\u2019aposta del Consell per la conviv\u00e8ncia i l\u2019estabilitat institucional \u201cper a consolidar iniciatives, enfortir projectes i cultivar la confian\u00e7a dels ciutadans\u201d.<\/p>\n\n\n\n<p>Aix\u00ed, ha assegurat que la societat valenciana \u201csempre rebutjar\u00e0 qualsevol classe de viol\u00e8ncia vinga d\u2019on vinga\u201d i ha recordat les quatre dones assassinades per les seues parelles en 2025 en la Comunitat Valenciana, per a expressar el seu desig d\u2019\u201caconseguir erradicar esta realitat dolorosa entre tots\u201d.<\/p>\n\n\n\n<p>De la mateixa manera, ha mostrat la seua convicci\u00f3 que el nostre territori continue avan\u00e7ant per a millorar la vida de les persones i ha posat com a exemples la rebaixa fiscal per a les rendes baixes i mitjanes, l\u2019impuls a l\u2019ocupaci\u00f3 i a la inversi\u00f3, la reducci\u00f3 de les llistes d\u2019espera en sanitat i depend\u00e8ncia, la llibertat educativa i la gratu\u00eftat de l\u2019escolaritzaci\u00f3 de zero a tres anys.&nbsp;<\/p>\n\n\n\n<p>\u201cPodem fer m\u00e9s per a ajudar les nostres fam\u00edlies i que l\u2019esfor\u00e7 tinga recompensa\u201d, ha manifestat el president, que ha assenyalat que, \u201cper primera vegada, els estudiants universitaris que aproven totes les assignatures de primer no hauran de pagar la seua matr\u00edcula\u201d.<\/p>\n\n\n\n<p>El president ha mencionat les mesures impulsades per la Generalitat, com ara el Pla Viu per al desenrotllament de milers de vivendes de protecci\u00f3 p\u00fablica, o la reducci\u00f3 dels impostos en la compra d\u2019immobles, i ha instat el Govern d\u2019Espanya a sumar-se a este programa i rebaixar l\u2019IVA en la compra de la vivenda, \u201cperqu\u00e8 aix\u00f2 no ho podem fer a soles\u201d.<\/p>\n\n\n\n<p>Finalment, el cap de l\u2019executiu valenci\u00e0 ha manifestat la necessitat de \u201cdeixar a un costat el soroll, la crispaci\u00f3 i afrontar els reptes que venen\u201d, entre els quals ha mencionat la simplificaci\u00f3 administrativa, el suport al camp, enfortir els servicis p\u00fablics i garantir l\u2019acc\u00e9s al dret constitucional de la vivenda, entre altres.<\/p>\n","protected":false},"excerpt":{"rendered":"<div class=\"mh-excerpt\">P\u00e9rez Llorca centra les seues reivindicacions per a 2026 en un finan\u00e7ament just, la pol\u00edtica h\u00eddrica, la defensa dels sectors productius i la vivenda. El president de la Generalitat apel\u00b7la a la unitat \u201cper a <a class=\"mh-excerpt-more\" href=\"https:\/\/www.tucomarca.com\/wordpress\/segunda\/ca\/video-missatge-de-cap-dany-del-president-de-la-generalitat-juanfran-perez-llorca-des-del-celler-redo-dutiel\/\" title=\"V\u00eddeo: Missatge de Cap d&#8217;Any del President de la Generalitat, Juanfran P\u00e9rez Llorca, des del Celler Red\u00f3 d&#8217;Utiel\">[+] <\/a><\/div>\n","protected":false},"author":1,"featured_media":289245,"comment_status":"open","ping_status":"open","sticky":false,"template":"","format":"video","meta":{"footnotes":""},"categories":[21466,10898,10948,10894,10904,10903,10947,10909,10896,10897,11059,11062],"tags":[15409,11199,10910,11174],"class_list":{"0":"post-289248","1":"post","2":"type-post","3":"status-publish","4":"format-video","5":"has-post-thumbnail","7":"category-dana-ca","8":"category-ventana-ca","9":"category-infraestructuras-ca","10":"category-la-comarca-ca","11":"category-sin-categorizar-ca","12":"category-medio-ambiente-la-comarca-ca","13":"category-politica","14":"category-requena-utiel-ca","15":"category-seccion-ca","16":"category-sucesos-la-comarca-ca","17":"category-utiel-ca","18":"category-videos","19":"tag-dana-2-ca","20":"tag-la-comunitat-ca","21":"tag-requena-utiel-ca","22":"tag-utiel-ca","23":"post_format-post-format-video"},"_links":{"self":[{"href":"https:\/\/www.tucomarca.com\/wordpress\/segunda\/ca\/wp-json\/wp\/v2\/posts\/289248","targetHints":{"allow":["GET"]}}],"collection":[{"href":"https:\/\/www.tucomarca.com\/wordpress\/segunda\/ca\/wp-json\/wp\/v2\/posts"}],"about":[{"href":"https:\/\/www.tucomarca.com\/wordpress\/segunda\/ca\/wp-json\/wp\/v2\/types\/post"}],"author":[{"embeddable":true,"href":"https:\/\/www.tucomarca.com\/wordpress\/segunda\/ca\/wp-json\/wp\/v2\/users\/1"}],"replies":[{"embeddable":true,"href":"https:\/\/www.tucomarca.com\/wordpress\/segunda\/ca\/wp-json\/wp\/v2\/comments?post=289248"}],"version-history":[{"count":0,"href":"https:\/\/www.tucomarca.com\/wordpress\/segunda\/ca\/wp-json\/wp\/v2\/posts\/289248\/revisions"}],"wp:featuredmedia":[{"embeddable":true,"href":"https:\/\/www.tucomarca.com\/wordpress\/segunda\/ca\/wp-json\/wp\/v2\/media\/289245"}],"wp:attachment":[{"href":"https:\/\/www.tucomarca.com\/wordpress\/segunda\/ca\/wp-json\/wp\/v2\/media?parent=289248"}],"wp:term":[{"taxonomy":"category","embeddable":true,"href":"https:\/\/www.tucomarca.com\/wordpress\/segunda\/ca\/wp-json\/wp\/v2\/categories?post=289248"},{"taxonomy":"post_tag","embeddable":true,"href":"https:\/\/www.tucomarca.com\/wordpress\/segunda\/ca\/wp-json\/wp\/v2\/tags?post=289248"}],"curies":[{"name":"wp","href":"https:\/\/api.w.org\/{rel}","templated":true}]}}