{"id":289255,"date":"2026-01-02T09:30:00","date_gmt":"2026-01-02T08:30:00","guid":{"rendered":"https:\/\/www.tucomarca.com\/wordpress\/segunda\/?p=289255"},"modified":"2026-01-02T19:11:36","modified_gmt":"2026-01-02T18:11:36","slug":"salma-el-primer-bebe-nascut-en-2026-a-lhospital-de-manises","status":"publish","type":"post","link":"https:\/\/www.tucomarca.com\/wordpress\/segunda\/ca\/salma-el-primer-bebe-nascut-en-2026-a-lhospital-de-manises\/","title":{"rendered":"Salma, el primer beb\u00e9 nascut en 2026 a l&#8217;Hospital de Manises"},"content":{"rendered":"\n<h3 class=\"wp-block-heading\">Salma va n\u00e0ixer l&#8217;1 de gener de 2026 a les 13,39 hores a la Casa de Parts i va pesar 3\u201986 quilos.<\/h3>\n\n\n\n<p>Salma \u00e9s el nom del primer beb\u00e9 nascut en 2026 a l&#8217;Hospital Universitari de Manises. El naixement va tindre lloc el primer dia de l&#8217;any, a les 13.39, hores despr\u00e9s que sonaren les tradicionals campanades i de rebre l&#8217;any nou, a la Casa de Parts del centre hospitalari. La nounada va pesar 3\u201986 quilograms, i tant ella com la seua mam\u00e0 es troben en perfecte estat de salut. Tots dos progenitors li van donar la benvinguda al m\u00f3n amb nervis, alegria i molta emoci\u00f3.<\/p>\n\n\n\n<p>La mare de la beb\u00e9 ha expressat la seua emoci\u00f3 davant el feli\u00e7 esdeveniment familiar que ha coincidit amb les primeres hores de l&#8217;any 2026. En les hores posteriors al part, els pares i la nounada van rebre la visita d&#8217;una representaci\u00f3 de l&#8217;equip de professionals de l&#8217;\u00e0rea matern-infantil de l&#8217;hospital, els qui els van traslladar la seua felicitaci\u00f3 i els van fer lliurament d&#8217;un obsequi commemoratiu amb motiu de l&#8217;esdeveniment.<\/p>\n\n\n\n<p>Actualment, l&#8217;Hospital Universitari de Manises \u00e9s part del Departament de Salut de Manises que dona cobertura i assist\u00e8ncia sanit\u00e0ria, tant ambulat\u00f2ria com domicili\u00e0ria a m\u00e9s de 216.000 persones de 14 localitats a trav\u00e9s del propi hospital de Manises, 9 centres de salut, 11 consultoris auxiliars, 2 centres d&#8217;especialitats, 1 centre de salut integrat, l&#8217;Hospital d&#8217;Aguts de Manises i l&#8217;Hospital de Cr\u00f2nics de Mislata.<\/p>\n","protected":false},"excerpt":{"rendered":"<div class=\"mh-excerpt\">Salma va n\u00e0ixer l&#8217;1 de gener de 2026 a les 13,39 hores a la Casa de Parts i va pesar 3\u201986 quilos. Salma \u00e9s el nom del primer beb\u00e9 nascut en 2026 a l&#8217;Hospital Universitari <a class=\"mh-excerpt-more\" href=\"https:\/\/www.tucomarca.com\/wordpress\/segunda\/ca\/salma-el-primer-bebe-nascut-en-2026-a-lhospital-de-manises\/\" title=\"Salma, el primer beb\u00e9 nascut en 2026 a l&#8217;Hospital de Manises\">[+] <\/a><\/div>\n","protected":false},"author":12,"featured_media":289257,"comment_status":"open","ping_status":"open","sticky":false,"template":"","format":"standard","meta":{"footnotes":""},"categories":[10892,11010,10898,10948,10894,10912,11007,10896],"tags":[11092,23637],"class_list":{"0":"post-289255","1":"post","2":"type-post","3":"status-publish","4":"format-standard","5":"has-post-thumbnail","7":"category-camp-de-turia-ca","8":"category-canal-salud","9":"category-ventana-ca","10":"category-infraestructuras-ca","11":"category-la-comarca-ca","12":"category-la-hoya-ca","13":"category-ocio-y-cultura-ca","14":"category-seccion-ca","15":"tag-hospital-de-manises-ca","16":"tag-primer-bebe-de-2026-ca"},"_links":{"self":[{"href":"https:\/\/www.tucomarca.com\/wordpress\/segunda\/ca\/wp-json\/wp\/v2\/posts\/289255","targetHints":{"allow":["GET"]}}],"collection":[{"href":"https:\/\/www.tucomarca.com\/wordpress\/segunda\/ca\/wp-json\/wp\/v2\/posts"}],"about":[{"href":"https:\/\/www.tucomarca.com\/wordpress\/segunda\/ca\/wp-json\/wp\/v2\/types\/post"}],"author":[{"embeddable":true,"href":"https:\/\/www.tucomarca.com\/wordpress\/segunda\/ca\/wp-json\/wp\/v2\/users\/12"}],"replies":[{"embeddable":true,"href":"https:\/\/www.tucomarca.com\/wordpress\/segunda\/ca\/wp-json\/wp\/v2\/comments?post=289255"}],"version-history":[{"count":0,"href":"https:\/\/www.tucomarca.com\/wordpress\/segunda\/ca\/wp-json\/wp\/v2\/posts\/289255\/revisions"}],"wp:featuredmedia":[{"embeddable":true,"href":"https:\/\/www.tucomarca.com\/wordpress\/segunda\/ca\/wp-json\/wp\/v2\/media\/289257"}],"wp:attachment":[{"href":"https:\/\/www.tucomarca.com\/wordpress\/segunda\/ca\/wp-json\/wp\/v2\/media?parent=289255"}],"wp:term":[{"taxonomy":"category","embeddable":true,"href":"https:\/\/www.tucomarca.com\/wordpress\/segunda\/ca\/wp-json\/wp\/v2\/categories?post=289255"},{"taxonomy":"post_tag","embeddable":true,"href":"https:\/\/www.tucomarca.com\/wordpress\/segunda\/ca\/wp-json\/wp\/v2\/tags?post=289255"}],"curies":[{"name":"wp","href":"https:\/\/api.w.org\/{rel}","templated":true}]}}