{"id":289264,"date":"2026-01-02T11:00:00","date_gmt":"2026-01-02T10:00:00","guid":{"rendered":"https:\/\/www.tucomarca.com\/wordpress\/segunda\/?p=289264"},"modified":"2026-01-02T19:08:03","modified_gmt":"2026-01-02T18:08:03","slug":"el-circuit-ricardo-tormo-presenta-el-seu-calendari-per-a-2026-amb-motogp-com-a-cita-destacadavisor-detalle-nota-de-premsa","status":"publish","type":"post","link":"https:\/\/www.tucomarca.com\/wordpress\/segunda\/ca\/el-circuit-ricardo-tormo-presenta-el-seu-calendari-per-a-2026-amb-motogp-com-a-cita-destacadavisor-detalle-nota-de-premsa\/","title":{"rendered":"El Circuit Ricardo Tormo presenta el seu calendari per a 2026 amb MotoGP com a cita destacadaVisor detalle nota de premsa"},"content":{"rendered":"\n<h3 class=\"wp-block-heading\">El 22 de novembre arribar\u00e0 el Gran Premi Motul de la Comunitat Valenciana, que tancar\u00e0 la temporada de MotoGP.<\/h3>\n\n\n\n<p>Un total de 14 esdeveniments estan ja inclosos en el calendari provisional del tra\u00e7at de Xest<br>El Circuit Ricardo Tormo ha anunciat el seu calendari provisional per a la temporada 2026, que inclou proves de motociclisme, automobilisme i esdeveniments esportius que consoliden el seu paper com a seu de refer\u00e8ncia en la Comunitat Valenciana.<\/p>\n\n\n\n<p>La cita m\u00e9s important ser\u00e0 un any m\u00e9s el Gran Premi Motul de la Comunitat Valenciana, que se celebrar\u00e0 el 22 de novembre i tancar\u00e0 el Campionat del M\u00f3n de MotoGP. Les entrades per a aquest esdeveniment ja estan disponibles en la web oficial del Circuit www.circuitricardotormo.com.<\/p>\n\n\n\n<p>La temporada comen\u00e7ar\u00e0 l&#8217;11 de gener amb el Duatl\u00f3, una prova que combina carrera i ciclisme en el tra\u00e7at del Circuit. Al febrer se celebraran dues trobades d&#8217;automobilisme: el dia 15 les Winter S\u00e8ries al costat de ROOW, i el dia 21 el Porsche Sprint Challenge Southern Europe, que reunir\u00e0 els vehicles GT en una jornada intensa de competici\u00f3.<\/p>\n\n\n\n<p>Al mar\u00e7 arribar\u00e0 Racing Legends, -el dia 8-, amb vehicles hist\u00f2rics i activitats per als aficionats. Abril estar\u00e0 dedicat a l&#8217;automobilisme nacional, amb el NAPA Racing Weekend el dia 12, i al nord-americ\u00e0 amb un dels esdeveniments m\u00e9s esperat de cada any, el Val\u00e8ncia NASCAR Fest el dia 19, que portar\u00e0 l&#8217;espectacle de la NASCAR a la pista valenciana.<\/p>\n\n\n\n<p>El mes de maig comen\u00e7ar\u00e0 amb la Copa de Motociclisme FMCV el dia 3 i continuar\u00e0 el dia 16 amb el Gran Premi Veles Marat\u00f3 Running, que convertir\u00e0 el Circuit en un espai per a l&#8217;atletisme. Juny comptar\u00e0 amb dues cites: el dia 14 se celebrar\u00e0 TCR i Volrace, i el dia 21 la segona prova de la Copa de Motociclisme FMCV.<\/p>\n\n\n\n<p>Despr\u00e9s de l&#8217;estiu, l&#8217;avantsala de MotoGP arribar\u00e0 al Circuit amb MotoJunior, que es disputar\u00e0 el 6 de setembre, oferint l&#8217;oportunitat de veure als joves pilots que aspiren a arribar al Mundial. El dia 13 se celebrar\u00e0 l&#8217;\u00faltima prova de la Copa de Motociclisme FMCV i el 27 ser\u00e0 el torn de Supercars i ROOW, amb vehicles d&#8217;altes prestacions en pista.<\/p>\n\n\n\n<p>Finalment, el 22 de novembre tindr\u00e0 lloc el Gran Premi Motul de la Comunitat Valenciana, que tornar\u00e0 a decidir els t\u00edtols del Campionat del M\u00f3n de MotoGP i a reunir milers d&#8217;aficionats en el Circuit Ricardo Tormo.<\/p>\n\n\n\n<p>El director general del Circuit Ricardo Tormo, Nicol\u00e1s Collado, ha indicat que &#8220;el calendari 2026 reflecteix la nostra intenci\u00f3 per concentrar el millor del m\u00f3n del motor. Hem preparat una programaci\u00f3 que inclou competicions internacionals i proves que fomenten la base del motociclisme i l&#8217;automobilisme. El Gran Premi Motul de la Comunitat Valenciana ser\u00e0, com cada any, el gran moment de la temporada i una cita que converteix al nostre Circuit en el centre del motociclisme mundial.&#8221;<\/p>\n\n\n\n<p>Calendari provisional 2026 del Circuit Ricardo Tormo:<\/p>\n\n\n\n<p>11 de gener \u2013 Duatl\u00f3<\/p>\n\n\n\n<p>15 de febrer \u2013 Winter S\u00e8ries + ROOW<\/p>\n\n\n\n<p>21 de febrer \u2013 Porsche Sprint Challenge Southern Europe<\/p>\n\n\n\n<p>8 de mar\u00e7 \u2013 Racing Legends<\/p>\n\n\n\n<p>12 d&#8217;abril \u2013 Racing Weekend<\/p>\n\n\n\n<p>19 d&#8217;abril \u2013 Val\u00e8ncia NASCAR Fest<\/p>\n\n\n\n<p>3 de maig \u2013 Copa Motociclisme FMCV<\/p>\n\n\n\n<p>16 de maig \u2013 Gran Premi Veles Marat\u00f3 Running<\/p>\n\n\n\n<p>14 de juny \u2013 TCR i Volrace<\/p>\n\n\n\n<p>21 de juny \u2013 Copa Motociclisme FMCV<\/p>\n\n\n\n<p>6 de setembre \u2013 JuniorGP<\/p>\n\n\n\n<p>13 de setembre \u2013 Copa Motociclisme FMCV<\/p>\n\n\n\n<p>27 de setembre \u2013 Supercars + ROOW<\/p>\n\n\n\n<p>22 de novembre \u2013 Gran Premi Motul de la Comunitat Valenciana<\/p>\n\n\n\n<p>* Esdeveniment en dissabte<\/p>\n\n\n\n<p><\/p>\n","protected":false},"excerpt":{"rendered":"<div class=\"mh-excerpt\">El 22 de novembre arribar\u00e0 el Gran Premi Motul de la Comunitat Valenciana, que tancar\u00e0 la temporada de MotoGP. Un total de 14 esdeveniments estan ja inclosos en el calendari provisional del tra\u00e7at de XestEl <a class=\"mh-excerpt-more\" href=\"https:\/\/www.tucomarca.com\/wordpress\/segunda\/ca\/el-circuit-ricardo-tormo-presenta-el-seu-calendari-per-a-2026-amb-motogp-com-a-cita-destacadavisor-detalle-nota-de-premsa\/\" title=\"El Circuit Ricardo Tormo presenta el seu calendari per a 2026 amb MotoGP com a cita destacadaVisor detalle nota de premsa\">[+] <\/a><\/div>\n","protected":false},"author":12,"featured_media":289263,"comment_status":"open","ping_status":"open","sticky":false,"template":"","format":"standard","meta":{"footnotes":""},"categories":[11015,11003,10898,10894,10904,10912,11011,10896,10974],"tags":[11412,11348],"class_list":{"0":"post-289264","1":"post","2":"type-post","3":"status-publish","4":"format-standard","5":"has-post-thumbnail","7":"category-canal-futbol","8":"category-sports","9":"category-ventana-ca","10":"category-la-comarca-ca","11":"category-sin-categorizar-ca","12":"category-la-hoya-ca","13":"category-motociclismo-ca","14":"category-seccion-ca","15":"category-cheste-ca","16":"tag-circuit-ricardo-tormo-ca","17":"tag-circuito-de-cheste-ca"},"_links":{"self":[{"href":"https:\/\/www.tucomarca.com\/wordpress\/segunda\/ca\/wp-json\/wp\/v2\/posts\/289264","targetHints":{"allow":["GET"]}}],"collection":[{"href":"https:\/\/www.tucomarca.com\/wordpress\/segunda\/ca\/wp-json\/wp\/v2\/posts"}],"about":[{"href":"https:\/\/www.tucomarca.com\/wordpress\/segunda\/ca\/wp-json\/wp\/v2\/types\/post"}],"author":[{"embeddable":true,"href":"https:\/\/www.tucomarca.com\/wordpress\/segunda\/ca\/wp-json\/wp\/v2\/users\/12"}],"replies":[{"embeddable":true,"href":"https:\/\/www.tucomarca.com\/wordpress\/segunda\/ca\/wp-json\/wp\/v2\/comments?post=289264"}],"version-history":[{"count":0,"href":"https:\/\/www.tucomarca.com\/wordpress\/segunda\/ca\/wp-json\/wp\/v2\/posts\/289264\/revisions"}],"wp:featuredmedia":[{"embeddable":true,"href":"https:\/\/www.tucomarca.com\/wordpress\/segunda\/ca\/wp-json\/wp\/v2\/media\/289263"}],"wp:attachment":[{"href":"https:\/\/www.tucomarca.com\/wordpress\/segunda\/ca\/wp-json\/wp\/v2\/media?parent=289264"}],"wp:term":[{"taxonomy":"category","embeddable":true,"href":"https:\/\/www.tucomarca.com\/wordpress\/segunda\/ca\/wp-json\/wp\/v2\/categories?post=289264"},{"taxonomy":"post_tag","embeddable":true,"href":"https:\/\/www.tucomarca.com\/wordpress\/segunda\/ca\/wp-json\/wp\/v2\/tags?post=289264"}],"curies":[{"name":"wp","href":"https:\/\/api.w.org\/{rel}","templated":true}]}}