{"id":289319,"date":"2026-01-04T12:00:00","date_gmt":"2026-01-04T11:00:00","guid":{"rendered":"https:\/\/www.tucomarca.com\/wordpress\/segunda\/?p=289319"},"modified":"2026-01-04T15:26:14","modified_gmt":"2026-01-04T14:26:14","slug":"les-baixes-temperatures-i-el-temporal-de-pluja-i-neu-afecten-ja-linterior-de-la-provincia-de-valencia","status":"publish","type":"post","link":"https:\/\/www.tucomarca.com\/wordpress\/segunda\/ca\/les-baixes-temperatures-i-el-temporal-de-pluja-i-neu-afecten-ja-linterior-de-la-provincia-de-valencia\/","title":{"rendered":"Les baixes temperatures i el temporal de pluja i neu afecten ja l&#8217;interior de la prov\u00edncia de Val\u00e8ncia"},"content":{"rendered":"\n<p>Les comarques de l\u2019interior de la prov\u00edncia de Val\u00e8ncia estan registrant estos dies un episodi hivernal marcat per les baixes temperatures i les precipitacions persistents, amb pluja continuada i nevades a les zones de major altitud, segons els avisos meteorol\u00f2gics actualitzats.<\/p>\n\n\n\n<p>Este episodi est\u00e0 afectant de manera especial comarques com la Foia de Bu\u00f1ol, Requena-Utiel, el Rac\u00f3 d\u2019Adem\u00fas, la Canal de Navarr\u00e9s, El Serrans o la Ribera Alta, on s\u2019han activat avisos per fen\u00f2mens adversos a causa del descens del mercuri i l\u2019evoluci\u00f3 del temporal.<\/p>\n\n\n\n<p>El fort descens de les temperatures ha provocat que diversos punts de l\u2019interior hagen registrat valors per davall dels zero graus, amb pres\u00e8ncia de gelades, especialment durant la matinada i les primeres hores del dia, fet que incrementa la sensaci\u00f3 t\u00e8rmica de fred.<\/p>\n\n\n\n<p>Pel que fa a les precipitacions, la pluja ha sigut persistent en gran part del territori, amb acumulats moderats en diferents municipis de la Foia de Bu\u00f1ol, la Canal de Navarr\u00e9s i la Ribera Alta, aix\u00ed com a les comarques de Requena-Utiel i el Rac\u00f3 d\u2019Adem\u00fas, on tamb\u00e9 s\u2019han produ\u00eft nevades en cotes mitjanes i altes.<\/p>\n\n\n\n<p>A m\u00e9s, els avisos per neu i gel estan condicionant la circulaci\u00f3 en algunes carreteres de muntanya i vies secund\u00e0ries, especialment en zones rurals, on es recomana extremar les precaucions.<\/p>\n\n\n\n<p>Les autoritats locals i els serveis d\u2019emerg\u00e8ncia aconsellen evitar despla\u00e7aments innecessaris, circular amb precauci\u00f3 davant la possible formaci\u00f3 de plaques de gel i seguir en tot moment les indicacions de Protecci\u00f3 Civil. Segons la previsi\u00f3 meteorol\u00f2gica, el temporal es mantindr\u00e0 durant els pr\u00f2xims dies, amb un ambient plenament hivernal a l\u2019interior de la prov\u00edncia de Val\u00e8ncia.<\/p>\n\n\n\n<figure class=\"wp-block-gallery has-nested-images columns-default is-cropped wp-block-gallery-1 is-layout-flex wp-block-gallery-is-layout-flex\">\n<figure class=\"wp-block-image size-large\"><img loading=\"lazy\" decoding=\"async\" width=\"728\" height=\"702\" data-id=\"289316\" src=\"https:\/\/www.tucomarca.com\/wordpress\/segunda\/wp-content\/uploads\/2026\/01\/G9zqiO4XAAAz7bW.png\" alt=\"\" class=\"wp-image-289316\" srcset=\"https:\/\/www.tucomarca.com\/wordpress\/segunda\/wp-content\/uploads\/2026\/01\/G9zqiO4XAAAz7bW.png 728w, https:\/\/www.tucomarca.com\/wordpress\/segunda\/wp-content\/uploads\/2026\/01\/G9zqiO4XAAAz7bW-300x289.png 300w\" sizes=\"auto, (max-width: 728px) 100vw, 728px\" \/><\/figure>\n\n\n\n<figure class=\"wp-block-image size-large\"><img loading=\"lazy\" decoding=\"async\" width=\"728\" height=\"702\" data-id=\"289314\" src=\"https:\/\/www.tucomarca.com\/wordpress\/segunda\/wp-content\/uploads\/2026\/01\/G9zqiaMXsAA53nu.png\" alt=\"\" class=\"wp-image-289314\" srcset=\"https:\/\/www.tucomarca.com\/wordpress\/segunda\/wp-content\/uploads\/2026\/01\/G9zqiaMXsAA53nu.png 728w, https:\/\/www.tucomarca.com\/wordpress\/segunda\/wp-content\/uploads\/2026\/01\/G9zqiaMXsAA53nu-300x289.png 300w\" sizes=\"auto, (max-width: 728px) 100vw, 728px\" \/><\/figure>\n<\/figure>\n","protected":false},"excerpt":{"rendered":"<div class=\"mh-excerpt\">Les comarques de l\u2019interior de la prov\u00edncia de Val\u00e8ncia estan registrant estos dies un episodi hivernal marcat per les baixes temperatures i les precipitacions persistents, amb pluja continuada i nevades a les zones de major <a class=\"mh-excerpt-more\" href=\"https:\/\/www.tucomarca.com\/wordpress\/segunda\/ca\/les-baixes-temperatures-i-el-temporal-de-pluja-i-neu-afecten-ja-linterior-de-la-provincia-de-valencia\/\" title=\"Les baixes temperatures i el temporal de pluja i neu afecten ja l&#8217;interior de la prov\u00edncia de Val\u00e8ncia\">[+] <\/a><\/div>\n","protected":false},"author":12,"featured_media":289315,"comment_status":"open","ping_status":"open","sticky":false,"template":"","format":"standard","meta":{"footnotes":""},"categories":[10890,10951,11046,10898,10948,10963,10894,10912,10902,10903,10947,10909,10896,10897],"tags":[13456,11449,10914,10910],"class_list":{"0":"post-289319","1":"post","2":"type-post","3":"status-publish","4":"format-standard","5":"has-post-thumbnail","7":"category-ademus","8":"category-ayora-cofrentes-ca","9":"category-los-serranos-ca","10":"category-ventana-ca","11":"category-infraestructuras-ca","12":"category-la-canal-de-navarres-ca","13":"category-la-comarca-ca","14":"category-la-hoya-ca","15":"category-la-ribera-ca","16":"category-medio-ambiente-la-comarca-ca","17":"category-politica","18":"category-requena-utiel-ca","19":"category-seccion-ca","20":"category-sucesos-la-comarca-ca","21":"tag-aemet-ca","22":"tag-agencia-estatal-de-meteorologia-aemet","23":"tag-la-hoya-de-bunol-chiva-ca","24":"tag-requena-utiel-ca"},"_links":{"self":[{"href":"https:\/\/www.tucomarca.com\/wordpress\/segunda\/ca\/wp-json\/wp\/v2\/posts\/289319","targetHints":{"allow":["GET"]}}],"collection":[{"href":"https:\/\/www.tucomarca.com\/wordpress\/segunda\/ca\/wp-json\/wp\/v2\/posts"}],"about":[{"href":"https:\/\/www.tucomarca.com\/wordpress\/segunda\/ca\/wp-json\/wp\/v2\/types\/post"}],"author":[{"embeddable":true,"href":"https:\/\/www.tucomarca.com\/wordpress\/segunda\/ca\/wp-json\/wp\/v2\/users\/12"}],"replies":[{"embeddable":true,"href":"https:\/\/www.tucomarca.com\/wordpress\/segunda\/ca\/wp-json\/wp\/v2\/comments?post=289319"}],"version-history":[{"count":0,"href":"https:\/\/www.tucomarca.com\/wordpress\/segunda\/ca\/wp-json\/wp\/v2\/posts\/289319\/revisions"}],"wp:featuredmedia":[{"embeddable":true,"href":"https:\/\/www.tucomarca.com\/wordpress\/segunda\/ca\/wp-json\/wp\/v2\/media\/289315"}],"wp:attachment":[{"href":"https:\/\/www.tucomarca.com\/wordpress\/segunda\/ca\/wp-json\/wp\/v2\/media?parent=289319"}],"wp:term":[{"taxonomy":"category","embeddable":true,"href":"https:\/\/www.tucomarca.com\/wordpress\/segunda\/ca\/wp-json\/wp\/v2\/categories?post=289319"},{"taxonomy":"post_tag","embeddable":true,"href":"https:\/\/www.tucomarca.com\/wordpress\/segunda\/ca\/wp-json\/wp\/v2\/tags?post=289319"}],"curies":[{"name":"wp","href":"https:\/\/api.w.org\/{rel}","templated":true}]}}