{"id":289337,"date":"2026-01-04T12:15:00","date_gmt":"2026-01-04T11:15:00","guid":{"rendered":"https:\/\/www.tucomarca.com\/wordpress\/segunda\/?p=289337"},"modified":"2026-01-04T21:21:35","modified_gmt":"2026-01-04T20:21:35","slug":"lemissari-reial-ompli-alborache-dillusio-i-anuncia-larribada-dels-reis-mags-dorient-aquest-dilluns","status":"publish","type":"post","link":"https:\/\/www.tucomarca.com\/wordpress\/segunda\/ca\/lemissari-reial-ompli-alborache-dillusio-i-anuncia-larribada-dels-reis-mags-dorient-aquest-dilluns\/","title":{"rendered":"L\u2019Emissari Reial ompli Alboraig d\u2019il\u00b7lusi\u00f3 i anuncia l\u2019arribada dels Reis Mags d\u2019Orient aquest dilluns"},"content":{"rendered":"\n<p>Alboraig va viure una jornada plena d\u2019il\u00b7lusi\u00f3 amb la visita de l\u2019Emissari Reial, qui va anunciar oficialment l\u2019arribada de Ses Majestats els Reis Mags d\u2019Orient al municipi el pr\u00f2xim <strong>dilluns 5 de gener a partir de les 18.00 hores<\/strong>.<\/p>\n\n\n\n<p>A causa de les <strong>condicions meteorol\u00f2giques previstes per a eixa jornada<\/strong>, l\u2019Ajuntament informa que <strong>queda susp\u00e9s el recorregut habitual de la cavalcada<\/strong>, amb l\u2019objectiu de garantir la seguretat de la ciutadania i, especialment, de les xiquetes i els xiquets.<\/p>\n\n\n\n<p>No obstant aix\u00f2, Ses Majestats mantindran la seua visita a Alborache i desenvoluparan una agenda adaptada. A partir de les <strong>18.00 h<\/strong>, els Reis Mags visitaran la <strong>Resid\u00e8ncia SAVIA<\/strong>, on compartiran un moment especial amb les persones majors. Posteriorment, es despla\u00e7aran fins a la <strong>Esgl\u00e9sia Parroquial<\/strong>, on realitzaran la tradicional <strong>ofrena d\u2019encens, or i mirra al Nen Jes\u00fas<\/strong>.<\/p>\n\n\n\n<p>La jornada finalitzar\u00e0 al <strong>Sal\u00f3 d\u2019Actes de l\u2019Ajuntament<\/strong>, on tindr\u00e0 lloc la <strong>repartici\u00f3 de regals<\/strong>, posant el punt final a una vesprada molt esperada pels m\u00e9s menuts del municipi.<\/p>\n\n\n\n<p>Des de l\u2019Ajuntament s\u2019agra\u00efx la comprensi\u00f3 dels ve\u00efns i ve\u00efnes davant estos canvis motivats per la meteorologia i s\u2019anima tota la poblaci\u00f3 a participar en esta celebraci\u00f3, mantenint viva la m\u00e0gia i la il\u00b7lusi\u00f3 de l\u2019arribada dels Reis Mags.<\/p>\n\n\n\n<figure class=\"wp-block-gallery has-nested-images columns-default is-cropped wp-block-gallery-1 is-layout-flex wp-block-gallery-is-layout-flex\">\n<figure class=\"wp-block-image size-large\"><img loading=\"lazy\" decoding=\"async\" width=\"1024\" height=\"1024\" data-id=\"289333\" src=\"https:\/\/www.tucomarca.com\/wordpress\/segunda\/wp-content\/uploads\/2026\/01\/AlborachePaje3-1024x1024.jpg\" alt=\"\" class=\"wp-image-289333\" srcset=\"https:\/\/www.tucomarca.com\/wordpress\/segunda\/wp-content\/uploads\/2026\/01\/AlborachePaje3-1024x1024.jpg 1024w, https:\/\/www.tucomarca.com\/wordpress\/segunda\/wp-content\/uploads\/2026\/01\/AlborachePaje3-300x300.jpg 300w, https:\/\/www.tucomarca.com\/wordpress\/segunda\/wp-content\/uploads\/2026\/01\/AlborachePaje3-290x290.jpg 290w, https:\/\/www.tucomarca.com\/wordpress\/segunda\/wp-content\/uploads\/2026\/01\/AlborachePaje3-768x768.jpg 768w, https:\/\/www.tucomarca.com\/wordpress\/segunda\/wp-content\/uploads\/2026\/01\/AlborachePaje3.jpg 1081w\" sizes=\"auto, (max-width: 1024px) 100vw, 1024px\" \/><\/figure>\n\n\n\n<figure class=\"wp-block-image size-large\"><img loading=\"lazy\" decoding=\"async\" width=\"1024\" height=\"1024\" data-id=\"289331\" src=\"https:\/\/www.tucomarca.com\/wordpress\/segunda\/wp-content\/uploads\/2026\/01\/AlborachePaje2-1024x1024.jpg\" alt=\"\" class=\"wp-image-289331\" srcset=\"https:\/\/www.tucomarca.com\/wordpress\/segunda\/wp-content\/uploads\/2026\/01\/AlborachePaje2-1024x1024.jpg 1024w, https:\/\/www.tucomarca.com\/wordpress\/segunda\/wp-content\/uploads\/2026\/01\/AlborachePaje2-300x300.jpg 300w, https:\/\/www.tucomarca.com\/wordpress\/segunda\/wp-content\/uploads\/2026\/01\/AlborachePaje2-290x290.jpg 290w, https:\/\/www.tucomarca.com\/wordpress\/segunda\/wp-content\/uploads\/2026\/01\/AlborachePaje2-768x768.jpg 768w, https:\/\/www.tucomarca.com\/wordpress\/segunda\/wp-content\/uploads\/2026\/01\/AlborachePaje2.jpg 1239w\" sizes=\"auto, (max-width: 1024px) 100vw, 1024px\" \/><\/figure>\n<\/figure>\n","protected":false},"excerpt":{"rendered":"<div class=\"mh-excerpt\">Alboraig va viure una jornada plena d\u2019il\u00b7lusi\u00f3 amb la visita de l\u2019Emissari Reial, qui va anunciar oficialment l\u2019arribada de Ses Majestats els Reis Mags d\u2019Orient al municipi el pr\u00f2xim dilluns 5 de gener a partir <a class=\"mh-excerpt-more\" href=\"https:\/\/www.tucomarca.com\/wordpress\/segunda\/ca\/lemissari-reial-ompli-alborache-dillusio-i-anuncia-larribada-dels-reis-mags-dorient-aquest-dilluns\/\" title=\"L\u2019Emissari Reial ompli Alboraig d\u2019il\u00b7lusi\u00f3 i anuncia l\u2019arribada dels Reis Mags d\u2019Orient aquest dilluns\">[+] <\/a><\/div>\n","protected":false},"author":12,"featured_media":289336,"comment_status":"open","ping_status":"open","sticky":false,"template":"","format":"gallery","meta":{"footnotes":""},"categories":[11019,10973,10894,10912,11004,11007,11008,10896],"tags":[11224,10914,13351],"class_list":{"0":"post-289337","1":"post","2":"type-post","3":"status-publish","4":"format-gallery","5":"has-post-thumbnail","7":"category-agenda-ca","8":"category-alborache-ca","9":"category-la-comarca-ca","10":"category-la-hoya-ca","11":"category-la-semana-en-imagenes-ca","12":"category-ocio-y-cultura-ca","13":"category-pueblos-en-fiestas-ca","14":"category-seccion-ca","15":"tag-alborache-ca","16":"tag-la-hoya-de-bunol-chiva-ca","17":"tag-reyes-magos-ca","18":"post_format-post-format-gallery"},"_links":{"self":[{"href":"https:\/\/www.tucomarca.com\/wordpress\/segunda\/ca\/wp-json\/wp\/v2\/posts\/289337","targetHints":{"allow":["GET"]}}],"collection":[{"href":"https:\/\/www.tucomarca.com\/wordpress\/segunda\/ca\/wp-json\/wp\/v2\/posts"}],"about":[{"href":"https:\/\/www.tucomarca.com\/wordpress\/segunda\/ca\/wp-json\/wp\/v2\/types\/post"}],"author":[{"embeddable":true,"href":"https:\/\/www.tucomarca.com\/wordpress\/segunda\/ca\/wp-json\/wp\/v2\/users\/12"}],"replies":[{"embeddable":true,"href":"https:\/\/www.tucomarca.com\/wordpress\/segunda\/ca\/wp-json\/wp\/v2\/comments?post=289337"}],"version-history":[{"count":0,"href":"https:\/\/www.tucomarca.com\/wordpress\/segunda\/ca\/wp-json\/wp\/v2\/posts\/289337\/revisions"}],"wp:featuredmedia":[{"embeddable":true,"href":"https:\/\/www.tucomarca.com\/wordpress\/segunda\/ca\/wp-json\/wp\/v2\/media\/289336"}],"wp:attachment":[{"href":"https:\/\/www.tucomarca.com\/wordpress\/segunda\/ca\/wp-json\/wp\/v2\/media?parent=289337"}],"wp:term":[{"taxonomy":"category","embeddable":true,"href":"https:\/\/www.tucomarca.com\/wordpress\/segunda\/ca\/wp-json\/wp\/v2\/categories?post=289337"},{"taxonomy":"post_tag","embeddable":true,"href":"https:\/\/www.tucomarca.com\/wordpress\/segunda\/ca\/wp-json\/wp\/v2\/tags?post=289337"}],"curies":[{"name":"wp","href":"https:\/\/api.w.org\/{rel}","templated":true}]}}