{"id":289388,"date":"2026-01-06T21:00:00","date_gmt":"2026-01-06T20:00:00","guid":{"rendered":"https:\/\/www.tucomarca.com\/wordpress\/segunda\/?p=289388"},"modified":"2026-01-05T14:11:39","modified_gmt":"2026-01-05T13:11:39","slug":"ivacei-energia-destina-mes-de-25-milions-deuros-a-municipis-de-les-zones-eoliques-dels-ports-els-serrans-i-camp-de-turia","status":"publish","type":"post","link":"https:\/\/www.tucomarca.com\/wordpress\/segunda\/ca\/ivacei-energia-destina-mes-de-25-milions-deuros-a-municipis-de-les-zones-eoliques-dels-ports-els-serrans-i-camp-de-turia\/","title":{"rendered":"Ivace+i Energia destina m\u00e9s de 2,5 milions d&#8217;euros a municipis de les zones e\u00f2liques dels Ports, Els Serrans i Camp de T\u00faria"},"content":{"rendered":"\n<h3 class=\"wp-block-heading\">El Fons de Compensaci\u00f3 t\u00e9 com a objectiu que tots els municipis inclosos en el Pla E\u00f2lic es vegen beneficiats.<\/h3>\n\n\n\n<h3 class=\"wp-block-heading\">El termini per a presentar projectes a Ivace+i es prolongar\u00e0 fins al 23 de gener\u00a0<br>Val\u00e8ncia.<\/h3>\n\n\n\n<p>La Conselleria d&#8217;Ind\u00fastria, Turisme, Innovaci\u00f3 i Comer\u00e7, que dirigeix la consellera Mari\u00e1n Cano, ha obert la convocat\u00f2ria del Fons de Compensaci\u00f3 del Pla E\u00f2lic entre els municipis de les zones e\u00f2liques 1, 2, 3 i 8, per a les quals destinar\u00e0 2,54 milions d&#8217;euros.<\/p>\n\n\n\n<p>Aquesta quantitat es correspon amb el c\u00e0non que el promotor d&#8217;aquestes zones del Pla E\u00f2lic ha realitzat a Ivace+i Energia i la seua finalitat \u00e9s que tots els municipis que d&#8217;alguna forma estan inclosos en el Pla E\u00f2lic es vegen beneficiats i no sols aquells en els quals s&#8217;han constru\u00eft parcs e\u00f2lics.<\/p>\n\n\n\n<p>Les zones 1, 2 i 3 estan compostes pels parcs e\u00f2lics Torre Mir\u00f3 I i II, Manzanera, Refoyas, Queixal de la Todolella, Arriello, Folch I i II, Cabrillas i Pla Embalagu\u00e9. En total sumen una pot\u00e8ncia el\u00e8ctrica de 395 megavats (MW) i tots ells estan situats a la comarca castellonenca dels Ports.<\/p>\n\n\n\n<p>La zona 8, per part seua, se situa en la seua major part a la comarca dels Serrans i tamb\u00e9 a Camp de T\u00faria i aporta una pot\u00e8ncia de 99 MW procedents dels parcs Cerro Nevera i Penyes de D\u00e9u I i II.<\/p>\n\n\n\n<p>El Fons de Compensaci\u00f3 contempla subvencions econ\u00f2miques per als municipis on s&#8217;est\u00e0 desenvolupant el Pla E\u00f2lic amb l&#8217;objectiu de contribuir a revitalitzar les zones d&#8217;interior. El termini per a presentar els projectes es prolongar\u00e0 fins al 23 de gener de 2026.<\/p>\n\n\n\n<p>Distribuci\u00f3 dels fons<\/p>\n\n\n\n<p>A trav\u00e9s del Fons de Compensaci\u00f3, Ivace+i Energia subvenciona cada any aquells projectes presentats per les corporacions locals que suposen la millora les infraestructures rurals i de serveis.<\/p>\n\n\n\n<p>En la distribuci\u00f3 dels fons tenen prioritat en primer lloc aquells municipis que no alberguen parcs per\u00f2 s\u00ed que alberguen infraestructures d&#8217;evacuaci\u00f3 de l&#8217;energia el\u00e8ctrica que es genera en ells, com a l\u00ednies el\u00e8ctriques i subestacions. En segon lloc, els que no alberguen parcs per\u00f2 aquests parcs s\u00ed que siguen visibles des del municipi.<\/p>\n\n\n\n<p>En tercer lloc, aquells que sense albergar parcs s\u00ed que tenen infraestructures d&#8217;obra nova o ampliaci\u00f3 de camins d&#8217;acc\u00e9s als parcs i en \u00faltim lloc es valoraran els municipis que s\u00ed que alberguen parcs, ja que aquests municipis ja perceben ingressos per llic\u00e8ncia d&#8217;activitats, imposat de b\u00e9ns immobles, etc.<\/p>\n\n\n\n<p>Dins d&#8217;aquest apartat figuren els projectes de millora de camins rurals, de la xarxa vi\u00e0ria rural d&#8217;acc\u00e9s pedanies, caserius, masies&#8230;, projectes d&#8217;electrificaci\u00f3 rural en granges, alqueries i en general edificacions a\u00efllades, aix\u00ed com qualsevol altre que supose la millora de les infraestructures rurals.<\/p>\n\n\n\n<p>Tamb\u00e9 se subvencionen projectes d&#8217;energies renovables, tant construccions d&#8217;instal\u00b7lacions d&#8217;aprofitament d&#8217;aquesta mena d&#8217;energies com l&#8217;organitzaci\u00f3 d&#8217;accions de divulgaci\u00f3 com a tallers, cursos, f\u00f2rums xarres, etc. A m\u00e9s, es recolzaran econ\u00f2micament tots aquells projectes que incidisquen en una millora de les condicions socioecon\u00f2miques dels municipis.<\/p>\n","protected":false},"excerpt":{"rendered":"<div class=\"mh-excerpt\">El Fons de Compensaci\u00f3 t\u00e9 com a objectiu que tots els municipis inclosos en el Pla E\u00f2lic es vegen beneficiats. El termini per a presentar projectes a Ivace+i es prolongar\u00e0 fins al 23 de gener\u00a0Val\u00e8ncia. <a class=\"mh-excerpt-more\" href=\"https:\/\/www.tucomarca.com\/wordpress\/segunda\/ca\/ivacei-energia-destina-mes-de-25-milions-deuros-a-municipis-de-les-zones-eoliques-dels-ports-els-serrans-i-camp-de-turia\/\" title=\"Ivace+i Energia destina m\u00e9s de 2,5 milions d&#8217;euros a municipis de les zones e\u00f2liques dels Ports, Els Serrans i Camp de T\u00faria\">[+] <\/a><\/div>\n","protected":false},"author":1,"featured_media":289385,"comment_status":"open","ping_status":"open","sticky":false,"template":"","format":"standard","meta":{"footnotes":""},"categories":[10892,11046,10898,10948,10894,10904,10903,10947,10896],"tags":[15674,11928,11080],"class_list":{"0":"post-289388","1":"post","2":"type-post","3":"status-publish","4":"format-standard","5":"has-post-thumbnail","7":"category-camp-de-turia-ca","8":"category-los-serranos-ca","9":"category-ventana-ca","10":"category-infraestructuras-ca","11":"category-la-comarca-ca","12":"category-sin-categorizar-ca","13":"category-medio-ambiente-la-comarca-ca","14":"category-politica","15":"category-seccion-ca","16":"tag-camp-de-turia-2-ca","17":"tag-la-serrania-ca","18":"tag-los-serranos-ca"},"_links":{"self":[{"href":"https:\/\/www.tucomarca.com\/wordpress\/segunda\/ca\/wp-json\/wp\/v2\/posts\/289388","targetHints":{"allow":["GET"]}}],"collection":[{"href":"https:\/\/www.tucomarca.com\/wordpress\/segunda\/ca\/wp-json\/wp\/v2\/posts"}],"about":[{"href":"https:\/\/www.tucomarca.com\/wordpress\/segunda\/ca\/wp-json\/wp\/v2\/types\/post"}],"author":[{"embeddable":true,"href":"https:\/\/www.tucomarca.com\/wordpress\/segunda\/ca\/wp-json\/wp\/v2\/users\/1"}],"replies":[{"embeddable":true,"href":"https:\/\/www.tucomarca.com\/wordpress\/segunda\/ca\/wp-json\/wp\/v2\/comments?post=289388"}],"version-history":[{"count":0,"href":"https:\/\/www.tucomarca.com\/wordpress\/segunda\/ca\/wp-json\/wp\/v2\/posts\/289388\/revisions"}],"wp:featuredmedia":[{"embeddable":true,"href":"https:\/\/www.tucomarca.com\/wordpress\/segunda\/ca\/wp-json\/wp\/v2\/media\/289385"}],"wp:attachment":[{"href":"https:\/\/www.tucomarca.com\/wordpress\/segunda\/ca\/wp-json\/wp\/v2\/media?parent=289388"}],"wp:term":[{"taxonomy":"category","embeddable":true,"href":"https:\/\/www.tucomarca.com\/wordpress\/segunda\/ca\/wp-json\/wp\/v2\/categories?post=289388"},{"taxonomy":"post_tag","embeddable":true,"href":"https:\/\/www.tucomarca.com\/wordpress\/segunda\/ca\/wp-json\/wp\/v2\/tags?post=289388"}],"curies":[{"name":"wp","href":"https:\/\/api.w.org\/{rel}","templated":true}]}}