{"id":289396,"date":"2026-01-04T12:30:00","date_gmt":"2026-01-04T11:30:00","guid":{"rendered":"https:\/\/www.tucomarca.com\/wordpress\/segunda\/?p=289396"},"modified":"2026-01-05T14:34:43","modified_gmt":"2026-01-05T13:34:43","slug":"el-tortell-de-reis-gegant-dutiel-esquiva-la-pluja-i-torna-a-endolcir-larribada-del-nou-any-a-centenars-de-veins-i-visitants","status":"publish","type":"post","link":"https:\/\/www.tucomarca.com\/wordpress\/segunda\/ca\/el-tortell-de-reis-gegant-dutiel-esquiva-la-pluja-i-torna-a-endolcir-larribada-del-nou-any-a-centenars-de-veins-i-visitants\/","title":{"rendered":"El Tortell de Reis Gegant d&#8217;Utiel esquiva la pluja i torna a endolcir l&#8217;arribada del nou any a centenars de ve\u00efns i visitants"},"content":{"rendered":"\n<h3 class=\"wp-block-heading\">Finalment el temps ha acompanyat i centenars de ve\u00efns i visitants han gaudit d&#8217;aquestes postres t\u00edpiques acompanyades de xocolate calent en aquesta vesprada.<\/h3>\n\n\n\n<p>L&#8217;alcalde d&#8217;Utiel, Ricardo Gabald\u00f3n i la Directora de Recursos Humans i Prevenci\u00f3 de La Tahona d&#8217;Utiel, Soraya Mohatar, convidaven a ve\u00efns i visitants a gaudir d&#8217;aquest dol\u00e7 t\u00edpic preparat amb afecte per a donar la benvinguda al 2026 amb molt bon sabor de boca.<\/p>\n\n\n\n<p>El tradicional Tortell de Reis Gegant ha ocupat per complet la Pla\u00e7a Porta del Sol d&#8217;Utiel amb 60 metres de delicioses postres per a endolcir aquesta vesprada nadalenca.<\/p>\n\n\n\n<p>Davant la previsi\u00f3 de pluja l&#8217;inici de l&#8217;esdeveniment s&#8217;ha avan\u00e7at a les 17,30 hores per\u00f2 afortunadament la climatologia ha acompanyat i centenars de ve\u00efns i visitants han pogut gaudir d&#8217;aquest dol\u00e7 t\u00edpic de Reis.<\/p>\n\n\n\n<p>En aquesta V edici\u00f3, l&#8217;empresa elaboradora ha batut el seu propi r\u00e8cord ampliant dimensions fins a aconseguir els 60 metres de longitud.<\/p>\n\n\n\n<p>L&#8217;alcalde d&#8217;Utiel, Ricardo Gabald\u00f3n i la Directora de Recursos Humans i Prevenci\u00f3 de La Tahona d&#8217;Utiel, Soraya Mohatar, felicitaven les festes i l&#8217;any nou als assistents i realitzaven el tall tradicional d&#8217;aquest dol\u00e7 t\u00edpic preparat amb afecte per a donar la benvinguda al 2026 amb molt bon sabor de boca.<\/p>\n\n\n\n<p>L&#8217;Ajuntament d&#8217;Utiel agraeix a la Tahona d&#8217;Utiel aquest regal especial que tots els anys ofereixen de forma totalment altruista al poble d&#8217;Utiel com a avantsala a l&#8217;arribada de Ses Majestats Els Reis Mags d&#8217;Orient al nostre municipi.<\/p>\n\n\n\n<figure class=\"wp-block-image size-large\"><img loading=\"lazy\" decoding=\"async\" width=\"1024\" height=\"716\" src=\"http:\/\/www.tucomarca.com\/wordpress\/segunda\/wp-content\/uploads\/2026\/01\/ROSCONREYESUTIEL26_2-1024x716.jpeg\" alt=\"\" class=\"wp-image-289389\" srcset=\"https:\/\/www.tucomarca.com\/wordpress\/segunda\/wp-content\/uploads\/2026\/01\/ROSCONREYESUTIEL26_2-1024x716.jpeg 1024w, https:\/\/www.tucomarca.com\/wordpress\/segunda\/wp-content\/uploads\/2026\/01\/ROSCONREYESUTIEL26_2-300x210.jpeg 300w, https:\/\/www.tucomarca.com\/wordpress\/segunda\/wp-content\/uploads\/2026\/01\/ROSCONREYESUTIEL26_2-768x537.jpeg 768w, https:\/\/www.tucomarca.com\/wordpress\/segunda\/wp-content\/uploads\/2026\/01\/ROSCONREYESUTIEL26_2-1536x1074.jpeg 1536w, https:\/\/www.tucomarca.com\/wordpress\/segunda\/wp-content\/uploads\/2026\/01\/ROSCONREYESUTIEL26_2.jpeg 2040w\" sizes=\"auto, (max-width: 1024px) 100vw, 1024px\" \/><\/figure>\n","protected":false},"excerpt":{"rendered":"<div class=\"mh-excerpt\">Finalment el temps ha acompanyat i centenars de ve\u00efns i visitants han gaudit d&#8217;aquestes postres t\u00edpiques acompanyades de xocolate calent en aquesta vesprada. L&#8217;alcalde d&#8217;Utiel, Ricardo Gabald\u00f3n i la Directora de Recursos Humans i Prevenci\u00f3 <a class=\"mh-excerpt-more\" href=\"https:\/\/www.tucomarca.com\/wordpress\/segunda\/ca\/el-tortell-de-reis-gegant-dutiel-esquiva-la-pluja-i-torna-a-endolcir-larribada-del-nou-any-a-centenars-de-veins-i-visitants\/\" title=\"El Tortell de Reis Gegant d&#8217;Utiel esquiva la pluja i torna a endolcir l&#8217;arribada del nou any a centenars de ve\u00efns i visitants\">[+] <\/a><\/div>\n","protected":false},"author":12,"featured_media":289392,"comment_status":"open","ping_status":"open","sticky":false,"template":"","format":"gallery","meta":{"footnotes":""},"categories":[10898,10894,11004,11007,11008,10909,10896,11059],"tags":[10910,20065,11174],"class_list":{"0":"post-289396","1":"post","2":"type-post","3":"status-publish","4":"format-gallery","5":"has-post-thumbnail","7":"category-ventana-ca","8":"category-la-comarca-ca","9":"category-la-semana-en-imagenes-ca","10":"category-ocio-y-cultura-ca","11":"category-pueblos-en-fiestas-ca","12":"category-requena-utiel-ca","13":"category-seccion-ca","14":"category-utiel-ca","15":"tag-requena-utiel-ca","16":"tag-roscon-de-reyes-gigante-ca","17":"tag-utiel-ca","18":"post_format-post-format-gallery"},"_links":{"self":[{"href":"https:\/\/www.tucomarca.com\/wordpress\/segunda\/ca\/wp-json\/wp\/v2\/posts\/289396","targetHints":{"allow":["GET"]}}],"collection":[{"href":"https:\/\/www.tucomarca.com\/wordpress\/segunda\/ca\/wp-json\/wp\/v2\/posts"}],"about":[{"href":"https:\/\/www.tucomarca.com\/wordpress\/segunda\/ca\/wp-json\/wp\/v2\/types\/post"}],"author":[{"embeddable":true,"href":"https:\/\/www.tucomarca.com\/wordpress\/segunda\/ca\/wp-json\/wp\/v2\/users\/12"}],"replies":[{"embeddable":true,"href":"https:\/\/www.tucomarca.com\/wordpress\/segunda\/ca\/wp-json\/wp\/v2\/comments?post=289396"}],"version-history":[{"count":0,"href":"https:\/\/www.tucomarca.com\/wordpress\/segunda\/ca\/wp-json\/wp\/v2\/posts\/289396\/revisions"}],"wp:featuredmedia":[{"embeddable":true,"href":"https:\/\/www.tucomarca.com\/wordpress\/segunda\/ca\/wp-json\/wp\/v2\/media\/289392"}],"wp:attachment":[{"href":"https:\/\/www.tucomarca.com\/wordpress\/segunda\/ca\/wp-json\/wp\/v2\/media?parent=289396"}],"wp:term":[{"taxonomy":"category","embeddable":true,"href":"https:\/\/www.tucomarca.com\/wordpress\/segunda\/ca\/wp-json\/wp\/v2\/categories?post=289396"},{"taxonomy":"post_tag","embeddable":true,"href":"https:\/\/www.tucomarca.com\/wordpress\/segunda\/ca\/wp-json\/wp\/v2\/tags?post=289396"}],"curies":[{"name":"wp","href":"https:\/\/api.w.org\/{rel}","templated":true}]}}