{"id":289483,"date":"2026-01-06T10:00:00","date_gmt":"2026-01-06T09:00:00","guid":{"rendered":"https:\/\/www.tucomarca.com\/wordpress\/segunda\/?p=289483"},"modified":"2026-01-07T20:14:59","modified_gmt":"2026-01-07T19:14:59","slug":"empat-sense-gols-del-cd-bunyol-al-beltran-davant-el-fc-jove-espanol","status":"publish","type":"post","link":"https:\/\/www.tucomarca.com\/wordpress\/segunda\/ca\/empat-sense-gols-del-cd-bunyol-al-beltran-davant-el-fc-jove-espanol\/","title":{"rendered":"Empat sense gols del CD Bunyol al Beltr\u00e1n davant el FC Jove Espa\u00f1ol"},"content":{"rendered":"\n<h3 class=\"wp-block-heading\">A l&#8217;inici del partit el club va homenatjar amb un minut de silenci i dos rams de roses blanques al directiu Jos\u00e9 Miguel Perell\u00f3 \u201cDelice\u201d i a Delia Bullido, morts tots dos la passada semana.<\/h3>\n\n\n\n<p>El <strong>CD Bu\u00f1ol<\/strong> ha sumat un punt a l\u2019<strong>Estadi Beltr\u00e1n B\u00e1guena<\/strong> despr\u00e9s d\u2019empatar <strong>0-0 davant el FC Jove Espa\u00f1ol<\/strong> en un encontre marcat per la igualtat i la solidesa defensiva dels dos conjunts.<\/p>\n\n\n\n<p>Abans de l\u2019inici del partit, el club ha retut un emotiu homenatge amb un <strong>minut de silenci<\/strong> i el lliurament de <strong>dos rams de roses blanques<\/strong> en mem\u00f2ria del directiu <strong>Jos\u00e9 Miguel Perell\u00f3 \u201cDelice\u201d<\/strong> i de <strong>Delia Bullido<\/strong>, tots dos traspassats recentment. El gest ha comptat amb el respecte i l\u2019aplaudiment de l\u2019afici\u00f3 present a les grades.<\/p>\n\n\n\n<p>En l\u2019aspecte esportiu, el partit ha transcorregut amb alternatives per a ambd\u00f3s equips, per\u00f2 sense ocasions clares que s\u2019hagen tradu\u00eft en gols. El CD Bu\u00f1ol ha mostrat ordre i comprom\u00eds durant els noranta minuts, aconseguint mantindre la porteria a zero i sumar un empat davant un rival competitiu.<\/p>\n\n\n\n<p>Amb este resultat, el conjunt bu\u00f1olenc continua la seua traject\u00f2ria en la competici\u00f3, centrat ja en preparar el pr\u00f2xim comprom\u00eds de lliga.<\/p>\n\n\n\n<p><strong>Fotos: Jos\u00e9 L. Mont\u00f3n<\/strong><\/p>\n\n\n\n<figure class=\"wp-block-gallery has-nested-images columns-2 is-cropped wp-block-gallery-1 is-layout-flex wp-block-gallery-is-layout-flex\">\n<figure class=\"wp-block-image size-large\"><img loading=\"lazy\" decoding=\"async\" width=\"1024\" height=\"1024\" data-id=\"289472\" src=\"https:\/\/www.tucomarca.com\/wordpress\/segunda\/wp-content\/uploads\/2026\/01\/CDBunolHomenaje01-1024x1024.jpg\" alt=\"\" class=\"wp-image-289472\" srcset=\"https:\/\/www.tucomarca.com\/wordpress\/segunda\/wp-content\/uploads\/2026\/01\/CDBunolHomenaje01-1024x1024.jpg 1024w, https:\/\/www.tucomarca.com\/wordpress\/segunda\/wp-content\/uploads\/2026\/01\/CDBunolHomenaje01-300x300.jpg 300w, https:\/\/www.tucomarca.com\/wordpress\/segunda\/wp-content\/uploads\/2026\/01\/CDBunolHomenaje01-290x290.jpg 290w, https:\/\/www.tucomarca.com\/wordpress\/segunda\/wp-content\/uploads\/2026\/01\/CDBunolHomenaje01-768x768.jpg 768w, https:\/\/www.tucomarca.com\/wordpress\/segunda\/wp-content\/uploads\/2026\/01\/CDBunolHomenaje01.jpg 1440w\" sizes=\"auto, (max-width: 1024px) 100vw, 1024px\" \/><\/figure>\n\n\n\n<figure class=\"wp-block-image size-large\"><img loading=\"lazy\" decoding=\"async\" width=\"1024\" height=\"1024\" data-id=\"289476\" src=\"https:\/\/www.tucomarca.com\/wordpress\/segunda\/wp-content\/uploads\/2026\/01\/CDBunolHomenaje03-1024x1024.jpg\" alt=\"\" class=\"wp-image-289476\" srcset=\"https:\/\/www.tucomarca.com\/wordpress\/segunda\/wp-content\/uploads\/2026\/01\/CDBunolHomenaje03-1024x1024.jpg 1024w, https:\/\/www.tucomarca.com\/wordpress\/segunda\/wp-content\/uploads\/2026\/01\/CDBunolHomenaje03-300x300.jpg 300w, https:\/\/www.tucomarca.com\/wordpress\/segunda\/wp-content\/uploads\/2026\/01\/CDBunolHomenaje03-290x290.jpg 290w, https:\/\/www.tucomarca.com\/wordpress\/segunda\/wp-content\/uploads\/2026\/01\/CDBunolHomenaje03-768x768.jpg 768w, https:\/\/www.tucomarca.com\/wordpress\/segunda\/wp-content\/uploads\/2026\/01\/CDBunolHomenaje03.jpg 1440w\" sizes=\"auto, (max-width: 1024px) 100vw, 1024px\" \/><\/figure>\n\n\n\n<figure class=\"wp-block-image size-large\"><img loading=\"lazy\" decoding=\"async\" width=\"1024\" height=\"1024\" data-id=\"289478\" src=\"https:\/\/www.tucomarca.com\/wordpress\/segunda\/wp-content\/uploads\/2026\/01\/CDBunolHomenaje04-1024x1024.jpg\" alt=\"\" class=\"wp-image-289478\" srcset=\"https:\/\/www.tucomarca.com\/wordpress\/segunda\/wp-content\/uploads\/2026\/01\/CDBunolHomenaje04-1024x1024.jpg 1024w, https:\/\/www.tucomarca.com\/wordpress\/segunda\/wp-content\/uploads\/2026\/01\/CDBunolHomenaje04-300x300.jpg 300w, https:\/\/www.tucomarca.com\/wordpress\/segunda\/wp-content\/uploads\/2026\/01\/CDBunolHomenaje04-290x290.jpg 290w, https:\/\/www.tucomarca.com\/wordpress\/segunda\/wp-content\/uploads\/2026\/01\/CDBunolHomenaje04-768x768.jpg 768w, https:\/\/www.tucomarca.com\/wordpress\/segunda\/wp-content\/uploads\/2026\/01\/CDBunolHomenaje04.jpg 1440w\" sizes=\"auto, (max-width: 1024px) 100vw, 1024px\" \/><\/figure>\n\n\n\n<figure class=\"wp-block-image size-large\"><img loading=\"lazy\" decoding=\"async\" width=\"1024\" height=\"1024\" data-id=\"289480\" src=\"https:\/\/www.tucomarca.com\/wordpress\/segunda\/wp-content\/uploads\/2026\/01\/CDBunolHomenaje05-1024x1024.jpg\" alt=\"\" class=\"wp-image-289480\" srcset=\"https:\/\/www.tucomarca.com\/wordpress\/segunda\/wp-content\/uploads\/2026\/01\/CDBunolHomenaje05-1024x1024.jpg 1024w, https:\/\/www.tucomarca.com\/wordpress\/segunda\/wp-content\/uploads\/2026\/01\/CDBunolHomenaje05-300x300.jpg 300w, https:\/\/www.tucomarca.com\/wordpress\/segunda\/wp-content\/uploads\/2026\/01\/CDBunolHomenaje05-290x290.jpg 290w, https:\/\/www.tucomarca.com\/wordpress\/segunda\/wp-content\/uploads\/2026\/01\/CDBunolHomenaje05-768x768.jpg 768w, https:\/\/www.tucomarca.com\/wordpress\/segunda\/wp-content\/uploads\/2026\/01\/CDBunolHomenaje05.jpg 1440w\" sizes=\"auto, (max-width: 1024px) 100vw, 1024px\" \/><\/figure>\n\n\n\n<figure class=\"wp-block-image size-large\"><img loading=\"lazy\" decoding=\"async\" width=\"1024\" height=\"691\" data-id=\"289522\" src=\"https:\/\/www.tucomarca.com\/wordpress\/segunda\/wp-content\/uploads\/2026\/01\/CDBunolHomenaje06-1024x691.jpg\" alt=\"\" class=\"wp-image-289522\" srcset=\"https:\/\/www.tucomarca.com\/wordpress\/segunda\/wp-content\/uploads\/2026\/01\/CDBunolHomenaje06-1024x691.jpg 1024w, https:\/\/www.tucomarca.com\/wordpress\/segunda\/wp-content\/uploads\/2026\/01\/CDBunolHomenaje06-300x202.jpg 300w, https:\/\/www.tucomarca.com\/wordpress\/segunda\/wp-content\/uploads\/2026\/01\/CDBunolHomenaje06-768x518.jpg 768w, https:\/\/www.tucomarca.com\/wordpress\/segunda\/wp-content\/uploads\/2026\/01\/CDBunolHomenaje06.jpg 1181w\" sizes=\"auto, (max-width: 1024px) 100vw, 1024px\" \/><\/figure>\n\n\n\n<figure class=\"wp-block-image size-large\"><img loading=\"lazy\" decoding=\"async\" width=\"1024\" height=\"691\" data-id=\"289524\" src=\"https:\/\/www.tucomarca.com\/wordpress\/segunda\/wp-content\/uploads\/2026\/01\/CDBunolHomenaje07-1024x691.jpg\" alt=\"\" class=\"wp-image-289524\" srcset=\"https:\/\/www.tucomarca.com\/wordpress\/segunda\/wp-content\/uploads\/2026\/01\/CDBunolHomenaje07-1024x691.jpg 1024w, https:\/\/www.tucomarca.com\/wordpress\/segunda\/wp-content\/uploads\/2026\/01\/CDBunolHomenaje07-300x202.jpg 300w, https:\/\/www.tucomarca.com\/wordpress\/segunda\/wp-content\/uploads\/2026\/01\/CDBunolHomenaje07-768x518.jpg 768w, https:\/\/www.tucomarca.com\/wordpress\/segunda\/wp-content\/uploads\/2026\/01\/CDBunolHomenaje07.jpg 1181w\" sizes=\"auto, (max-width: 1024px) 100vw, 1024px\" \/><\/figure>\n<\/figure>\n","protected":false},"excerpt":{"rendered":"<div class=\"mh-excerpt\">A l&#8217;inici del partit el club va homenatjar amb un minut de silenci i dos rams de roses blanques al directiu Jos\u00e9 Miguel Perell\u00f3 \u201cDelice\u201d i a Delia Bullido, morts tots dos la passada semana. <a class=\"mh-excerpt-more\" href=\"https:\/\/www.tucomarca.com\/wordpress\/segunda\/ca\/empat-sense-gols-del-cd-bunyol-al-beltran-davant-el-fc-jove-espanol\/\" title=\"Empat sense gols del CD Bunyol al Beltr\u00e1n davant el FC Jove Espa\u00f1ol\">[+] <\/a><\/div>\n","protected":false},"author":12,"featured_media":289474,"comment_status":"open","ping_status":"open","sticky":false,"template":"","format":"gallery","meta":{"footnotes":""},"categories":[10911,11015,11003,10894,10912,10896],"tags":[10913,11126,10914],"class_list":{"0":"post-289483","1":"post","2":"type-post","3":"status-publish","4":"format-gallery","5":"has-post-thumbnail","7":"category-bunol-ca","8":"category-canal-futbol","9":"category-sports","10":"category-la-comarca-ca","11":"category-la-hoya-ca","12":"category-seccion-ca","13":"tag-bunol-ca","14":"tag-cd-bunol-ca","15":"tag-la-hoya-de-bunol-chiva-ca","16":"post_format-post-format-gallery"},"_links":{"self":[{"href":"https:\/\/www.tucomarca.com\/wordpress\/segunda\/ca\/wp-json\/wp\/v2\/posts\/289483","targetHints":{"allow":["GET"]}}],"collection":[{"href":"https:\/\/www.tucomarca.com\/wordpress\/segunda\/ca\/wp-json\/wp\/v2\/posts"}],"about":[{"href":"https:\/\/www.tucomarca.com\/wordpress\/segunda\/ca\/wp-json\/wp\/v2\/types\/post"}],"author":[{"embeddable":true,"href":"https:\/\/www.tucomarca.com\/wordpress\/segunda\/ca\/wp-json\/wp\/v2\/users\/12"}],"replies":[{"embeddable":true,"href":"https:\/\/www.tucomarca.com\/wordpress\/segunda\/ca\/wp-json\/wp\/v2\/comments?post=289483"}],"version-history":[{"count":0,"href":"https:\/\/www.tucomarca.com\/wordpress\/segunda\/ca\/wp-json\/wp\/v2\/posts\/289483\/revisions"}],"wp:featuredmedia":[{"embeddable":true,"href":"https:\/\/www.tucomarca.com\/wordpress\/segunda\/ca\/wp-json\/wp\/v2\/media\/289474"}],"wp:attachment":[{"href":"https:\/\/www.tucomarca.com\/wordpress\/segunda\/ca\/wp-json\/wp\/v2\/media?parent=289483"}],"wp:term":[{"taxonomy":"category","embeddable":true,"href":"https:\/\/www.tucomarca.com\/wordpress\/segunda\/ca\/wp-json\/wp\/v2\/categories?post=289483"},{"taxonomy":"post_tag","embeddable":true,"href":"https:\/\/www.tucomarca.com\/wordpress\/segunda\/ca\/wp-json\/wp\/v2\/tags?post=289483"}],"curies":[{"name":"wp","href":"https:\/\/api.w.org\/{rel}","templated":true}]}}