{"id":289584,"date":"2026-01-08T12:00:00","date_gmt":"2026-01-08T11:00:00","guid":{"rendered":"https:\/\/www.tucomarca.com\/wordpress\/segunda\/?p=289584"},"modified":"2026-03-12T00:26:16","modified_gmt":"2026-03-11T23:26:16","slug":"detenen-a-tres-serbis-pertanyents-a-una-organitzacio-criminal-per-cultivar-marihuana-a-naquera-i-serra","status":"publish","type":"post","link":"https:\/\/www.tucomarca.com\/wordpress\/segunda\/ca\/detenen-a-tres-serbis-pertanyents-a-una-organitzacio-criminal-per-cultivar-marihuana-a-naquera-i-serra\/","title":{"rendered":"Detenen a tres serbis pertanyents a una organitzaci\u00f3 criminal per cultivar marihuana a N\u00e0quera i Serra"},"content":{"rendered":"\n<h3 class=\"wp-block-heading\">Un accident de cotxe ocorregut el mes de maig va fer que els agents iniciaren una investigaci\u00f3.<\/h3>\n\n\n\n<h3 class=\"wp-block-heading\">Els autors pertanyien a una organitzaci\u00f3 criminal estructurada jer\u00e0rquicament.<\/h3>\n\n\n\n<p>La Gu\u00e0rdia Civil ha detingut a tres homes com a responsables de dues plantacions de marihuana situades en habitatges de N\u00e0quera i Serra. El passat 30 de maig de 2025, agents de la Policia Local de N\u00e0quera van acudir a un av\u00eds per un accident de cotxe en una urbanitzaci\u00f3 de la localitat. La llamante havia col\u00b7lidit amb un altre vehicle condu\u00eft per un home de nacionalitat s\u00e8rbia. Est, va assegurar que el responsable del cotxe era un amic que va acudir al lloc de l&#8217;accident i va afirmar ser el conductor habitual.&nbsp;<\/p>\n\n\n\n<p>A l&#8217;interior del cotxe es van trobar entre 12 i 15 garrafes d&#8217;aigua, aix\u00ed com restes de productes fertilitzants i fitosanitaris. A m\u00e9s, es percebia una forta olor de marihuana. Per aix\u00f2, la Policia Local de N\u00e0quera va posar els fets en coneixement de la Gu\u00e0rdia Civil.<\/p>\n\n\n\n<p>Uns dies abans, el cotxe accidentat va ser vist estacionat a la porta d&#8217;un habitatge de la mateixa urbanitzaci\u00f3 on va tindre lloc el sinistre. A m\u00e9s, el mes de febrer, un home, tamb\u00e9 de nacionalitat s\u00e8rbia, va ser identificat a la porta d&#8217;aquest habitatge. S&#8217;estaven cometent robatoris en habitatges per la zona i mostrava una actitud sospitosa. Quan va ser requerit pels agents, responia les preguntes de manera evasiva, assegurant que era un estudiant i vivia al costat de la seua parella en l&#8217;habitatge.&nbsp;<\/p>\n\n\n\n<p>Amb tota la informaci\u00f3 recaptada, els agents van comen\u00e7ar a realitzar vigil\u00e0ncies discretes en l&#8217;habitatge. Van detectar una forta olor caracter\u00edstica d&#8217;aquesta subst\u00e0ncia que procedia d&#8217;aquesta. A m\u00e9s, van observar que les finestres sempre estaven tapades amb un tendal. La tanca perimetral tamb\u00e9 estava coberta, dificultat la visibilitat de la parcel\u00b7la des de fora.<\/p>\n\n\n\n<p>Els autors es despla\u00e7aven recurrentment a un segon habitatge situat en la localitat de Serra, on tamb\u00e9 es percebia una forta olor de marihuana. Tant en aquesta com en l&#8217;habitatge de N\u00e0quera, es van detectar enganxaments il\u00b7l\u00edcits a la xarxa, fent que les sospites d&#8217;un cultiu in door foren cada vegada m\u00e9s evidents.<\/p>\n\n\n\n<p>Finalment, es va sol\u00b7licitar autoritzaci\u00f3 judicial i el passat 18 de desembre es va realitzar l&#8217;entrada i registre de tots dos habitatges.&nbsp;<\/p>\n\n\n\n<p>En total de van aprehendre 992 plantes de C\u00e0nnabis Sativa en estat de creixement i floraci\u00f3, 24 ventiladors, 15 tubs de ventilaci\u00f3 i extracci\u00f3, 35 llums LED, 8 equips d&#8217;aire condicionat, 3 llums de balast 3 extractors, 3 term\u00f2stats i 20 garrafes de fertilitzant.<\/p>\n\n\n\n<p>Per aquests fets han sigut detinguts tres homes de 28, 31 i 55 anys i nacionalitat s\u00e8rbia per delictes de tr\u00e0fic de drogues en modalitat de cultiu, pertinen\u00e7a a organitzaci\u00f3 criminal i defraudaci\u00f3 del fluid el\u00e8ctric. Dos d&#8217;ells han ingressat a la pres\u00f3.<\/p>\n\n\n\n<p>Tots dos habitatges estaven arrendats. No obstant aix\u00f2, la de N\u00e0quera havia sigut llogada amb documentaci\u00f3 falsa per a no al\u00e7ar sospites.&nbsp;<\/p>\n\n\n\n<p>Els detinguts pertanyien a una organitzaci\u00f3 criminal estructurada jer\u00e0rquicament. S&#8217;organitzen en dos escalons. En el primer s&#8217;integren els caps amb funcions de log\u00edstica, direcci\u00f3 i coordinaci\u00f3. En el segon estan els executors, encarregats de la vigil\u00e0ncia dels habitatges i el manteniment de les plantacions.&nbsp;<\/p>\n\n\n\n<p>La investigaci\u00f3 ha sigut duta a terme per agents del Lloc Principal de B\u00e9tera.\u00a0Les dilig\u00e8ncies van ser entregades en el Jutjat de Primera Inst\u00e0ncia i Instrucci\u00f3 n\u00famero 2 de Ll\u00edria.<\/p>\n\n\n\n<figure class=\"wp-block-image size-large\"><img loading=\"lazy\" decoding=\"async\" width=\"1024\" height=\"576\" src=\"https:\/\/www.tucomarca.com\/wordpress\/segunda\/wp-content\/uploads\/2026\/01\/SerraNaqueraDetenidosGC2-1024x576.jpg\" alt=\"\" class=\"wp-image-289576\" srcset=\"https:\/\/www.tucomarca.com\/wordpress\/segunda\/wp-content\/uploads\/2026\/01\/SerraNaqueraDetenidosGC2-1024x576.jpg 1024w, https:\/\/www.tucomarca.com\/wordpress\/segunda\/wp-content\/uploads\/2026\/01\/SerraNaqueraDetenidosGC2-300x169.jpg 300w, https:\/\/www.tucomarca.com\/wordpress\/segunda\/wp-content\/uploads\/2026\/01\/SerraNaqueraDetenidosGC2-768x432.jpg 768w, https:\/\/www.tucomarca.com\/wordpress\/segunda\/wp-content\/uploads\/2026\/01\/SerraNaqueraDetenidosGC2-1536x864.jpg 1536w, https:\/\/www.tucomarca.com\/wordpress\/segunda\/wp-content\/uploads\/2026\/01\/SerraNaqueraDetenidosGC2-678x381.jpg 678w, https:\/\/www.tucomarca.com\/wordpress\/segunda\/wp-content\/uploads\/2026\/01\/SerraNaqueraDetenidosGC2.jpg 1920w\" sizes=\"auto, (max-width: 1024px) 100vw, 1024px\" \/><\/figure>\n","protected":false},"excerpt":{"rendered":"<div class=\"mh-excerpt\">Un accident de cotxe ocorregut el mes de maig va fer que els agents iniciaren una investigaci\u00f3. Els autors pertanyien a una organitzaci\u00f3 criminal estructurada jer\u00e0rquicament. La Gu\u00e0rdia Civil ha detingut a tres homes com <a class=\"mh-excerpt-more\" href=\"https:\/\/www.tucomarca.com\/wordpress\/segunda\/ca\/detenen-a-tres-serbis-pertanyents-a-una-organitzacio-criminal-per-cultivar-marihuana-a-naquera-i-serra\/\" title=\"Detenen a tres serbis pertanyents a una organitzaci\u00f3 criminal per cultivar marihuana a N\u00e0quera i Serra\">[+] <\/a><\/div>\n","protected":false},"author":1,"featured_media":289575,"comment_status":"open","ping_status":"open","sticky":false,"template":"","format":"gallery","meta":{"footnotes":""},"categories":[10892,10898,10948,10894,10936,10896,10933,10897],"tags":[10899,12920,11118,11134,11429],"class_list":{"0":"post-289584","1":"post","2":"type-post","3":"status-publish","4":"format-gallery","5":"has-post-thumbnail","7":"category-camp-de-turia-ca","8":"category-ventana-ca","9":"category-infraestructuras-ca","10":"category-la-comarca-ca","11":"category-naquera-ca","12":"category-seccion-ca","13":"category-serra-ca","14":"category-sucesos-la-comarca-ca","15":"tag-camp-de-turia-ca","16":"tag-detenidos-ca","17":"tag-guardia-civil-ca","18":"tag-naquera-ca","19":"tag-serra-ca","20":"post_format-post-format-gallery"},"_links":{"self":[{"href":"https:\/\/www.tucomarca.com\/wordpress\/segunda\/ca\/wp-json\/wp\/v2\/posts\/289584","targetHints":{"allow":["GET"]}}],"collection":[{"href":"https:\/\/www.tucomarca.com\/wordpress\/segunda\/ca\/wp-json\/wp\/v2\/posts"}],"about":[{"href":"https:\/\/www.tucomarca.com\/wordpress\/segunda\/ca\/wp-json\/wp\/v2\/types\/post"}],"author":[{"embeddable":true,"href":"https:\/\/www.tucomarca.com\/wordpress\/segunda\/ca\/wp-json\/wp\/v2\/users\/1"}],"replies":[{"embeddable":true,"href":"https:\/\/www.tucomarca.com\/wordpress\/segunda\/ca\/wp-json\/wp\/v2\/comments?post=289584"}],"version-history":[{"count":0,"href":"https:\/\/www.tucomarca.com\/wordpress\/segunda\/ca\/wp-json\/wp\/v2\/posts\/289584\/revisions"}],"wp:featuredmedia":[{"embeddable":true,"href":"https:\/\/www.tucomarca.com\/wordpress\/segunda\/ca\/wp-json\/wp\/v2\/media\/289575"}],"wp:attachment":[{"href":"https:\/\/www.tucomarca.com\/wordpress\/segunda\/ca\/wp-json\/wp\/v2\/media?parent=289584"}],"wp:term":[{"taxonomy":"category","embeddable":true,"href":"https:\/\/www.tucomarca.com\/wordpress\/segunda\/ca\/wp-json\/wp\/v2\/categories?post=289584"},{"taxonomy":"post_tag","embeddable":true,"href":"https:\/\/www.tucomarca.com\/wordpress\/segunda\/ca\/wp-json\/wp\/v2\/tags?post=289584"}],"curies":[{"name":"wp","href":"https:\/\/api.w.org\/{rel}","templated":true}]}}