{"id":289588,"date":"2026-01-08T11:00:00","date_gmt":"2026-01-08T10:00:00","guid":{"rendered":"https:\/\/www.tucomarca.com\/wordpress\/segunda\/?p=289588"},"modified":"2026-01-08T12:49:52","modified_gmt":"2026-01-08T11:49:52","slug":"linterior-de-la-provincia-de-valencia-es-congela-mes-de-100-municipis-registren-temperatures-sota-zero","status":"publish","type":"post","link":"https:\/\/www.tucomarca.com\/wordpress\/segunda\/ca\/linterior-de-la-provincia-de-valencia-es-congela-mes-de-100-municipis-registren-temperatures-sota-zero\/","title":{"rendered":"L&#8217;interior de la prov\u00edncia de Val\u00e8ncia es congela: m\u00e9s de 100 municipis registren temperatures sota zero"},"content":{"rendered":"\n<p>L&#8217;interior de la prov\u00edncia de Val\u00e8ncia ha viscut una de les matinades m\u00e9s fredes de l&#8217;hivern, amb temperatures sota zero en fins a 180 municipis valencians, segons els registres de la xarxa meteorol\u00f2gica. L&#8217;episodi de fred intens ha sigut generalitzat i ha afectat de manera especial a les comarques d&#8217;interior, on el descens del mercuri ha sigut especialment acusat.<\/p>\n\n\n\n<p>La temperatura m\u00ednima m\u00e9s baixa s&#8217;ha registrat a Adem\u00fas, on els term\u00f2metres han aconseguit els set graus negatius, mentre que un centenar d&#8217;estacions meteorol\u00f2giques han comptabilitzat valors sota zero en municipis com Requena, amb -5,9 \u00b0C, o Aiora, amb registres pr\u00f2xims als -4,9 \u00b0C.<\/p>\n\n\n\n<figure class=\"wp-block-gallery has-nested-images columns-default is-cropped wp-block-gallery-1 is-layout-flex wp-block-gallery-is-layout-flex\">\n<figure class=\"wp-block-image size-large\"><img loading=\"lazy\" decoding=\"async\" width=\"1024\" height=\"691\" data-id=\"289586\" src=\"http:\/\/www.tucomarca.com\/wordpress\/segunda\/wp-content\/uploads\/2026\/01\/NieveCasasAltas-1024x691.jpg\" alt=\"\" class=\"wp-image-289586\" srcset=\"https:\/\/www.tucomarca.com\/wordpress\/segunda\/wp-content\/uploads\/2026\/01\/NieveCasasAltas-1024x691.jpg 1024w, https:\/\/www.tucomarca.com\/wordpress\/segunda\/wp-content\/uploads\/2026\/01\/NieveCasasAltas-300x202.jpg 300w, https:\/\/www.tucomarca.com\/wordpress\/segunda\/wp-content\/uploads\/2026\/01\/NieveCasasAltas-768x518.jpg 768w, https:\/\/www.tucomarca.com\/wordpress\/segunda\/wp-content\/uploads\/2026\/01\/NieveCasasAltas.jpg 1181w\" sizes=\"auto, (max-width: 1024px) 100vw, 1024px\" \/><\/figure>\n\n\n\n<figure class=\"wp-block-image size-large\"><img loading=\"lazy\" decoding=\"async\" width=\"1024\" height=\"691\" data-id=\"289578\" src=\"https:\/\/www.tucomarca.com\/wordpress\/segunda\/wp-content\/uploads\/2026\/01\/BomberosForestalesNieve-1024x691.jpg\" alt=\"\" class=\"wp-image-289578\" srcset=\"https:\/\/www.tucomarca.com\/wordpress\/segunda\/wp-content\/uploads\/2026\/01\/BomberosForestalesNieve-1024x691.jpg 1024w, https:\/\/www.tucomarca.com\/wordpress\/segunda\/wp-content\/uploads\/2026\/01\/BomberosForestalesNieve-300x202.jpg 300w, https:\/\/www.tucomarca.com\/wordpress\/segunda\/wp-content\/uploads\/2026\/01\/BomberosForestalesNieve-768x518.jpg 768w, https:\/\/www.tucomarca.com\/wordpress\/segunda\/wp-content\/uploads\/2026\/01\/BomberosForestalesNieve.jpg 1181w\" sizes=\"auto, (max-width: 1024px) 100vw, 1024px\" \/><\/figure>\n<\/figure>\n\n\n\n<p>Segons les dades facilitades per l&#8217;Associaci\u00f3 Valenciana de Meteorologia (AVAMET), les m\u00ednimes m\u00e9s destacades de la jornada s&#8217;han concentrat en localitats de l&#8217;interior i zones de major altitud. Entre els valors m\u00e9s baixos registrats es troben Vallanca (-7,9 \u00b0C), Castielfabib (-7,6 \u00b0C), Aiora (-6,5 \u00b0C), \u00c9nguera (-6 \u00b0C) i Requena (-5,9 \u00b0C), a m\u00e9s d&#8217;altres municipis de l&#8217;interior valenci\u00e0 que han comen\u00e7at el dia completament gelats.<\/p>\n\n\n\n<p>Aquest episodi de fred s&#8217;ha vist agreujat per l&#8217;alta humitat ambiental registrada a primeres hores del dia, la qual cosa ha provocat un acusat descens de la sensaci\u00f3 t\u00e8rmica, que en alguns punts ha arribat fins als -12,6 graus. Almenys sis municipis han registrat temperatures percebudes per davall dels -10 \u00b0C, incrementant la duresa de l&#8217;episodi hivernal.<\/p>\n\n\n\n<p>Les baixes temperatures han generat gelades generalitzades, afectant carreteres secund\u00e0ries, zones rurals i espais agr\u00edcoles de l&#8217;interior de la prov\u00edncia. Des dels serveis d&#8217;emerg\u00e8ncia i les administracions locals s&#8217;ha recomanat extremar la precauci\u00f3 en els despla\u00e7aments, especialment en les primeres hores del dia, i protegir cultius, instal\u00b7lacions i conduccions d&#8217;aigua davant el risc de congelaci\u00f3.<\/p>\n\n\n\n<p>El servei de Bombers Forestals de la Generalitat, aix\u00ed com el Consorci Provincial de Bombers de Val\u00e8ncia formen part del dispositiu desplegat conjuntament amb altres ag\u00e8ncies de seguretat i emerg\u00e8ncies, durant el temporal de neu i temperatures m\u00ednimes per a garantir la protecci\u00f3 de la poblaci\u00f3 i la viabilitat hivernal en les carreteres de la Comunitat Valenciana afectades per les nevades.<\/p>\n\n\n\n<p>La previsi\u00f3 meteorol\u00f2gica apunta al fet que l&#8217;ambient fred es mantindr\u00e0 durant els pr\u00f2xims dies, consolidant un episodi hivernal especialment intens a l&#8217;interior de la prov\u00edncia de Val\u00e8ncia.<\/p>\n","protected":false},"excerpt":{"rendered":"<div class=\"mh-excerpt\">L&#8217;interior de la prov\u00edncia de Val\u00e8ncia ha viscut una de les matinades m\u00e9s fredes de l&#8217;hivern, amb temperatures sota zero en fins a 180 municipis valencians, segons els registres de la xarxa meteorol\u00f2gica. L&#8217;episodi de <a class=\"mh-excerpt-more\" href=\"https:\/\/www.tucomarca.com\/wordpress\/segunda\/ca\/linterior-de-la-provincia-de-valencia-es-congela-mes-de-100-municipis-registren-temperatures-sota-zero\/\" title=\"L&#8217;interior de la prov\u00edncia de Val\u00e8ncia es congela: m\u00e9s de 100 municipis registren temperatures sota zero\">[+] <\/a><\/div>\n","protected":false},"author":12,"featured_media":289581,"comment_status":"open","ping_status":"open","sticky":false,"template":"","format":"gallery","meta":{"footnotes":""},"categories":[10890,10926,10954,10951,11044,10923,10925,11046,10898,10948,10894,10904,10903,10908,10909,10896,10897,11059,10962],"tags":[11097,11163,13402,11080,11099,10910],"class_list":{"0":"post-289588","1":"post","2":"type-post","3":"status-publish","4":"format-gallery","5":"has-post-thumbnail","7":"category-ademus","8":"category-ademus-ca","9":"category-ayora-ca","10":"category-ayora-cofrentes-ca","11":"category-alpuente-ca","12":"category-cases-altes","13":"category-castielfabib-ca","14":"category-los-serranos-ca","15":"category-ventana-ca","16":"category-infraestructuras-ca","17":"category-la-comarca-ca","18":"category-sin-categorizar-ca","19":"category-medio-ambiente-la-comarca-ca","20":"category-requena-ca","21":"category-requena-utiel-ca","22":"category-seccion-ca","23":"category-sucesos-la-comarca-ca","24":"category-utiel-ca","25":"category-vallanca-ca","26":"tag-ademuz-ca","27":"tag-ayora-ca","28":"tag-bajas-temperaturas-ca","29":"tag-los-serranos-ca","30":"tag-requena-ca","31":"tag-requena-utiel-ca","32":"post_format-post-format-gallery"},"_links":{"self":[{"href":"https:\/\/www.tucomarca.com\/wordpress\/segunda\/ca\/wp-json\/wp\/v2\/posts\/289588","targetHints":{"allow":["GET"]}}],"collection":[{"href":"https:\/\/www.tucomarca.com\/wordpress\/segunda\/ca\/wp-json\/wp\/v2\/posts"}],"about":[{"href":"https:\/\/www.tucomarca.com\/wordpress\/segunda\/ca\/wp-json\/wp\/v2\/types\/post"}],"author":[{"embeddable":true,"href":"https:\/\/www.tucomarca.com\/wordpress\/segunda\/ca\/wp-json\/wp\/v2\/users\/12"}],"replies":[{"embeddable":true,"href":"https:\/\/www.tucomarca.com\/wordpress\/segunda\/ca\/wp-json\/wp\/v2\/comments?post=289588"}],"version-history":[{"count":0,"href":"https:\/\/www.tucomarca.com\/wordpress\/segunda\/ca\/wp-json\/wp\/v2\/posts\/289588\/revisions"}],"wp:featuredmedia":[{"embeddable":true,"href":"https:\/\/www.tucomarca.com\/wordpress\/segunda\/ca\/wp-json\/wp\/v2\/media\/289581"}],"wp:attachment":[{"href":"https:\/\/www.tucomarca.com\/wordpress\/segunda\/ca\/wp-json\/wp\/v2\/media?parent=289588"}],"wp:term":[{"taxonomy":"category","embeddable":true,"href":"https:\/\/www.tucomarca.com\/wordpress\/segunda\/ca\/wp-json\/wp\/v2\/categories?post=289588"},{"taxonomy":"post_tag","embeddable":true,"href":"https:\/\/www.tucomarca.com\/wordpress\/segunda\/ca\/wp-json\/wp\/v2\/tags?post=289588"}],"curies":[{"name":"wp","href":"https:\/\/api.w.org\/{rel}","templated":true}]}}