{"id":289614,"date":"2026-01-08T10:50:00","date_gmt":"2026-01-08T09:50:00","guid":{"rendered":"https:\/\/www.tucomarca.com\/wordpress\/segunda\/?p=289614"},"modified":"2026-01-08T19:39:51","modified_gmt":"2026-01-08T18:39:51","slug":"la-diputacio-aprova-cinc-projectes-mes-del-pla-obert-en-la-fora-de-bunyol-amb-una-inversio-que-frega-el-milio-deuros","status":"publish","type":"post","link":"https:\/\/www.tucomarca.com\/wordpress\/segunda\/ca\/la-diputacio-aprova-cinc-projectes-mes-del-pla-obert-en-la-fora-de-bunyol-amb-una-inversio-que-frega-el-milio-deuros\/","title":{"rendered":"La Diputaci\u00f3 aprova cinc projectes m\u00e9s del Pla Obert en la Foia de Bunyol amb una inversi\u00f3 que frega el mili\u00f3 d&#8217;euros"},"content":{"rendered":"\n<h3 class=\"wp-block-heading\">Entre les actuacions aprovades destaca el recondicionament de la piscina municipal de Y\u00e1tova (509.523 euros) i la reurbanitzaci\u00f3 de dos carrers a Siete Aguas (197.476 euros).<\/h3>\n\n\n\n<h3 class=\"wp-block-heading\">A m\u00e9s, s&#8217;han validat quatre projectes en la Serrania (122.496 euros), tres en el Rinc\u00f3n de Ademuz (72.800 euros) i un a la Plana de Utiel-Requena (40.000 euros).<\/h3>\n\n\n\n<p>La Diputaci\u00f3 de Val\u00e8ncia ha aprovat cinc projectes m\u00e9s del Pla Obert a la comarca de la Hoya de Bu\u00f1ol per un valor de 977.889 euros. Destaquen les actuacions a Y\u00e1tova: el recondicionament de la piscina municipal (509.523 euros) i la compra de vivenda i solar al carrer Umbr\u00eda (56.250 euros).&nbsp;<\/p>\n\n\n\n<p>A m\u00e9s, a Siete Aguas s&#8217;invertir\u00e0 197.476 en la reurbanitzaci\u00f3 dels carrers Iglesia i Miguel Crespo; a Cheste es destinaran 162.772 euros a adequar els despatxos de l&#8217;edifici de la biblioteca municipal; i a Dos Aguas es realitzaran millores del cicle integral de l&#8217;aigua per valor de 51.868 euros.&nbsp;<\/p>\n\n\n\n<p>D&#8217;altra banda, s&#8217;han validat quatre projectes en la Serrania per valor de 122.496 euros. Concretament, s\u00f3n millores del cicle integral de l&#8217;aigua a Titaguas (36.824 euros) i la Yesa (35.549 euros); la rehabilitaci\u00f3 del front\u00f3 de Losilla en Aras dels Olmos (33.380 euros); i actuacions en la via ferrata de Pe\u00f1a Roya a Losa del Obispo (16.743 euros).<\/p>\n\n\n\n<p>Pel que fa al Rinc\u00f3n de Ademuz, s&#8217;han aprovat tres actuacions a Torrebaja que sumen una inversi\u00f3 de 72.800 euros: l&#8217;adquisici\u00f3 de butaques per al local de l&#8217;antic cinema (9.885 euros); la compra d&#8217;un equip de climatitzaci\u00f3 (10.715 euros) i la millora de la platja de la piscina municipal (52.200 euros).&nbsp;<\/p>\n\n\n\n<p>A m\u00e9s, s&#8217;ha donat el vistiplau a un projecte a la comarca de la plana de Utiel-Requena, es tracta d&#8217;una inversi\u00f3 de 40.000 euros per a la compra d&#8217;un vehicle el\u00e8ctric a Camporrobles.<\/p>\n\n\n\n<p><strong>Nou decret<\/strong><\/p>\n\n\n\n<p>En general, el nou decret del Pla Obert aprova 69 projectes corresponents a municipis i mancomunitats de 13 comarques, que ja poden iniciar els processos de licitaci\u00f3 i adjudicaci\u00f3 per a executar les actuacions en els terminis previstos. Seguint l&#8217;evoluci\u00f3 del programa, \u201cestem cada vegada m\u00e9s conven\u00e7uts que encertem en dissenyar un pla quadriennal que facilita la gesti\u00f3 municipal i que incrementa progressivament el ritme de presentaci\u00f3 de projectes\u201d, apunta la vicepresidenta primera i diputada de Cooperaci\u00f3 Municipal, Nat\u00e0lia Enguix.<\/p>\n\n\n\n<p>El nou decret eleva a 853 les actuacions aprovades des de la posada en marxa del Pla Obert, dins del principal programa inversor de la Diputaci\u00f3. Nat\u00e0lia Enguix subratlla que els municipis \u201ccompten amb plena llibertat per a continuar presentant les seues iniciatives en qualsevol moment, garantint una execuci\u00f3 flexible al llarg de tot el per\u00edode del pla\u201d. La vicepresidenta insistix que amb el Pla Obert \u201c\u00e9s la Diputaci\u00f3 la que s&#8217;adapta als pobles i no al rev\u00e9s: ac\u00ed manen els ajuntaments i nosaltres acompanyem amb agilitat, confian\u00e7a i recursos\u201d.<\/p>\n\n\n\n<p>Per part seua, el president de la instituci\u00f3 provincial, Vicent Momp\u00f3, considera que el Pla Obert \u201c\u00e9s molt m\u00e9s que un programa d&#8217;inversions\u201d. Al seu ju\u00ed, el pla \u201c\u00e9s una ferramenta d&#8217;acompanyament real, que ens permet escoltar els ajuntaments, eliminar traves administratives i posar a la seua disposici\u00f3 els recursos necessaris perqu\u00e8 puguen executar les seues prioritats amb autonomia i responsabilitat\u201d.<\/p>\n","protected":false},"excerpt":{"rendered":"<div class=\"mh-excerpt\">Entre les actuacions aprovades destaca el recondicionament de la piscina municipal de Y\u00e1tova (509.523 euros) i la reurbanitzaci\u00f3 de dos carrers a Siete Aguas (197.476 euros). A m\u00e9s, s&#8217;han validat quatre projectes en la Serrania <a class=\"mh-excerpt-more\" href=\"https:\/\/www.tucomarca.com\/wordpress\/segunda\/ca\/la-diputacio-aprova-cinc-projectes-mes-del-pla-obert-en-la-fora-de-bunyol-amb-una-inversio-que-frega-el-milio-deuros\/\" title=\"La Diputaci\u00f3 aprova cinc projectes m\u00e9s del Pla Obert en la Foia de Bunyol amb una inversi\u00f3 que frega el mili\u00f3 d&#8217;euros\">[+] <\/a><\/div>\n","protected":false},"author":12,"featured_media":248411,"comment_status":"open","ping_status":"open","sticky":false,"template":"","format":"standard","meta":{"footnotes":""},"categories":[10890,11042,11031,10976,11046,10898,10980,10948,10894,10904,10912,11023,11024,10947,10909,10896,11027,10961,10974],"tags":[11246,11413,10914,11080,19988,10910],"class_list":{"0":"post-289614","1":"post","2":"type-post","3":"status-publish","4":"format-standard","5":"has-post-thumbnail","7":"category-ademus","8":"category-aras-de-olmos-ca","9":"category-camporrobles-ca","10":"category-dos-aguas-ca","11":"category-los-serranos-ca","12":"category-ventana-ca","13":"category-yatova-ca","14":"category-infraestructuras-ca","15":"category-la-comarca-ca","16":"category-sin-categorizar-ca","17":"category-la-hoya-ca","18":"category-la-yesa-ca","19":"category-losa-del-obispo-ca","20":"category-politica","21":"category-requena-utiel-ca","22":"category-seccion-ca","23":"category-titaguas-ca","24":"category-torrebaja-ca","25":"category-cheste-ca","26":"tag-diputacio-de-valencia-ca","27":"tag-el-rincon-de-ademuz-ca","28":"tag-la-hoya-de-bunol-chiva-ca","29":"tag-los-serranos-ca","30":"tag-pla-obert-dinversions-ca","31":"tag-requena-utiel-ca"},"_links":{"self":[{"href":"https:\/\/www.tucomarca.com\/wordpress\/segunda\/ca\/wp-json\/wp\/v2\/posts\/289614","targetHints":{"allow":["GET"]}}],"collection":[{"href":"https:\/\/www.tucomarca.com\/wordpress\/segunda\/ca\/wp-json\/wp\/v2\/posts"}],"about":[{"href":"https:\/\/www.tucomarca.com\/wordpress\/segunda\/ca\/wp-json\/wp\/v2\/types\/post"}],"author":[{"embeddable":true,"href":"https:\/\/www.tucomarca.com\/wordpress\/segunda\/ca\/wp-json\/wp\/v2\/users\/12"}],"replies":[{"embeddable":true,"href":"https:\/\/www.tucomarca.com\/wordpress\/segunda\/ca\/wp-json\/wp\/v2\/comments?post=289614"}],"version-history":[{"count":0,"href":"https:\/\/www.tucomarca.com\/wordpress\/segunda\/ca\/wp-json\/wp\/v2\/posts\/289614\/revisions"}],"wp:featuredmedia":[{"embeddable":true,"href":"https:\/\/www.tucomarca.com\/wordpress\/segunda\/ca\/wp-json\/wp\/v2\/media\/248411"}],"wp:attachment":[{"href":"https:\/\/www.tucomarca.com\/wordpress\/segunda\/ca\/wp-json\/wp\/v2\/media?parent=289614"}],"wp:term":[{"taxonomy":"category","embeddable":true,"href":"https:\/\/www.tucomarca.com\/wordpress\/segunda\/ca\/wp-json\/wp\/v2\/categories?post=289614"},{"taxonomy":"post_tag","embeddable":true,"href":"https:\/\/www.tucomarca.com\/wordpress\/segunda\/ca\/wp-json\/wp\/v2\/tags?post=289614"}],"curies":[{"name":"wp","href":"https:\/\/api.w.org\/{rel}","templated":true}]}}