{"id":289621,"date":"2026-01-08T08:55:00","date_gmt":"2026-01-08T07:55:00","guid":{"rendered":"https:\/\/www.tucomarca.com\/wordpress\/segunda\/?p=289621"},"modified":"2026-01-08T20:10:46","modified_gmt":"2026-01-08T19:10:46","slug":"antella-aprova-el-seu-pla-general-amb-ajuda-de-la-diputacio-de-valencia","status":"publish","type":"post","link":"https:\/\/www.tucomarca.com\/wordpress\/segunda\/ca\/antella-aprova-el-seu-pla-general-amb-ajuda-de-la-diputacio-de-valencia\/","title":{"rendered":"Antella aprova el seu Pla General amb ajuda de la Diputaci\u00f3 de Val\u00e8ncia"},"content":{"rendered":"\n<h3 class=\"wp-block-heading\">El municipi de la Ribera Alta aconseguix l&#8217;aprovaci\u00f3 del Pla per la Comissi\u00f3 Territorial d&#8217;Urbanisme de la Generalitat Valenciana despr\u00e9s de 8 anys de tramitaci\u00f3.<\/h3>\n\n\n\n<h3 class=\"wp-block-heading\">Ricardo Gabald\u00f3n: \u201cUn ajuntament de xicoteta o mitjana grand\u00e0ria dif\u00edcilment pot superar el proc\u00e9s sense ajuda econ\u00f2mica i de recursos humans especialitzats com els de la Diputaci\u00f3\u201d.<\/h3>\n\n\n\n<p>La Diputaci\u00f3 de Val\u00e8ncia, a trav\u00e9s de Servici d&#8217;Assist\u00e8ncia T\u00e8cnica a Municipis, ha ajudat al municipi d&#8217;Antella en la redacci\u00f3 del seu Pla General Estructural, que ja ha quedat aprovat per la Comissi\u00f3 Territorial d&#8217;Urbanisme de la Generalitat Valenciana.<\/p>\n\n\n\n<p>Els treballs d&#8217;elaboraci\u00f3 d&#8217;un instrument de planejament urban\u00edstic com este, ha destacat el diputat d&#8217;Assist\u00e8ncia T\u00e8cnica, Ricardo Gabald\u00f3n, \u201creunixen la m\u00e0xima complexitat que un es puga imaginar en un contracte de servicis\u201d. \u201cLes xifres parlen per si mateixes: huit anys de tramitaci\u00f3, 53 informes sectorials atesos, sis fases ambientals consecutives de tramitaci\u00f3, dos sotmetiments a informaci\u00f3 p\u00fablica, tres administracions p\u00fabliques implicades de manera directa en la seua aprovaci\u00f3-tramitaci\u00f3, dos pr\u00f2rrogues tramitades de documents ambientals, una pr\u00f2rroga i dos suspensions acordades respecte del propi contracte\u201d, ha concretat.<\/p>\n\n\n\n<p>En la mateixa l\u00ednia, ha esgrimit, \u201cun ajuntament de xicotet o mitjana grand\u00e0ria, com el d&#8217;Antella, dif\u00edcilment pot superar esta carrera d&#8217;obstacles sense ajuda, no \u00fanicament econ\u00f2mica, sin\u00f3 de recursos humans especialitzats, com els que facilita la Secci\u00f3 de Planejament Urban\u00edstic del Servici d&#8217;Assist\u00e8ncia T\u00e8cnica a Municipis de la Diputaci\u00f3 de Val\u00e8ncia\u201d.<\/p>\n\n\n\n<p>Aix\u00ed, amb el Pla General Estructural d&#8217;Antella, queda establit el r\u00e8gim urban\u00edstic del seu terme municipal, que permetr\u00e0 desenvolupar i donar suport a les noves necessitats de la seua poblaci\u00f3, de manera compatible amb l&#8217;adequat respecte i protecci\u00f3 dels seus valors ambientals i patrimonials.<\/p>\n\n\n\n<p>A m\u00e9s, establix un model compacte d&#8217;implantaci\u00f3 del seu nucli urb\u00e0, acompanyat de dotacions p\u00fabliques de transici\u00f3 entre s\u00f2ls residencials i industrials, qualificant dos parcs urbans al costat de l\u2019Assut i al Nord de la poblaci\u00f3, reconvertint part del s\u00f2l industrial no desenvolupat en residencial per a oferir cobertura a la demanda de noves vivendes, i compatibilitzant no obstant aix\u00f2 la vivenda-taller en el sector industrial que es mant\u00e9 en el seu extrem Est.&nbsp;<\/p>\n\n\n\n<p>Igualment, la riquesa del patrimoni cultural i natural d&#8217;Antella s&#8217;arreplega en el nou Cat\u00e0leg de Proteccions, amb fitxes actualitzades a la normativa vigent que detallen el tipus de protecci\u00f3 i components de cada element protegit, la qual cosa dota de major transpar\u00e8ncia cap a la ciutadania i facilitat en la seua aplicaci\u00f3.&nbsp;<\/p>\n\n\n\n<p>Els autors del pla han sigut els arquitectes Emilio Segarra Sancho, Rafael Ib\u00e1\u00f1ez Robles, l&#8217;arquitecta Ana Isabel Escoms Mart\u00ednez, juntament amb l&#8217;arquitecte Jos\u00e9 Pardo Conejero com a autor este \u00faltim del cat\u00e0leg de proteccions culturals, dirigits i coordinats per la Secci\u00f3 de Planejament Urban\u00edstic del Servici d&#8217;Assist\u00e8ncia T\u00e8cnica a Municipis de la Diputaci\u00f3 de Val\u00e8ncia.<\/p>\n\n\n\n<p>Per a Gabald\u00f3n, \u201cesta exitosa assist\u00e8ncia t\u00e8cnica demostra la necessitat d&#8217;apostar decididament per la posada a la disposici\u00f3 dels ajuntaments de menor grand\u00e0ria, no sols de recursos econ\u00f2mics, sin\u00f3 de l&#8217;experi\u00e8ncia t\u00e8cnica especialitzada que proporciona el personal de la Diputaci\u00f3 de Val\u00e8ncia\u201d.<\/p>\n","protected":false},"excerpt":{"rendered":"<div class=\"mh-excerpt\">El municipi de la Ribera Alta aconseguix l&#8217;aprovaci\u00f3 del Pla per la Comissi\u00f3 Territorial d&#8217;Urbanisme de la Generalitat Valenciana despr\u00e9s de 8 anys de tramitaci\u00f3. Ricardo Gabald\u00f3n: \u201cUn ajuntament de xicoteta o mitjana grand\u00e0ria dif\u00edcilment <a class=\"mh-excerpt-more\" href=\"https:\/\/www.tucomarca.com\/wordpress\/segunda\/ca\/antella-aprova-el-seu-pla-general-amb-ajuda-de-la-diputacio-de-valencia\/\" title=\"Antella aprova el seu Pla General amb ajuda de la Diputaci\u00f3 de Val\u00e8ncia\">[+] <\/a><\/div>\n","protected":false},"author":12,"featured_media":289620,"comment_status":"open","ping_status":"open","sticky":false,"template":"","format":"standard","meta":{"footnotes":""},"categories":[10984,10898,10948,10894,10904,10902,10903,10947,10896],"tags":[15520,11246,20002,11356],"class_list":{"0":"post-289621","1":"post","2":"type-post","3":"status-publish","4":"format-standard","5":"has-post-thumbnail","7":"category-antella-ca","8":"category-ventana-ca","9":"category-infraestructuras-ca","10":"category-la-comarca-ca","11":"category-sin-categorizar-ca","12":"category-la-ribera-ca","13":"category-medio-ambiente-la-comarca-ca","14":"category-politica","15":"category-seccion-ca","16":"tag-antella-ca","17":"tag-diputacio-de-valencia-ca","18":"tag-plan-general-ca","19":"tag-ribera-alta-ca"},"_links":{"self":[{"href":"https:\/\/www.tucomarca.com\/wordpress\/segunda\/ca\/wp-json\/wp\/v2\/posts\/289621","targetHints":{"allow":["GET"]}}],"collection":[{"href":"https:\/\/www.tucomarca.com\/wordpress\/segunda\/ca\/wp-json\/wp\/v2\/posts"}],"about":[{"href":"https:\/\/www.tucomarca.com\/wordpress\/segunda\/ca\/wp-json\/wp\/v2\/types\/post"}],"author":[{"embeddable":true,"href":"https:\/\/www.tucomarca.com\/wordpress\/segunda\/ca\/wp-json\/wp\/v2\/users\/12"}],"replies":[{"embeddable":true,"href":"https:\/\/www.tucomarca.com\/wordpress\/segunda\/ca\/wp-json\/wp\/v2\/comments?post=289621"}],"version-history":[{"count":0,"href":"https:\/\/www.tucomarca.com\/wordpress\/segunda\/ca\/wp-json\/wp\/v2\/posts\/289621\/revisions"}],"wp:featuredmedia":[{"embeddable":true,"href":"https:\/\/www.tucomarca.com\/wordpress\/segunda\/ca\/wp-json\/wp\/v2\/media\/289620"}],"wp:attachment":[{"href":"https:\/\/www.tucomarca.com\/wordpress\/segunda\/ca\/wp-json\/wp\/v2\/media?parent=289621"}],"wp:term":[{"taxonomy":"category","embeddable":true,"href":"https:\/\/www.tucomarca.com\/wordpress\/segunda\/ca\/wp-json\/wp\/v2\/categories?post=289621"},{"taxonomy":"post_tag","embeddable":true,"href":"https:\/\/www.tucomarca.com\/wordpress\/segunda\/ca\/wp-json\/wp\/v2\/tags?post=289621"}],"curies":[{"name":"wp","href":"https:\/\/api.w.org\/{rel}","templated":true}]}}