{"id":289668,"date":"2026-01-08T10:55:00","date_gmt":"2026-01-08T09:55:00","guid":{"rendered":"https:\/\/www.tucomarca.com\/wordpress\/segunda\/?p=289668"},"modified":"2026-01-08T20:53:02","modified_gmt":"2026-01-08T19:53:02","slug":"la-generalitat-promou-la-declaracio-del-bosc-de-ribera-dalgemesi-com-a-paratge-natural-municipal","status":"publish","type":"post","link":"https:\/\/www.tucomarca.com\/wordpress\/segunda\/ca\/la-generalitat-promou-la-declaracio-del-bosc-de-ribera-dalgemesi-com-a-paratge-natural-municipal\/","title":{"rendered":"La Generalitat promou la declaraci\u00f3 del Bosc de Ribera d\u2019Algemes\u00ed com a paratge natural municipal"},"content":{"rendered":"\n<h3 class=\"wp-block-heading\">Mart\u00ednez Mus assenyala que la Generalitat \u201crefor\u00e7a el seu comprom\u00eds amb la protecci\u00f3 del paisatge com a eix central de la planificaci\u00f3 territorial\u201d.<\/h3>\n\n\n\n<h3 class=\"wp-block-heading\">Els boscos de ribera funcionen com a\u00a0\u201cesponges\u201d naturals que laminen les crescudes, disminuint la velocitat i la for\u00e7a de l\u2019aigua.<\/h3>\n\n\n\n<p>El vicepresident tercer i conseller de Medi Ambient, Infraestructures, Territori i de la Recuperaci\u00f3, Vicente Mart\u00ednez Mus, ha anunciat la imminent declaraci\u00f3 del Bosc de Ribera d\u2019Algemes\u00ed com a paratge natural municipal despr\u00e9s d\u2019anys de tramitaci\u00f3, \u201cuna mesura amb la qual la Generalitat refor\u00e7a el seu comprom\u00eds amb la protecci\u00f3 del paisatge com a eix central de la planificaci\u00f3 territorial\u201d.<\/p>\n\n\n\n<p>Mart\u00ednez Mus ha visitat l\u2019Ajuntament d\u2019Algemes\u00ed, a on s\u2019ha reunit amb l\u2019alcalde, Jos\u00e9 Javier Sanchis, amb motiu de la presentaci\u00f3 d\u2019esta declaraci\u00f3 com a paratge natural municipal, que ser\u00e0 elevada en les pr\u00f2ximes setmanes per a la seua aprovaci\u00f3 pel Consell. En la trobada tamb\u00e9 han participat la secret\u00e0ria auton\u00f2mica de Medi Ambient, Sabina Goretti Galindo, i el director general de Medi Natural i Animal, Luis Gomis.<\/p>\n\n\n\n<figure class=\"wp-block-gallery has-nested-images columns-default is-cropped wp-block-gallery-1 is-layout-flex wp-block-gallery-is-layout-flex\">\n<figure class=\"wp-block-image size-large\"><img loading=\"lazy\" decoding=\"async\" width=\"1024\" height=\"691\" data-id=\"289663\" src=\"https:\/\/www.tucomarca.com\/wordpress\/segunda\/wp-content\/uploads\/2026\/01\/BosqueRiberaAlgemesi_2-1024x691.jpg\" alt=\"\" class=\"wp-image-289663\" srcset=\"https:\/\/www.tucomarca.com\/wordpress\/segunda\/wp-content\/uploads\/2026\/01\/BosqueRiberaAlgemesi_2-1024x691.jpg 1024w, https:\/\/www.tucomarca.com\/wordpress\/segunda\/wp-content\/uploads\/2026\/01\/BosqueRiberaAlgemesi_2-300x202.jpg 300w, https:\/\/www.tucomarca.com\/wordpress\/segunda\/wp-content\/uploads\/2026\/01\/BosqueRiberaAlgemesi_2-768x518.jpg 768w, https:\/\/www.tucomarca.com\/wordpress\/segunda\/wp-content\/uploads\/2026\/01\/BosqueRiberaAlgemesi_2.jpg 1181w\" sizes=\"auto, (max-width: 1024px) 100vw, 1024px\" \/><\/figure>\n\n\n\n<figure class=\"wp-block-image size-large\"><img loading=\"lazy\" decoding=\"async\" width=\"1024\" height=\"691\" data-id=\"289665\" src=\"https:\/\/www.tucomarca.com\/wordpress\/segunda\/wp-content\/uploads\/2026\/01\/BosqueRiberaAlgemesi_3-1024x691.jpg\" alt=\"\" class=\"wp-image-289665\" srcset=\"https:\/\/www.tucomarca.com\/wordpress\/segunda\/wp-content\/uploads\/2026\/01\/BosqueRiberaAlgemesi_3-1024x691.jpg 1024w, https:\/\/www.tucomarca.com\/wordpress\/segunda\/wp-content\/uploads\/2026\/01\/BosqueRiberaAlgemesi_3-300x202.jpg 300w, https:\/\/www.tucomarca.com\/wordpress\/segunda\/wp-content\/uploads\/2026\/01\/BosqueRiberaAlgemesi_3-768x518.jpg 768w, https:\/\/www.tucomarca.com\/wordpress\/segunda\/wp-content\/uploads\/2026\/01\/BosqueRiberaAlgemesi_3.jpg 1181w\" sizes=\"auto, (max-width: 1024px) 100vw, 1024px\" \/><\/figure>\n<\/figure>\n\n\n\n<p>Durant la seua visita al futur paratge natural municipal, el vicepresident ha assenyalat que esta iniciativa \u201ct\u00e9 l\u2019objectiu de protegir espais naturals d\u2019alt valor ecol\u00f2gic i impulsar un model de conservaci\u00f3 compatible amb el coneixement, la participaci\u00f3 ciutadana i l\u2019\u00fas p\u00fablic responsable del territori\u201d.<\/p>\n\n\n\n<p>Aix\u00ed mateix, Mart\u00ednez Mus ha subratllat que esta declaraci\u00f3 permetr\u00e0 refor\u00e7ar els valors paisatg\u00edstics \u201ccom a criteri determinant\u201d en l\u2019ordenaci\u00f3 de l\u2019espai, condicionant la ubicaci\u00f3 d\u2019infraestructures, equipaments i usos per a garantir la preservaci\u00f3 de la qualitat visual, ambiental i ecol\u00f2gica de l\u2019entorn.<\/p>\n\n\n\n<p>El Bosc de Ribera d\u2019Algemes\u00ed es consolida aix\u00ed com un enclavament natural de refer\u00e8ncia en la Comunitat Valenciana, ja que conserva un dels escassos exemples de bosc de ribera existents, fruit del desviament de la desembocadura del riu Magre cap al riu X\u00faquer. A m\u00e9s, per la seua ubicaci\u00f3, accessibilitat i inter\u00e9s paisatg\u00edstic, oferix condicions id\u00f2nies per al desenrotllament de l\u2019educaci\u00f3 ambiental, la investigaci\u00f3 cient\u00edfica i un turisme rural plenament compatible amb la conservaci\u00f3 del patrimoni natural.<\/p>\n\n\n\n<p>Mart\u00ednez Mus ha destacat que la preservaci\u00f3 de l\u2019estat natural de les riberes del X\u00faquer i el Magre, i en particular d\u2019este enclavament, \u201cresulta fonamental per a l\u2019equilibri ecol\u00f2gic i per a la seguretat territorial\u201d, ja que la seua vegetaci\u00f3 actua com una infraestructura verda que estabilitza les riberes, redu\u00efx l\u2019erosi\u00f3 i filtra l\u2019aigua, la qual cosa millora la seua qualitat.<\/p>\n\n\n\n<p>A m\u00e9s, ha assenyalat que els boscos de ribera funcionen com a \u201cesponges\u201d naturals que laminen les crescudes, disminuint la velocitat i la for\u00e7a de l\u2019aigua i protegint Algemes\u00ed i altres poblacions pr\u00f2ximes. De fet, este entorn va ser afectat durant les riuades de 2024 i ha aconseguit recuperar-se en paral\u00b7lel a infraestructures del municipi com a passarel\u00b7les o la carretera CV-42, tal com ha recordat Mart\u00ednez Mus.<\/p>\n\n\n\n<p><strong>Tramitaci\u00f3 del decret<\/strong><\/p>\n\n\n\n<p>D\u2019altra banda, el vicepresident ha recordat que la tramitaci\u00f3 del decret es va iniciar a sol\u00b7licitud de l\u2019Ajuntament d\u2019Algemes\u00ed en desembre de 2016 i ha seguit \u00edntegrament el procediment establit en la normativa auton\u00f2mica, incorporant els informes preceptius de l\u2019Advocacia General de la Generalitat i del Consell Jur\u00eddic Consultiu. Despr\u00e9s de l\u2019emissi\u00f3 del dictamen d\u2019este \u00faltim en novembre de 2025 i la incorporaci\u00f3 de totes les seues indicacions, el projecte normatiu compta ja amb text definitiu per a la seua elevaci\u00f3 i aprovaci\u00f3 pel Consell.<\/p>\n\n\n\n<p>Quant a la gesti\u00f3 del futur paratge natural municipal, l\u2019Ajuntament d\u2019Algemes\u00ed tindr\u00e0 en compte, en l\u2019autoritzaci\u00f3 o informe de projectes dins del parc, els efectes de cada intervenci\u00f3 sobre els valors paisatg\u00edstics, refor\u00e7ant la corresponsabilitat institucional en la seua conservaci\u00f3. En esta l\u00ednia, els tancaments d\u2019\u00fas p\u00fablic seran senzills i visualment permeables, especialment en els punts amb vista panor\u00e0mics, garantint la continu\u00eftat visual del paisatge.<\/p>\n\n\n\n<p>De la mateixa manera, els camins rurals i les infraestructures que, de manera excepcional, es puguen autoritzar hauran d\u2019executar-se amb criteris de m\u00e0xima integraci\u00f3 paisatg\u00edstica i m\u00ednim impacte ambiental, respectant la topografia i el car\u00e0cter natural de l\u2019espai.<\/p>\n\n\n\n<p>Finalment, Mart\u00ednez Mus ha assenyalat que estos criteris \u201creforcen un model de gesti\u00f3 que protegix el paisatge com a patrimoni col\u00b7lectiu, i que compatibilitza la conservaci\u00f3 del paratge natural municipal amb el gaudi ciutad\u00e0, l\u2019educaci\u00f3 ambiental i el desenrotllament sostenible del territori\u201d.<\/p>\n","protected":false},"excerpt":{"rendered":"<div class=\"mh-excerpt\">Mart\u00ednez Mus assenyala que la Generalitat \u201crefor\u00e7a el seu comprom\u00eds amb la protecci\u00f3 del paisatge com a eix central de la planificaci\u00f3 territorial\u201d. Els boscos de ribera funcionen com a\u00a0\u201cesponges\u201d naturals que laminen les crescudes, <a class=\"mh-excerpt-more\" href=\"https:\/\/www.tucomarca.com\/wordpress\/segunda\/ca\/la-generalitat-promou-la-declaracio-del-bosc-de-ribera-dalgemesi-com-a-paratge-natural-municipal\/\" title=\"La Generalitat promou la declaraci\u00f3 del Bosc de Ribera d\u2019Algemes\u00ed com a paratge natural municipal\">[+] <\/a><\/div>\n","protected":false},"author":12,"featured_media":289662,"comment_status":"open","ping_status":"open","sticky":false,"template":"","format":"gallery","meta":{"footnotes":""},"categories":[10983,21466,10898,10948,10894,10904,10902,10903,10947,10896,10897],"tags":[11081,23659,11498,23660,11356,21856],"class_list":{"0":"post-289668","1":"post","2":"type-post","3":"status-publish","4":"format-gallery","5":"has-post-thumbnail","7":"category-algemesi-ca","8":"category-dana-ca","9":"category-ventana-ca","10":"category-infraestructuras-ca","11":"category-la-comarca-ca","12":"category-sin-categorizar-ca","13":"category-la-ribera-ca","14":"category-medio-ambiente-la-comarca-ca","15":"category-politica","16":"category-seccion-ca","17":"category-sucesos-la-comarca-ca","18":"tag-algemesi-ca","19":"tag-bosc-de-ribera-dalgemesi-ca","20":"tag-generalitat-valenciana-ca","21":"tag-paraje-natural-municipal-ca","22":"tag-ribera-alta-ca","23":"tag-vicente-martinez-mus","24":"post_format-post-format-gallery"},"_links":{"self":[{"href":"https:\/\/www.tucomarca.com\/wordpress\/segunda\/ca\/wp-json\/wp\/v2\/posts\/289668","targetHints":{"allow":["GET"]}}],"collection":[{"href":"https:\/\/www.tucomarca.com\/wordpress\/segunda\/ca\/wp-json\/wp\/v2\/posts"}],"about":[{"href":"https:\/\/www.tucomarca.com\/wordpress\/segunda\/ca\/wp-json\/wp\/v2\/types\/post"}],"author":[{"embeddable":true,"href":"https:\/\/www.tucomarca.com\/wordpress\/segunda\/ca\/wp-json\/wp\/v2\/users\/12"}],"replies":[{"embeddable":true,"href":"https:\/\/www.tucomarca.com\/wordpress\/segunda\/ca\/wp-json\/wp\/v2\/comments?post=289668"}],"version-history":[{"count":0,"href":"https:\/\/www.tucomarca.com\/wordpress\/segunda\/ca\/wp-json\/wp\/v2\/posts\/289668\/revisions"}],"wp:featuredmedia":[{"embeddable":true,"href":"https:\/\/www.tucomarca.com\/wordpress\/segunda\/ca\/wp-json\/wp\/v2\/media\/289662"}],"wp:attachment":[{"href":"https:\/\/www.tucomarca.com\/wordpress\/segunda\/ca\/wp-json\/wp\/v2\/media?parent=289668"}],"wp:term":[{"taxonomy":"category","embeddable":true,"href":"https:\/\/www.tucomarca.com\/wordpress\/segunda\/ca\/wp-json\/wp\/v2\/categories?post=289668"},{"taxonomy":"post_tag","embeddable":true,"href":"https:\/\/www.tucomarca.com\/wordpress\/segunda\/ca\/wp-json\/wp\/v2\/tags?post=289668"}],"curies":[{"name":"wp","href":"https:\/\/api.w.org\/{rel}","templated":true}]}}