{"id":289693,"date":"2026-01-08T09:30:00","date_gmt":"2026-01-08T08:30:00","guid":{"rendered":"https:\/\/www.tucomarca.com\/wordpress\/segunda\/?p=289693"},"modified":"2026-01-08T21:08:41","modified_gmt":"2026-01-08T20:08:41","slug":"fotogaleria-la-cavalcada-de-reis-de-siete-aguas-se-celebra-amb-normalitat-malgrat-lamenaca-de-pluja-i-neu","status":"publish","type":"post","link":"https:\/\/www.tucomarca.com\/wordpress\/segunda\/ca\/fotogaleria-la-cavalcada-de-reis-de-siete-aguas-se-celebra-amb-normalitat-malgrat-lamenaca-de-pluja-i-neu\/","title":{"rendered":"Fotogaleria: la Cavalcada de Reis de Siete Aguas se celebra amb normalitat malgrat l\u2019amena\u00e7a de pluja i neu"},"content":{"rendered":"\n<p>Siete Aguas ha pogut celebrar la seua tradicional Cavalcada de Reis amb total normalitat malgrat l\u2019amena\u00e7a de pluja i neu prevista per a la jornada, fent gaudir i omplint d\u2019il\u00b7lusi\u00f3 les xiquetes i els xiquets del municipi.<\/p>\n\n\n\n<p>La cita ha mantingut la ess\u00e8ncia i la tradici\u00f3 que caracteritzen esta celebraci\u00f3 tan esperada, incorporant a m\u00e9s com a novetat un espectacle de danses i foc, que ha sorpr\u00e9s el p\u00fablic assistent i ha afegit un component visual i festiu al recorregut.<\/p>\n\n\n\n<p>Melcior, Gaspar i Baltasar, acompanyats pels seus patges, han recorregut els carrers de Siete Aguas repartint alegria i salutacions als m\u00e9s menuts, que han viscut amb entusiasme l\u2019arribada de Ses Majestats.<\/p>\n\n\n\n<p>Des de l\u2019organitzaci\u00f3 s\u2019ha volgut agrair de manera especial la col\u00b7laboraci\u00f3 de totes les persones volunt\u00e0ries que han donat vida i representaci\u00f3 als Patges Reials i als Reis Mags, aix\u00ed com la imprescindible tasca de la Brigada Municipal, la Policia Local i de totes aquelles persones que, encara que no sempre visibles, treballen cada any perqu\u00e8 la Cavalcada de Reis siga una realitat.<\/p>\n\n\n\n<p>La celebraci\u00f3 s\u2019ha tornat a consolidar com un dels actes m\u00e9s entranyables del calendari festiu de Siete Aguas, reafirmant el comprom\u00eds del municipi amb les seues tradicions i amb la il\u00b7lusi\u00f3 dels m\u00e9s menuts.<\/p>\n\n\n\n<figure class=\"wp-block-gallery has-nested-images columns-2 is-cropped wp-block-gallery-1 is-layout-flex wp-block-gallery-is-layout-flex\">\n<figure class=\"wp-block-image size-large\"><img loading=\"lazy\" decoding=\"async\" width=\"1024\" height=\"1024\" data-id=\"289683\" src=\"https:\/\/www.tucomarca.com\/wordpress\/segunda\/wp-content\/uploads\/2026\/01\/SieteAguasReyes01-1024x1024.jpg\" alt=\"\" class=\"wp-image-289683\" srcset=\"https:\/\/www.tucomarca.com\/wordpress\/segunda\/wp-content\/uploads\/2026\/01\/SieteAguasReyes01-1024x1024.jpg 1024w, https:\/\/www.tucomarca.com\/wordpress\/segunda\/wp-content\/uploads\/2026\/01\/SieteAguasReyes01-300x300.jpg 300w, https:\/\/www.tucomarca.com\/wordpress\/segunda\/wp-content\/uploads\/2026\/01\/SieteAguasReyes01-290x290.jpg 290w, https:\/\/www.tucomarca.com\/wordpress\/segunda\/wp-content\/uploads\/2026\/01\/SieteAguasReyes01-768x768.jpg 768w, https:\/\/www.tucomarca.com\/wordpress\/segunda\/wp-content\/uploads\/2026\/01\/SieteAguasReyes01.jpg 1536w\" sizes=\"auto, (max-width: 1024px) 100vw, 1024px\" \/><\/figure>\n\n\n\n<figure class=\"wp-block-image size-large\"><img loading=\"lazy\" decoding=\"async\" width=\"1024\" height=\"1024\" data-id=\"289685\" src=\"https:\/\/www.tucomarca.com\/wordpress\/segunda\/wp-content\/uploads\/2026\/01\/SieteAguasReyes02-1024x1024.jpg\" alt=\"\" class=\"wp-image-289685\" srcset=\"https:\/\/www.tucomarca.com\/wordpress\/segunda\/wp-content\/uploads\/2026\/01\/SieteAguasReyes02-1024x1024.jpg 1024w, https:\/\/www.tucomarca.com\/wordpress\/segunda\/wp-content\/uploads\/2026\/01\/SieteAguasReyes02-300x300.jpg 300w, https:\/\/www.tucomarca.com\/wordpress\/segunda\/wp-content\/uploads\/2026\/01\/SieteAguasReyes02-290x290.jpg 290w, https:\/\/www.tucomarca.com\/wordpress\/segunda\/wp-content\/uploads\/2026\/01\/SieteAguasReyes02-768x768.jpg 768w, https:\/\/www.tucomarca.com\/wordpress\/segunda\/wp-content\/uploads\/2026\/01\/SieteAguasReyes02.jpg 1536w\" sizes=\"auto, (max-width: 1024px) 100vw, 1024px\" \/><\/figure>\n\n\n\n<figure class=\"wp-block-image size-large\"><img loading=\"lazy\" decoding=\"async\" width=\"900\" height=\"900\" data-id=\"289679\" src=\"https:\/\/www.tucomarca.com\/wordpress\/segunda\/wp-content\/uploads\/2026\/01\/SieteAguasReyes03.jpg\" alt=\"\" class=\"wp-image-289679\" srcset=\"https:\/\/www.tucomarca.com\/wordpress\/segunda\/wp-content\/uploads\/2026\/01\/SieteAguasReyes03.jpg 900w, https:\/\/www.tucomarca.com\/wordpress\/segunda\/wp-content\/uploads\/2026\/01\/SieteAguasReyes03-300x300.jpg 300w, https:\/\/www.tucomarca.com\/wordpress\/segunda\/wp-content\/uploads\/2026\/01\/SieteAguasReyes03-290x290.jpg 290w, https:\/\/www.tucomarca.com\/wordpress\/segunda\/wp-content\/uploads\/2026\/01\/SieteAguasReyes03-768x768.jpg 768w\" sizes=\"auto, (max-width: 900px) 100vw, 900px\" \/><\/figure>\n\n\n\n<figure class=\"wp-block-image size-large\"><img loading=\"lazy\" decoding=\"async\" width=\"900\" height=\"900\" data-id=\"289677\" src=\"https:\/\/www.tucomarca.com\/wordpress\/segunda\/wp-content\/uploads\/2026\/01\/SieteAguasReyes04.jpg\" alt=\"\" class=\"wp-image-289677\" srcset=\"https:\/\/www.tucomarca.com\/wordpress\/segunda\/wp-content\/uploads\/2026\/01\/SieteAguasReyes04.jpg 900w, https:\/\/www.tucomarca.com\/wordpress\/segunda\/wp-content\/uploads\/2026\/01\/SieteAguasReyes04-300x300.jpg 300w, https:\/\/www.tucomarca.com\/wordpress\/segunda\/wp-content\/uploads\/2026\/01\/SieteAguasReyes04-290x290.jpg 290w, https:\/\/www.tucomarca.com\/wordpress\/segunda\/wp-content\/uploads\/2026\/01\/SieteAguasReyes04-768x768.jpg 768w\" sizes=\"auto, (max-width: 900px) 100vw, 900px\" \/><\/figure>\n<\/figure>\n","protected":false},"excerpt":{"rendered":"<div class=\"mh-excerpt\">Siete Aguas ha pogut celebrar la seua tradicional Cavalcada de Reis amb total normalitat malgrat l\u2019amena\u00e7a de pluja i neu prevista per a la jornada, fent gaudir i omplint d\u2019il\u00b7lusi\u00f3 les xiquetes i els xiquets <a class=\"mh-excerpt-more\" href=\"https:\/\/www.tucomarca.com\/wordpress\/segunda\/ca\/fotogaleria-la-cavalcada-de-reis-de-siete-aguas-se-celebra-amb-normalitat-malgrat-lamenaca-de-pluja-i-neu\/\" title=\"Fotogaleria: la Cavalcada de Reis de Siete Aguas se celebra amb normalitat malgrat l\u2019amena\u00e7a de pluja i neu\">[+] <\/a><\/div>\n","protected":false},"author":12,"featured_media":289691,"comment_status":"open","ping_status":"open","sticky":false,"template":"","format":"gallery","meta":{"footnotes":""},"categories":[10894,10912,11004,11007,11008,10896,10979],"tags":[10914,13351,11157],"class_list":{"0":"post-289693","1":"post","2":"type-post","3":"status-publish","4":"format-gallery","5":"has-post-thumbnail","7":"category-la-comarca-ca","8":"category-la-hoya-ca","9":"category-la-semana-en-imagenes-ca","10":"category-ocio-y-cultura-ca","11":"category-pueblos-en-fiestas-ca","12":"category-seccion-ca","13":"category-siete-aguas-ca","14":"tag-la-hoya-de-bunol-chiva-ca","15":"tag-reyes-magos-ca","16":"tag-siete-aguas-ca","17":"post_format-post-format-gallery"},"_links":{"self":[{"href":"https:\/\/www.tucomarca.com\/wordpress\/segunda\/ca\/wp-json\/wp\/v2\/posts\/289693","targetHints":{"allow":["GET"]}}],"collection":[{"href":"https:\/\/www.tucomarca.com\/wordpress\/segunda\/ca\/wp-json\/wp\/v2\/posts"}],"about":[{"href":"https:\/\/www.tucomarca.com\/wordpress\/segunda\/ca\/wp-json\/wp\/v2\/types\/post"}],"author":[{"embeddable":true,"href":"https:\/\/www.tucomarca.com\/wordpress\/segunda\/ca\/wp-json\/wp\/v2\/users\/12"}],"replies":[{"embeddable":true,"href":"https:\/\/www.tucomarca.com\/wordpress\/segunda\/ca\/wp-json\/wp\/v2\/comments?post=289693"}],"version-history":[{"count":0,"href":"https:\/\/www.tucomarca.com\/wordpress\/segunda\/ca\/wp-json\/wp\/v2\/posts\/289693\/revisions"}],"wp:featuredmedia":[{"embeddable":true,"href":"https:\/\/www.tucomarca.com\/wordpress\/segunda\/ca\/wp-json\/wp\/v2\/media\/289691"}],"wp:attachment":[{"href":"https:\/\/www.tucomarca.com\/wordpress\/segunda\/ca\/wp-json\/wp\/v2\/media?parent=289693"}],"wp:term":[{"taxonomy":"category","embeddable":true,"href":"https:\/\/www.tucomarca.com\/wordpress\/segunda\/ca\/wp-json\/wp\/v2\/categories?post=289693"},{"taxonomy":"post_tag","embeddable":true,"href":"https:\/\/www.tucomarca.com\/wordpress\/segunda\/ca\/wp-json\/wp\/v2\/tags?post=289693"}],"curies":[{"name":"wp","href":"https:\/\/api.w.org\/{rel}","templated":true}]}}